{"id":1241,"date":"2025-10-22T19:51:15","date_gmt":"2025-10-22T17:51:15","guid":{"rendered":"http:\/\/5.45.101.177\/haut-allier\/usagers-transportse\/index.php\/2025\/10\/22\/nouveau-week-end-a-1-euro-les-1er1241\/"},"modified":"2026-09-01T16:11:17","modified_gmt":"2026-09-01T14:11:17","slug":"nouveau-week-end-a-1-euro-les-1er1241","status":"publish","type":"post","link":"https:\/\/usagers-transports.haut-allier.eu\/index.php\/2025\/10\/22\/nouveau-week-end-a-1-euro-les-1er1241\/","title":{"rendered":"Nouveau week-end \u00e0 1 euro les 1er et 2 novembre prochains sur toutes les lignes Occitanie"},"content":{"rendered":"Nous nous faisons toujours un plaisir d&rsquo;annoncer les prochaines fins de semaines o\u00f9 les transports TER de la r\u00e9gion Occitanie sont fix\u00e9s \u00e0 1 euro, quelque soit la longueur du trajet, et par ligne. Soit par exemple : Clermont-Ferrand vers N\u00eemes 1 euro + N\u00eemes vers Perpignan 1 euro + etc.\n\nPar exemple pour les auvergnats qui veulent s&rsquo;\u00e9chapper un peu de la grisaille de ces derniers jours, r\u00e9servez d\u00e8s maintenant vos tickets, surtout si vous comptez poursuivre sur le littoral m\u00e9diterran\u00e9en. Attention aux trains affich\u00e9s \u00ab\u00a0complets\u00a0\u00bb.\n\nRappelons la carte des trajets LIO, incompl\u00e8te puisque des trains LIO existent en dehors des limites jusqu&rsquo;\u00e0 Clermont, jusqu&rsquo;\u00e0 Avignon, jusqu&rsquo;\u00e0 Agen, Pau, Aurillac. Le Petit Train Jaune est \u00e0 un euro \u00e9galement, il est possible que la neige fasse son apparition en Cerdagne !\n\n<img loading=\"lazy\" decoding=\"async\" class=\" aligncenter size-full wp-image-5630\" src=\"http:\/\/5.45.101.177\/haut-allier\/usagers-transportse\/wp-content\/uploads\/2025\/10\/reseauferroviaireoccitanienov2022-2000.jpg\" alt=\"reseauferroviaireoccitanienov2022-2000.jpg\" align=\"center\" width=\"2000\" height=\"1918\" srcset=\"https:\/\/usagers-transports.haut-allier.eu\/wp-content\/uploads\/2025\/10\/reseauferroviaireoccitanienov2022-2000.jpg 2000w, https:\/\/usagers-transports.haut-allier.eu\/wp-content\/uploads\/2025\/10\/reseauferroviaireoccitanienov2022-2000-300x288.jpg 300w, https:\/\/usagers-transports.haut-allier.eu\/wp-content\/uploads\/2025\/10\/reseauferroviaireoccitanienov2022-2000-1024x982.jpg 1024w, https:\/\/usagers-transports.haut-allier.eu\/wp-content\/uploads\/2025\/10\/reseauferroviaireoccitanienov2022-2000-768x737.jpg 768w, https:\/\/usagers-transports.haut-allier.eu\/wp-content\/uploads\/2025\/10\/reseauferroviaireoccitanienov2022-2000-1536x1473.jpg 1536w\" sizes=\"auto, (max-width: 2000px) 100vw, 2000px\" \/>\n\n<strong>Billets disponibles d\u00e8s aujourd&rsquo;hui ! <\/strong> \n\n\n\n<p>&nbsp;<\/p>\n\n\t<figure class=\"wp-block-gallery columns-1 is-cropped wp-block-gallery-1 is-layout-flex wp-block-gallery-is-layout-flex\">\n\t\t<ul class=\"blocks-gallery-grid\">\n\t\t\t<li class=\"blocks-gallery-item\">\n\t\t\t\t<figure>\n\t\t\t\t\t\t\t\t\t\t\t<img loading=\"lazy\" decoding=\"async\" width=\"640\" height=\"500\" src=\"http:\/\/5.45.101.177\/haut-allier\/usagers-transportse\/wp-content\/uploads\/2025\/10\/640x500px_emailing_1er_we_novembre.jpg\"\n\t\t\t\t\t\t alt=\"640x500px_emailing_1er_we_novembre.jpg\"\n\t\t\t\t\t\t data-id=\"5631\"\n\t\t\t\t\t\t data-full-url=\"http:\/\/5.45.101.177\/haut-allier\/usagers-transportse\/wp-content\/uploads\/2025\/10\/640x500px_emailing_1er_we_novembre.jpg\"\n\t\t\t\t\t\t data-link=\"http:\/\/5.45.101.177\/haut-allier\/usagers-transportse\/attachment-640x500px_emailing_1er_we_novembre-jpg\/\"\n\t\t\t\t\t\t class=\"wp-image-5631\" srcset=\"https:\/\/usagers-transports.haut-allier.eu\/wp-content\/uploads\/2025\/10\/640x500px_emailing_1er_we_novembre.jpg 640w, https:\/\/usagers-transports.haut-allier.eu\/wp-content\/uploads\/2025\/10\/640x500px_emailing_1er_we_novembre-300x234.jpg 300w\" sizes=\"auto, (max-width: 640px) 100vw, 640px\" \/>\n\t\t\t\t<\/figure>\n\t\t\t<\/li>\n\t\t<\/ul>\n\t<\/figure>\n","protected":false},"excerpt":{"rendered":"<p>Nous nous faisons toujours un plaisir d&rsquo;annoncer les prochaines fins de semaines o\u00f9 les transports TER de la<\/p>\n","protected":false},"author":2,"featured_media":5630,"comment_status":"closed","ping_status":"open","sticky":false,"template":"","format":"standard","meta":{"footnotes":""},"categories":[3],"tags":[],"class_list":["post-1241","post","type-post","status-publish","format-standard","has-post-thumbnail","hentry","category-en-train"],"_links":{"self":[{"href":"https:\/\/usagers-transports.haut-allier.eu\/index.php\/wp-json\/wp\/v2\/posts\/1241","targetHints":{"allow":["GET"]}}],"collection":[{"href":"https:\/\/usagers-transports.haut-allier.eu\/index.php\/wp-json\/wp\/v2\/posts"}],"about":[{"href":"https:\/\/usagers-transports.haut-allier.eu\/index.php\/wp-json\/wp\/v2\/types\/post"}],"author":[{"embeddable":true,"href":"https:\/\/usagers-transports.haut-allier.eu\/index.php\/wp-json\/wp\/v2\/users\/2"}],"replies":[{"embeddable":true,"href":"https:\/\/usagers-transports.haut-allier.eu\/index.php\/wp-json\/wp\/v2\/comments?post=1241"}],"version-history":[{"count":1,"href":"https:\/\/usagers-transports.haut-allier.eu\/index.php\/wp-json\/wp\/v2\/posts\/1241\/revisions"}],"predecessor-version":[{"id":5632,"href":"https:\/\/usagers-transports.haut-allier.eu\/index.php\/wp-json\/wp\/v2\/posts\/1241\/revisions\/5632"}],"wp:featuredmedia":[{"embeddable":true,"href":"https:\/\/usagers-transports.haut-allier.eu\/index.php\/wp-json\/wp\/v2\/media\/5630"}],"wp:attachment":[{"href":"https:\/\/usagers-transports.haut-allier.eu\/index.php\/wp-json\/wp\/v2\/media?parent=1241"}],"wp:term":[{"taxonomy":"category","embeddable":true,"href":"https:\/\/usagers-transports.haut-allier.eu\/index.php\/wp-json\/wp\/v2\/categories?post=1241"},{"taxonomy":"post_tag","embeddable":true,"href":"https:\/\/usagers-transports.haut-allier.eu\/index.php\/wp-json\/wp\/v2\/tags?post=1241"}],"curies":[{"name":"wp","href":"https:\/\/api.w.org\/{rel}","templated":true}]}}