{"id":1242,"date":"2025-10-24T11:49:07","date_gmt":"2025-10-24T09:49:07","guid":{"rendered":"http:\/\/5.45.101.177\/haut-allier\/usagers-transportse\/index.php\/2025\/10\/24\/ligne-des-cevennes-et-des-causses1242\/"},"modified":"2026-09-01T16:11:18","modified_gmt":"2026-09-01T14:11:18","slug":"ligne-des-cevennes-et-des-causses1242","status":"publish","type":"post","link":"https:\/\/usagers-transports.haut-allier.eu\/index.php\/2025\/10\/24\/ligne-des-cevennes-et-des-causses1242\/","title":{"rendered":"Ligne des C\u00e9vennes et des Causses : nous renouvellons nos demandes \u00e0 la r\u00e9gion Auvergne Rh\u00f4ne Alpes"},"content":{"rendered":"Nous venons d&rsquo;adresser une lettre \u00e0 Fabrice Pannekoucke, pr\u00e9sident de la r\u00e9gion AuRA, pour demander la r\u00e9\u00e9tude de nos demandes concernant la ligne N\u00eemes Clermont : [rouge]un train le matin[\/rouge] en correspondance avec le premier Mende &#8211; La Bastide, puisqu&rsquo;aucun train n&rsquo;existe actuellement avant 10 &#8211; 11h, et concernant la ligne des Causses (Aubrac) la mise en place de circulations en [rouge]trains TER entre Saint-Ch\u00e9ly d&rsquo;Apcher et Neussargues[\/rouge] voire Clermont Ferrand, puisqu&rsquo;elles sont inexistantes \u00e0 ce jour, alors que la voie vient d&rsquo;\u00eatre enti\u00e8rement renouvell\u00e9e en octobre 2024 et que seul un train Intercit\u00e9s quotidien y circule.\n\nVoici la lettre en <a href=\"https:\/\/usagers-transports.haut-allier.eu\/IMG\/pdf\/lettre-ouverte-pannekoucke-aura-octobre-2025.pdf\"><em>PDF<\/em><\/a>.\n\n<img loading=\"lazy\" decoding=\"async\" class=\" aligncenter size-full wp-image-5633\" src=\"http:\/\/5.45.101.177\/haut-allier\/usagers-transportse\/wp-content\/uploads\/2025\/10\/lettre-ouverte-pannekoucke-aura-octobre-2025.jpg\" alt=\"lettre-ouverte-pannekoucke-aura-octobre-2025.jpg\" align=\"center\" width=\"1413\" height=\"1999\" srcset=\"https:\/\/usagers-transports.haut-allier.eu\/wp-content\/uploads\/2025\/10\/lettre-ouverte-pannekoucke-aura-octobre-2025.jpg 1413w, https:\/\/usagers-transports.haut-allier.eu\/wp-content\/uploads\/2025\/10\/lettre-ouverte-pannekoucke-aura-octobre-2025-212x300.jpg 212w, https:\/\/usagers-transports.haut-allier.eu\/wp-content\/uploads\/2025\/10\/lettre-ouverte-pannekoucke-aura-octobre-2025-724x1024.jpg 724w, https:\/\/usagers-transports.haut-allier.eu\/wp-content\/uploads\/2025\/10\/lettre-ouverte-pannekoucke-aura-octobre-2025-768x1087.jpg 768w, https:\/\/usagers-transports.haut-allier.eu\/wp-content\/uploads\/2025\/10\/lettre-ouverte-pannekoucke-aura-octobre-2025-1086x1536.jpg 1086w\" sizes=\"auto, (max-width: 1413px) 100vw, 1413px\" \/><p>&nbsp;<\/p>\n\n\t<figure class=\"wp-block-gallery columns-1 is-cropped wp-block-gallery-1 is-layout-flex wp-block-gallery-is-layout-flex\">\n\t\t<ul class=\"blocks-gallery-grid\">\n\t\t\t<li class=\"blocks-gallery-item\">\n\t\t\t\t<figure>\n\t\t\t\t\t\t\t\t\t\t\t<img loading=\"lazy\" decoding=\"async\" width=\"1000\" height=\"563\" src=\"http:\/\/5.45.101.177\/haut-allier\/usagers-transportse\/wp-content\/uploads\/2025\/10\/nrndalrara.jpg\"\n\t\t\t\t\t\t alt=\"nrndalrara.jpg\"\n\t\t\t\t\t\t data-id=\"5635\"\n\t\t\t\t\t\t data-full-url=\"http:\/\/5.45.101.177\/haut-allier\/usagers-transportse\/wp-content\/uploads\/2025\/10\/nrndalrara.jpg\"\n\t\t\t\t\t\t data-link=\"http:\/\/5.45.101.177\/haut-allier\/usagers-transportse\/attachment-nrndalrara-jpg\/\"\n\t\t\t\t\t\t class=\"wp-image-5635\" srcset=\"https:\/\/usagers-transports.haut-allier.eu\/wp-content\/uploads\/2025\/10\/nrndalrara.jpg 1000w, https:\/\/usagers-transports.haut-allier.eu\/wp-content\/uploads\/2025\/10\/nrndalrara-300x169.jpg 300w, https:\/\/usagers-transports.haut-allier.eu\/wp-content\/uploads\/2025\/10\/nrndalrara-768x432.jpg 768w\" sizes=\"auto, (max-width: 1000px) 100vw, 1000px\" \/>\n\t\t\t\t<\/figure>\n\t\t\t<\/li>\n\t\t<\/ul>\n\t<\/figure>\n\n<h2 class=\"wp-block-heading\">Documents joints<\/h2>\n\n\n\n<div class=\"wp-block-file\"><a href=\"http:\/\/5.45.101.177\/haut-allier\/usagers-transportse\/wp-content\/uploads\/2025\/10\/lettre-ouverte-pannekoucke-aura-octobre-2025.pdf\">lettre-ouverte-pannekoucke-aura-octobre-2025.pdf<\/a><\/div>\n\n\n","protected":false},"excerpt":{"rendered":"<p>Nous venons d&rsquo;adresser une lettre \u00e0 Fabrice Pannekoucke, pr\u00e9sident de la r\u00e9gion AuRA, pour demander la r\u00e9\u00e9tude de<\/p>\n","protected":false},"author":2,"featured_media":5633,"comment_status":"open","ping_status":"open","sticky":false,"template":"","format":"standard","meta":{"footnotes":""},"categories":[3],"tags":[],"class_list":["post-1242","post","type-post","status-publish","format-standard","has-post-thumbnail","hentry","category-en-train"],"_links":{"self":[{"href":"https:\/\/usagers-transports.haut-allier.eu\/index.php\/wp-json\/wp\/v2\/posts\/1242","targetHints":{"allow":["GET"]}}],"collection":[{"href":"https:\/\/usagers-transports.haut-allier.eu\/index.php\/wp-json\/wp\/v2\/posts"}],"about":[{"href":"https:\/\/usagers-transports.haut-allier.eu\/index.php\/wp-json\/wp\/v2\/types\/post"}],"author":[{"embeddable":true,"href":"https:\/\/usagers-transports.haut-allier.eu\/index.php\/wp-json\/wp\/v2\/users\/2"}],"replies":[{"embeddable":true,"href":"https:\/\/usagers-transports.haut-allier.eu\/index.php\/wp-json\/wp\/v2\/comments?post=1242"}],"version-history":[{"count":2,"href":"https:\/\/usagers-transports.haut-allier.eu\/index.php\/wp-json\/wp\/v2\/posts\/1242\/revisions"}],"predecessor-version":[{"id":5637,"href":"https:\/\/usagers-transports.haut-allier.eu\/index.php\/wp-json\/wp\/v2\/posts\/1242\/revisions\/5637"}],"wp:featuredmedia":[{"embeddable":true,"href":"https:\/\/usagers-transports.haut-allier.eu\/index.php\/wp-json\/wp\/v2\/media\/5633"}],"wp:attachment":[{"href":"https:\/\/usagers-transports.haut-allier.eu\/index.php\/wp-json\/wp\/v2\/media?parent=1242"}],"wp:term":[{"taxonomy":"category","embeddable":true,"href":"https:\/\/usagers-transports.haut-allier.eu\/index.php\/wp-json\/wp\/v2\/categories?post=1242"},{"taxonomy":"post_tag","embeddable":true,"href":"https:\/\/usagers-transports.haut-allier.eu\/index.php\/wp-json\/wp\/v2\/tags?post=1242"}],"curies":[{"name":"wp","href":"https:\/\/api.w.org\/{rel}","templated":true}]}}