{"id":1243,"date":"2025-10-26T21:50:07","date_gmt":"2025-10-26T20:50:07","guid":{"rendered":"http:\/\/5.45.101.177\/haut-allier\/usagers-transportse\/index.php\/2025\/10\/26\/ou-s-implanter-en-europe-selon-les1243\/"},"modified":"2026-09-01T16:11:34","modified_gmt":"2026-09-01T14:11:34","slug":"ou-s-implanter-en-europe-selon-les1243","status":"publish","type":"post","link":"https:\/\/usagers-transports.haut-allier.eu\/index.php\/2025\/10\/26\/ou-s-implanter-en-europe-selon-les1243\/","title":{"rendered":"O\u00f9 s&rsquo;implanter en Europe selon sa zone g\u00e9ographique et son espace de vie pr\u00e9f\u00e9r\u00e9 en privil\u00e9giant le train ?"},"content":{"rendered":"A chacun(ne) correspond un espace g\u00e9ographique dans lequel il ou elle \u00e9volue ou voudrait \u00e9voluer. Il arrive que ce soit une zone contigu\u00eb notamment si l&rsquo;on se sent \u00ab\u00a0appartenir\u00a0\u00bb \u00e0 une ensemble de pays et r\u00e9gions, culturellement parlant ou simplement par int\u00e9r\u00eat \u00e9conomique, linguistique ou autre.\n\nQuel serait l&rsquo;implantation la plus favorable \u00e0 des d\u00e9placements fr\u00e9quents en train ? Autrement dit quelle serait la ville ou la r\u00e9gion o\u00f9 s&rsquo;installer en Europe selon ses crit\u00e8res de mobilit\u00e9, en choisissant d&rsquo;abord le train ? \n\nPour avoir une impression rapide, nous avons produit quelques plans montrant ses zones de mobilit\u00e9s \u00e0 partir d&rsquo;une s\u00e9lection de villes en France mais aussi depuis quelques capitales europ\u00e9ennes. Chaque carte montre les trajets possibles de 1h \u00e0 12h de temps autour des points choisis, ce qui forme une zone d&rsquo;\u00e9volution possible dans cet intervalle de temps. Les dur\u00e9es du trajet pr\u00e9sent\u00e9es prennent en compte non seulement le temps pass\u00e9 \u00e0 bord mais aussi les correspondances. \n\nCes int\u00e9ressantes cartes sont appel\u00e9es isochrones. Le voyage peut s&rsquo;effectuer en une journ\u00e9e, ou une nuit. \n\nChacun y retrouvera sa zone de d\u00e9placements en Europe id\u00e9ale.\n\nLes cartes ici affich\u00e9es sont centr\u00e9es autour de :\n\n<img loading=\"lazy\" decoding=\"async\" class=\" aligncenter size-full wp-image-5638\" src=\"http:\/\/5.45.101.177\/haut-allier\/usagers-transportse\/wp-content\/uploads\/2025\/10\/carteleurope.jpg\" alt=\"carteleurope.jpg\" align=\"center\" width=\"1053\" height=\"799\" srcset=\"https:\/\/usagers-transports.haut-allier.eu\/wp-content\/uploads\/2025\/10\/carteleurope.jpg 1053w, https:\/\/usagers-transports.haut-allier.eu\/wp-content\/uploads\/2025\/10\/carteleurope-300x228.jpg 300w, https:\/\/usagers-transports.haut-allier.eu\/wp-content\/uploads\/2025\/10\/carteleurope-1024x777.jpg 1024w, https:\/\/usagers-transports.haut-allier.eu\/wp-content\/uploads\/2025\/10\/carteleurope-768x583.jpg 768w\" sizes=\"auto, (max-width: 1053px) 100vw, 1053px\" \/>\n\nMarseille\n<img loading=\"lazy\" decoding=\"async\" class=\" aligncenter size-full wp-image-5639\" src=\"http:\/\/5.45.101.177\/haut-allier\/usagers-transportse\/wp-content\/uploads\/2025\/10\/chronomarseille.gif\" alt=\"chronomarseille.gif\" align=\"center\" width=\"1890\" height=\"896\" \/>\n\nN\u00eemes\n<img loading=\"lazy\" decoding=\"async\" class=\" aligncenter size-full wp-image-5640\" src=\"http:\/\/5.45.101.177\/haut-allier\/usagers-transportse\/wp-content\/uploads\/2025\/10\/chrononimes.gif\" alt=\"chrononimes.gif\" align=\"center\" width=\"1890\" height=\"896\" \/>\n\nToulouse\n<img loading=\"lazy\" decoding=\"async\" class=\" aligncenter size-full wp-image-5641\" src=\"http:\/\/5.45.101.177\/haut-allier\/usagers-transportse\/wp-content\/uploads\/2025\/10\/chronotoulouse.gif\" alt=\"chronotoulouse.gif\" align=\"center\" width=\"1890\" height=\"896\" \/>\n\nNice\n<img loading=\"lazy\" decoding=\"async\" class=\" aligncenter size-full wp-image-5642\" src=\"http:\/\/5.45.101.177\/haut-allier\/usagers-transportse\/wp-content\/uploads\/2025\/10\/chrononice.gif\" alt=\"chrononice.gif\" align=\"center\" width=\"1890\" height=\"896\" \/>\n\nLyon\n<img loading=\"lazy\" decoding=\"async\" class=\" aligncenter size-full wp-image-5643\" src=\"http:\/\/5.45.101.177\/haut-allier\/usagers-transportse\/wp-content\/uploads\/2025\/10\/chronolyon.gif\" alt=\"chronolyon.gif\" align=\"center\" width=\"1890\" height=\"896\" \/>\n\nRennes\n<img loading=\"lazy\" decoding=\"async\" class=\" aligncenter size-full wp-image-5644\" src=\"http:\/\/5.45.101.177\/haut-allier\/usagers-transportse\/wp-content\/uploads\/2025\/10\/chronorennes.gif\" alt=\"chronorennes.gif\" align=\"center\" width=\"1890\" height=\"896\" \/>\n\nClermont-Ferrand\n<img loading=\"lazy\" decoding=\"async\" class=\" aligncenter size-full wp-image-5645\" src=\"http:\/\/5.45.101.177\/haut-allier\/usagers-transportse\/wp-content\/uploads\/2025\/10\/chronoclermont.gif\" alt=\"chronoclermont.gif\" align=\"center\" width=\"1890\" height=\"896\" \/>\n\nStrasbourg\n<img loading=\"lazy\" decoding=\"async\" class=\" aligncenter size-full wp-image-5646\" src=\"http:\/\/5.45.101.177\/haut-allier\/usagers-transportse\/wp-content\/uploads\/2025\/10\/chronostrasbourg.gif\" alt=\"chronostrasbourg.gif\" align=\"center\" width=\"1890\" height=\"896\" \/>\n\nLille\n<img loading=\"lazy\" decoding=\"async\" class=\" aligncenter size-full wp-image-5647\" src=\"http:\/\/5.45.101.177\/haut-allier\/usagers-transportse\/wp-content\/uploads\/2025\/10\/chronolille.gif\" alt=\"chronolille.gif\" align=\"center\" width=\"1890\" height=\"896\" \/>\n\nBruxelles\n<img loading=\"lazy\" decoding=\"async\" class=\" aligncenter size-full wp-image-5648\" src=\"http:\/\/5.45.101.177\/haut-allier\/usagers-transportse\/wp-content\/uploads\/2025\/10\/chronobruxelles.gif\" alt=\"chronobruxelles.gif\" align=\"center\" width=\"1890\" height=\"896\" \/>\n\nMilan\n<img loading=\"lazy\" decoding=\"async\" class=\" aligncenter size-full wp-image-5649\" src=\"http:\/\/5.45.101.177\/haut-allier\/usagers-transportse\/wp-content\/uploads\/2025\/10\/chronomilan.gif\" alt=\"chronomilan.gif\" align=\"center\" width=\"1890\" height=\"896\" \/>\n\nBologne\n<img loading=\"lazy\" decoding=\"async\" class=\" aligncenter size-full wp-image-5650\" src=\"http:\/\/5.45.101.177\/haut-allier\/usagers-transportse\/wp-content\/uploads\/2025\/10\/chronobologne.gif\" alt=\"chronobologne.gif\" align=\"center\" width=\"1890\" height=\"896\" \/>\n\nGen\u00e8ve\n<img loading=\"lazy\" decoding=\"async\" class=\" aligncenter size-full wp-image-5651\" src=\"http:\/\/5.45.101.177\/haut-allier\/usagers-transportse\/wp-content\/uploads\/2025\/10\/chronogeneve.gif\" alt=\"chronogeneve.gif\" align=\"center\" width=\"1890\" height=\"896\" \/>\n\nZurich\n<img loading=\"lazy\" decoding=\"async\" class=\" aligncenter size-full wp-image-5652\" src=\"http:\/\/5.45.101.177\/haut-allier\/usagers-transportse\/wp-content\/uploads\/2025\/10\/chronozurich.gif\" alt=\"chronozurich.gif\" align=\"center\" width=\"1890\" height=\"896\" \/>\n\nMunich\n<img loading=\"lazy\" decoding=\"async\" class=\" aligncenter size-full wp-image-5653\" src=\"http:\/\/5.45.101.177\/haut-allier\/usagers-transportse\/wp-content\/uploads\/2025\/10\/chronomunich.gif\" alt=\"chronomunich.gif\" align=\"center\" width=\"1890\" height=\"896\" \/>\n\nVienne\n<img loading=\"lazy\" decoding=\"async\" class=\" aligncenter size-full wp-image-5654\" src=\"http:\/\/5.45.101.177\/haut-allier\/usagers-transportse\/wp-content\/uploads\/2025\/10\/chronovienne.gif\" alt=\"chronovienne.gif\" align=\"center\" width=\"1890\" height=\"896\" \/>\n\nMadrid\n<img loading=\"lazy\" decoding=\"async\" class=\" aligncenter size-full wp-image-5655\" src=\"http:\/\/5.45.101.177\/haut-allier\/usagers-transportse\/wp-content\/uploads\/2025\/10\/chronomadrid.gif\" alt=\"chronomadrid.gif\" align=\"center\" width=\"1890\" height=\"896\" \/>\n\nS\u00e9ville\n<img loading=\"lazy\" decoding=\"async\" class=\" aligncenter size-full wp-image-5656\" src=\"http:\/\/5.45.101.177\/haut-allier\/usagers-transportse\/wp-content\/uploads\/2025\/10\/chronoseville.gif\" alt=\"chronoseville.gif\" align=\"center\" width=\"1890\" height=\"896\" \/>\n\nBudapest\n<img loading=\"lazy\" decoding=\"async\" class=\" aligncenter size-full wp-image-5657\" src=\"http:\/\/5.45.101.177\/haut-allier\/usagers-transportse\/wp-content\/uploads\/2025\/10\/chronobudapest.gif\" alt=\"chronobudapest.gif\" align=\"center\" width=\"1890\" height=\"896\" \/>\n\nParis\n<img loading=\"lazy\" decoding=\"async\" class=\" aligncenter size-full wp-image-5658\" src=\"http:\/\/5.45.101.177\/haut-allier\/usagers-transportse\/wp-content\/uploads\/2025\/10\/chronoparis.gif\" alt=\"chronoparis.gif\" align=\"center\" width=\"1890\" height=\"896\" \/>\n\nBucarest\n<img loading=\"lazy\" decoding=\"async\" class=\" aligncenter size-full wp-image-5659\" src=\"http:\/\/5.45.101.177\/haut-allier\/usagers-transportse\/wp-content\/uploads\/2025\/10\/chronobucarest.gif\" alt=\"chronobucarest.gif\" align=\"center\" width=\"1890\" height=\"896\" \/>\n\nNous avons \u00e9limin\u00e9 les villes trop excentr\u00e9es comme Londres ou Lisbonne.\n\n[fond noir][blanc]<strong> Conclusions peut-\u00eatre un peu h\u00e2tives&#8230; <\/strong>[\/blanc][\/fond noir]\n\nIl semble que <strong>Lyon<\/strong> poss\u00e8de une position de plaque tournante presque id\u00e9ale pour se rendre assez loin vers le nord est (Berlin), vers le sud ouest (le sud de la p\u00e9ninsule ib\u00e9rique), vers l&rsquo;Italie profonde, mais aussi vers le nord ouest de l&rsquo;Europe avec la Belgique et l&rsquo;Angleterre. Mais \u00e0 vous d&rsquo;ajuster vos choix en fonction des zones qui vous int\u00e9ressent.\n\nOn per\u00e7oit l&rsquo;isolement de l&rsquo;Espagne, de Madrid, mais aussi \u00e0 l&rsquo;est, de la Hongrie et de la Roumanie. \n\nApparemment certaines zones comme la Turquie ou les pays du nord de l&rsquo;Afrique ne sont pas prises en compte par le site que nous avons utilis\u00e9 : <a href=\"https:\/\/www.chronotrains.com\"><em>Chronotrains<\/em><\/a> . Leur syst\u00e8me en ligne utilise les donn\u00e9es de la <a href=\"https:\/\/www.bahn.de\/\"><em>Deutsche Bahn<\/em><\/a>, une r\u00e9f\u00e9rence dans le ferroviaire comme chacun le sait, ainsi que celles de <a href=\"https:\/\/back-on-track.eu\/fr\/\"><em>Back on Track<\/em><\/a> en ce qui concerne les trains de nuit.\n\n\n\n       <p>&nbsp;<\/p>\n\n\t<figure class=\"wp-block-gallery columns-1 is-cropped wp-block-gallery-1 is-layout-flex wp-block-gallery-is-layout-flex\">\n\t\t<ul class=\"blocks-gallery-grid\">\n\t\t\t<li class=\"blocks-gallery-item\">\n\t\t\t\t<figure>\n\t\t\t\t\t\t\t\t\t\t\t<img loading=\"lazy\" decoding=\"async\" width=\"1053\" height=\"799\" src=\"http:\/\/5.45.101.177\/haut-allier\/usagers-transportse\/wp-content\/uploads\/2025\/10\/cartelogo.jpg\"\n\t\t\t\t\t\t alt=\"cartelogo.jpg\"\n\t\t\t\t\t\t data-id=\"5660\"\n\t\t\t\t\t\t data-full-url=\"http:\/\/5.45.101.177\/haut-allier\/usagers-transportse\/wp-content\/uploads\/2025\/10\/cartelogo.jpg\"\n\t\t\t\t\t\t data-link=\"http:\/\/5.45.101.177\/haut-allier\/usagers-transportse\/attachment-cartelogo-jpg\/\"\n\t\t\t\t\t\t class=\"wp-image-5660\" srcset=\"https:\/\/usagers-transports.haut-allier.eu\/wp-content\/uploads\/2025\/10\/cartelogo.jpg 1053w, https:\/\/usagers-transports.haut-allier.eu\/wp-content\/uploads\/2025\/10\/cartelogo-300x228.jpg 300w, https:\/\/usagers-transports.haut-allier.eu\/wp-content\/uploads\/2025\/10\/cartelogo-1024x777.jpg 1024w, https:\/\/usagers-transports.haut-allier.eu\/wp-content\/uploads\/2025\/10\/cartelogo-768x583.jpg 768w\" sizes=\"auto, (max-width: 1053px) 100vw, 1053px\" \/>\n\t\t\t\t<\/figure>\n\t\t\t<\/li>\n\t\t<\/ul>\n\t<\/figure>\n","protected":false},"excerpt":{"rendered":"<p>A chacun(ne) correspond un espace g\u00e9ographique dans lequel il ou elle \u00e9volue ou voudrait \u00e9voluer. Il arrive que<\/p>\n","protected":false},"author":2,"featured_media":5638,"comment_status":"closed","ping_status":"open","sticky":false,"template":"","format":"standard","meta":{"footnotes":""},"categories":[3],"tags":[],"class_list":["post-1243","post","type-post","status-publish","format-standard","has-post-thumbnail","hentry","category-en-train"],"_links":{"self":[{"href":"https:\/\/usagers-transports.haut-allier.eu\/index.php\/wp-json\/wp\/v2\/posts\/1243","targetHints":{"allow":["GET"]}}],"collection":[{"href":"https:\/\/usagers-transports.haut-allier.eu\/index.php\/wp-json\/wp\/v2\/posts"}],"about":[{"href":"https:\/\/usagers-transports.haut-allier.eu\/index.php\/wp-json\/wp\/v2\/types\/post"}],"author":[{"embeddable":true,"href":"https:\/\/usagers-transports.haut-allier.eu\/index.php\/wp-json\/wp\/v2\/users\/2"}],"replies":[{"embeddable":true,"href":"https:\/\/usagers-transports.haut-allier.eu\/index.php\/wp-json\/wp\/v2\/comments?post=1243"}],"version-history":[{"count":1,"href":"https:\/\/usagers-transports.haut-allier.eu\/index.php\/wp-json\/wp\/v2\/posts\/1243\/revisions"}],"predecessor-version":[{"id":5661,"href":"https:\/\/usagers-transports.haut-allier.eu\/index.php\/wp-json\/wp\/v2\/posts\/1243\/revisions\/5661"}],"wp:featuredmedia":[{"embeddable":true,"href":"https:\/\/usagers-transports.haut-allier.eu\/index.php\/wp-json\/wp\/v2\/media\/5638"}],"wp:attachment":[{"href":"https:\/\/usagers-transports.haut-allier.eu\/index.php\/wp-json\/wp\/v2\/media?parent=1243"}],"wp:term":[{"taxonomy":"category","embeddable":true,"href":"https:\/\/usagers-transports.haut-allier.eu\/index.php\/wp-json\/wp\/v2\/categories?post=1243"},{"taxonomy":"post_tag","embeddable":true,"href":"https:\/\/usagers-transports.haut-allier.eu\/index.php\/wp-json\/wp\/v2\/tags?post=1243"}],"curies":[{"name":"wp","href":"https:\/\/api.w.org\/{rel}","templated":true}]}}