{"id":1244,"date":"2025-11-09T23:32:51","date_gmt":"2025-11-09T22:32:51","guid":{"rendered":"http:\/\/5.45.101.177\/haut-allier\/usagers-transportse\/index.php\/2025\/11\/09\/retrouvons-la-ligne-clermont1244\/"},"modified":"2026-09-01T16:11:35","modified_gmt":"2026-09-01T14:11:35","slug":"retrouvons-la-ligne-clermont1244","status":"publish","type":"post","link":"https:\/\/usagers-transports.haut-allier.eu\/index.php\/2025\/11\/09\/retrouvons-la-ligne-clermont1244\/","title":{"rendered":"Retrouvons la ligne Clermont Ferrand &#8211; St Etienne via Thiers : retour sur une journ\u00e9e festive et efficace"},"content":{"rendered":"Samedi dernier, 9 novembre 2025, se tenait une grande op\u00e9ration de d\u00e9broussaillage de la ligne \u00ab\u00a0suspendue\u00a0\u00bb par SNCF R\u00e9seau entre Thiers (Puy de D\u00f4me) et Bo\u00ebn (Loire) et particuli\u00e8rement sur les 15 passages \u00e0 niveau du tron\u00e7on en question, dont la plupart ont \u00e9t\u00e9 bitum\u00e9 et les rails sectionn\u00e9s par le m\u00eame op\u00e9rateur monopolistique, en contradiction avec la loi puisque la ligne n&rsquo;est pas officiellement close.\n\nLa journ\u00e9e festive organis\u00e9e par l&rsquo;association Letrain634269 et Extinction Rebellion Loire a vu une bonne centaine de citoyens participer. Une premi\u00e8re.\n\nVoici une vid\u00e9o pr\u00e9sentant quelques uns des passages \u00e0 niveau th\u00e9\u00e2tres de nos \u00e9claircissements v\u00e9g\u00e9taux.\n\n<center>\n<iframe src=\"https:\/\/www.youtube.com\/embed\/G9imrg2T3pA?si=98PokZuSEcmP9Kcx\" style=\"width: 100%; height: 100vh;\" title=\"YouTube video player\" frameborder=\"0\" allow=\"accelerometer; autoplay; clipboard-write; encrypted-media; gyroscope; picture-in-picture; web-share\" referrerpolicy=\"strict-origin-when-cross-origin\" allowfullscreen><\/iframe>\n<\/center>\n&nbsp;\n&nbsp;\nSucc\u00e8s pour la mobilisation, par son ampleur et la forte pr\u00e9sence de la presse r\u00e9gionale qui va relayer.\n\nGrand merci aux organisateurs. Une journ\u00e9e m\u00e9morable.\n<p>&nbsp;<\/p>\n\n\t<figure class=\"wp-block-gallery columns-1 is-cropped wp-block-gallery-1 is-layout-flex wp-block-gallery-is-layout-flex\">\n\t\t<ul class=\"blocks-gallery-grid\">\n\t\t\t<li class=\"blocks-gallery-item\">\n\t\t\t\t<figure>\n\t\t\t\t\t\t\t\t\t\t\t<img loading=\"lazy\" decoding=\"async\" width=\"1926\" height=\"1258\" src=\"http:\/\/5.45.101.177\/haut-allier\/usagers-transportse\/wp-content\/uploads\/2025\/11\/img_20251108_122937-logo.jpg\"\n\t\t\t\t\t\t alt=\"img_20251108_122937-logo.jpg\"\n\t\t\t\t\t\t data-id=\"5662\"\n\t\t\t\t\t\t data-full-url=\"http:\/\/5.45.101.177\/haut-allier\/usagers-transportse\/wp-content\/uploads\/2025\/11\/img_20251108_122937-logo.jpg\"\n\t\t\t\t\t\t data-link=\"http:\/\/5.45.101.177\/haut-allier\/usagers-transportse\/attachment-img_20251108_122937-logo-jpg\/\"\n\t\t\t\t\t\t class=\"wp-image-5662\" srcset=\"https:\/\/usagers-transports.haut-allier.eu\/wp-content\/uploads\/2025\/11\/img_20251108_122937-logo.jpg 1926w, https:\/\/usagers-transports.haut-allier.eu\/wp-content\/uploads\/2025\/11\/img_20251108_122937-logo-300x196.jpg 300w, https:\/\/usagers-transports.haut-allier.eu\/wp-content\/uploads\/2025\/11\/img_20251108_122937-logo-1024x669.jpg 1024w, https:\/\/usagers-transports.haut-allier.eu\/wp-content\/uploads\/2025\/11\/img_20251108_122937-logo-768x502.jpg 768w, https:\/\/usagers-transports.haut-allier.eu\/wp-content\/uploads\/2025\/11\/img_20251108_122937-logo-1536x1003.jpg 1536w\" sizes=\"auto, (max-width: 1926px) 100vw, 1926px\" \/>\n\t\t\t\t<\/figure>\n\t\t\t<\/li>\n\t\t<\/ul>\n\t<\/figure>\n","protected":false},"excerpt":{"rendered":"<p>Samedi dernier, 9 novembre 2025, se tenait une grande op\u00e9ration de d\u00e9broussaillage de la ligne \u00ab\u00a0suspendue\u00a0\u00bb par SNCF<\/p>\n","protected":false},"author":2,"featured_media":5662,"comment_status":"open","ping_status":"open","sticky":false,"template":"","format":"standard","meta":{"footnotes":""},"categories":[5],"tags":[],"class_list":["post-1244","post","type-post","status-publish","format-standard","has-post-thumbnail","hentry","category-ensemble"],"_links":{"self":[{"href":"https:\/\/usagers-transports.haut-allier.eu\/index.php\/wp-json\/wp\/v2\/posts\/1244","targetHints":{"allow":["GET"]}}],"collection":[{"href":"https:\/\/usagers-transports.haut-allier.eu\/index.php\/wp-json\/wp\/v2\/posts"}],"about":[{"href":"https:\/\/usagers-transports.haut-allier.eu\/index.php\/wp-json\/wp\/v2\/types\/post"}],"author":[{"embeddable":true,"href":"https:\/\/usagers-transports.haut-allier.eu\/index.php\/wp-json\/wp\/v2\/users\/2"}],"replies":[{"embeddable":true,"href":"https:\/\/usagers-transports.haut-allier.eu\/index.php\/wp-json\/wp\/v2\/comments?post=1244"}],"version-history":[{"count":1,"href":"https:\/\/usagers-transports.haut-allier.eu\/index.php\/wp-json\/wp\/v2\/posts\/1244\/revisions"}],"predecessor-version":[{"id":5663,"href":"https:\/\/usagers-transports.haut-allier.eu\/index.php\/wp-json\/wp\/v2\/posts\/1244\/revisions\/5663"}],"wp:featuredmedia":[{"embeddable":true,"href":"https:\/\/usagers-transports.haut-allier.eu\/index.php\/wp-json\/wp\/v2\/media\/5662"}],"wp:attachment":[{"href":"https:\/\/usagers-transports.haut-allier.eu\/index.php\/wp-json\/wp\/v2\/media?parent=1244"}],"wp:term":[{"taxonomy":"category","embeddable":true,"href":"https:\/\/usagers-transports.haut-allier.eu\/index.php\/wp-json\/wp\/v2\/categories?post=1244"},{"taxonomy":"post_tag","embeddable":true,"href":"https:\/\/usagers-transports.haut-allier.eu\/index.php\/wp-json\/wp\/v2\/tags?post=1244"}],"curies":[{"name":"wp","href":"https:\/\/api.w.org\/{rel}","templated":true}]}}