{"id":1245,"date":"2025-11-24T17:56:18","date_gmt":"2025-11-24T16:56:18","guid":{"rendered":"http:\/\/5.45.101.177\/haut-allier\/usagers-transportse\/index.php\/2025\/11\/24\/mobilisation-generale-il-faut1245\/"},"modified":"2026-09-01T16:11:36","modified_gmt":"2026-09-01T14:11:36","slug":"mobilisation-generale-il-faut1245","status":"publish","type":"post","link":"https:\/\/usagers-transports.haut-allier.eu\/index.php\/2025\/11\/24\/mobilisation-generale-il-faut1245\/","title":{"rendered":"Mobilisation g\u00e9n\u00e9rale ! Ecrire tout le bien que l&rsquo;on pense du CPER mobilit\u00e9s avant dimanche 30 novembre"},"content":{"rendered":"Quel avenir pour le ferroviaire en R\u00e9gion AuRA ?\n\nLa Pr\u00e9fecture de r\u00e9gion et la R\u00e9gion AuRA lancent une consultation du public relative \u00e0 l\u2019avenant mobilit\u00e9s au CPER 2021-2027. Elle s\u2019effectue par voie \u00e9lectronique jusqu\u2019au dimanche 30 novembre 2025 inclus.\n\nLe lien :\n<a href=\"https:\/\/www.prefectures-regions.gouv.fr\/auvergne-rhone-alpes\/Actualites\/Consultation-du-public-relative-a-l-avenant-mobilites-2023-2027-au-CPER-2021-2027\">https:\/\/www.prefectures-regions.gouv.fr\/auvergne-rhone-alpes\/Actualites\/Consultation-du-public-relative-a-l-avenant-mobilites-2023-2027-au-CPER-2021-2027<\/a>\n\nL\u2019analyse de cet avenant montre bien que les d\u00e9cideurs de notre r\u00e9gion n\u2019ont pas encore compris l\u2019urgence de la d\u00e9carbonation des transports pour tenter d\u2019enrayer le r\u00e9chauffement climatique dont les ph\u00e9nom\u00e8nes m\u00e9t\u00e9orologiques meurtriers ayant eu lieu en 2025 sont les premiers sympt\u00f4mes.\n\n<strong>En effet, quand la R\u00e9gion ne consacre que 146 M\u20ac au ferroviaire, elle en consacre 298 M\u20ac \u00e0 la route !<\/strong>\n\nAu vu de l\u2019\u00e9tat de d\u00e9labrement du r\u00e9seau ferroviaire dans notre r\u00e9gion avec de nombreuses lignes vitales ferm\u00e9es comme, entre autres, la rive droite du Rh\u00f4ne, St Etienne \u2013 Clermont Ferrand, Clermont Ferrand \u2013 Le Mont Dore, St Gingolph \u2013 Evian, nous sommes contre ce projet d\u2019avenant et nous demandons \u00e0 la R\u00e9gion de revoir ses priorit\u00e9s en renon\u00e7ant \u00e0 sa prise de comp\u00e9tence sur les routes et en transf\u00e9rant les sommes correspondantes vers l\u2019am\u00e9lioration des dessertes ferroviaires.\n\nNous demandons \u00e0 l\u2019\u00c9tat et \u00e0 la R\u00e9gion AuRA de suivre les recommandations qu\u2019eux m\u00eames donnent dans ce CPER en relevant que l\u2019absence de train dans un territoire est p\u00e9nalisante pour ses habitants, notamment \u00e9tudiants et retrait\u00e9s, pour son attractivit\u00e9, car elle dissuade les entreprises de s\u2019y installer, faute de pouvoir recruter du personnel et pour le tourisme.\n\nAvec ces transferts route \u2013 ferroviaire, notre r\u00e9gion pourrait devenir l\u2019exemple \u00e0 suivre dans l\u2019innovation ferroviaire, non seulement de par ses projets hydrog\u00e8ne, mais par la mise en service de trains l\u00e9gers innovants, parfaitement adapt\u00e9s \u00e0 la circulation sur ces lignes, \u00e0 moindre co\u00fbt pour la collectivit\u00e9 et \u00e0 b\u00e9n\u00e9fice maximum pour les territoires.\n\nL\u2019\u00c9tat et la R\u00e9gion vous donnent la parole, alors exprimez vous !!!\n\nLe communiqu\u00e9 de presse du collectif AuRAil :\n<img loading=\"lazy\" decoding=\"async\" class=\" aligncenter size-full wp-image-5664\" src=\"http:\/\/5.45.101.177\/haut-allier\/usagers-transportse\/wp-content\/uploads\/2025\/11\/cp-aurail-24novembre-2025-v1.jpg\" alt=\"cp-aurail-24novembre-2025-v1.jpg\" align=\"center\" width=\"1413\" height=\"1999\" srcset=\"https:\/\/usagers-transports.haut-allier.eu\/wp-content\/uploads\/2025\/11\/cp-aurail-24novembre-2025-v1.jpg 1413w, https:\/\/usagers-transports.haut-allier.eu\/wp-content\/uploads\/2025\/11\/cp-aurail-24novembre-2025-v1-212x300.jpg 212w, https:\/\/usagers-transports.haut-allier.eu\/wp-content\/uploads\/2025\/11\/cp-aurail-24novembre-2025-v1-724x1024.jpg 724w, https:\/\/usagers-transports.haut-allier.eu\/wp-content\/uploads\/2025\/11\/cp-aurail-24novembre-2025-v1-768x1087.jpg 768w, https:\/\/usagers-transports.haut-allier.eu\/wp-content\/uploads\/2025\/11\/cp-aurail-24novembre-2025-v1-1086x1536.jpg 1086w\" sizes=\"auto, (max-width: 1413px) 100vw, 1413px\" \/>\n\nEt le <a href=\"https:\/\/aurail.eu\/wp-content\/uploads\/2025\/11\/CP-aurail-24novembre-2025-v1.pdf\"><em>PDF<\/em><\/a>.\n\n<p>&nbsp;<\/p>\n\n\t<figure class=\"wp-block-gallery columns-1 is-cropped wp-block-gallery-1 is-layout-flex wp-block-gallery-is-layout-flex\">\n\t\t<ul class=\"blocks-gallery-grid\">\n\t\t\t<li class=\"blocks-gallery-item\">\n\t\t\t\t<figure>\n\t\t\t\t\t\t\t\t\t\t\t<img loading=\"lazy\" decoding=\"async\" width=\"707\" height=\"403\" src=\"http:\/\/5.45.101.177\/haut-allier\/usagers-transportse\/wp-content\/uploads\/2025\/11\/cpan2025logo.jpg\"\n\t\t\t\t\t\t alt=\"cpan2025logo.jpg\"\n\t\t\t\t\t\t data-id=\"5666\"\n\t\t\t\t\t\t data-full-url=\"http:\/\/5.45.101.177\/haut-allier\/usagers-transportse\/wp-content\/uploads\/2025\/11\/cpan2025logo.jpg\"\n\t\t\t\t\t\t data-link=\"http:\/\/5.45.101.177\/haut-allier\/usagers-transportse\/attachment-cpan2025logo-jpg\/\"\n\t\t\t\t\t\t class=\"wp-image-5666\" srcset=\"https:\/\/usagers-transports.haut-allier.eu\/wp-content\/uploads\/2025\/11\/cpan2025logo.jpg 707w, https:\/\/usagers-transports.haut-allier.eu\/wp-content\/uploads\/2025\/11\/cpan2025logo-300x171.jpg 300w\" sizes=\"auto, (max-width: 707px) 100vw, 707px\" \/>\n\t\t\t\t<\/figure>\n\t\t\t<\/li>\n\t\t<\/ul>\n\t<\/figure>\n\n<h2 class=\"wp-block-heading\">Documents joints<\/h2>\n\n\n\n<div class=\"wp-block-file\"><a href=\"http:\/\/5.45.101.177\/haut-allier\/usagers-transportse\/wp-content\/uploads\/2025\/11\/cp-aurail-24novembre-2025-v1.pdf\">cp-aurail-24novembre-2025-v1.pdf<\/a><\/div>\n\n\n","protected":false},"excerpt":{"rendered":"<p>Quel avenir pour le ferroviaire en R\u00e9gion AuRA ? La Pr\u00e9fecture de r\u00e9gion et la R\u00e9gion AuRA lancent<\/p>\n","protected":false},"author":2,"featured_media":5664,"comment_status":"open","ping_status":"open","sticky":false,"template":"","format":"standard","meta":{"footnotes":""},"categories":[3],"tags":[],"class_list":["post-1245","post","type-post","status-publish","format-standard","has-post-thumbnail","hentry","category-en-train"],"_links":{"self":[{"href":"https:\/\/usagers-transports.haut-allier.eu\/index.php\/wp-json\/wp\/v2\/posts\/1245","targetHints":{"allow":["GET"]}}],"collection":[{"href":"https:\/\/usagers-transports.haut-allier.eu\/index.php\/wp-json\/wp\/v2\/posts"}],"about":[{"href":"https:\/\/usagers-transports.haut-allier.eu\/index.php\/wp-json\/wp\/v2\/types\/post"}],"author":[{"embeddable":true,"href":"https:\/\/usagers-transports.haut-allier.eu\/index.php\/wp-json\/wp\/v2\/users\/2"}],"replies":[{"embeddable":true,"href":"https:\/\/usagers-transports.haut-allier.eu\/index.php\/wp-json\/wp\/v2\/comments?post=1245"}],"version-history":[{"count":2,"href":"https:\/\/usagers-transports.haut-allier.eu\/index.php\/wp-json\/wp\/v2\/posts\/1245\/revisions"}],"predecessor-version":[{"id":5668,"href":"https:\/\/usagers-transports.haut-allier.eu\/index.php\/wp-json\/wp\/v2\/posts\/1245\/revisions\/5668"}],"wp:featuredmedia":[{"embeddable":true,"href":"https:\/\/usagers-transports.haut-allier.eu\/index.php\/wp-json\/wp\/v2\/media\/5664"}],"wp:attachment":[{"href":"https:\/\/usagers-transports.haut-allier.eu\/index.php\/wp-json\/wp\/v2\/media?parent=1245"}],"wp:term":[{"taxonomy":"category","embeddable":true,"href":"https:\/\/usagers-transports.haut-allier.eu\/index.php\/wp-json\/wp\/v2\/categories?post=1245"},{"taxonomy":"post_tag","embeddable":true,"href":"https:\/\/usagers-transports.haut-allier.eu\/index.php\/wp-json\/wp\/v2\/tags?post=1245"}],"curies":[{"name":"wp","href":"https:\/\/api.w.org\/{rel}","templated":true}]}}