{"id":1246,"date":"2025-12-01T09:26:51","date_gmt":"2025-12-01T08:26:51","guid":{"rendered":"http:\/\/5.45.101.177\/haut-allier\/usagers-transportse\/index.php\/2025\/12\/01\/la-creation-d-une-offre-tgv-lyon1246\/"},"modified":"2026-09-01T16:11:38","modified_gmt":"2026-09-01T14:11:38","slug":"la-creation-d-une-offre-tgv-lyon1246","status":"publish","type":"post","link":"https:\/\/usagers-transports.haut-allier.eu\/index.php\/2025\/12\/01\/la-creation-d-une-offre-tgv-lyon1246\/","title":{"rendered":"La cr\u00e9ation d&rsquo;une offre TGV Lyon Paris Bordeaux et un massif central oubli\u00e9 par l&rsquo;Etat"},"content":{"rendered":"Novembre a \u00e9t\u00e9 le th\u00e9\u00e2tre d&rsquo;une \u00e9pop\u00e9e dramatique pour l&rsquo;Auvergne et le Massif central : suite \u00e0 une indiscr\u00e9tion dans le journal de la R\u00e9publique du Centre, un courrier de la SNCF \u00e9chang\u00e9 avec un \u00e9lu de Poitiers vers le d\u00e9but du mois, nous apprenons que SNCF Ouigo allait proposer pour 2027 une liaison sans changement entre Lyon et Bordeaux via Massy TGV en r\u00e9gion parisienne. \n\n<img loading=\"lazy\" decoding=\"async\" class=\" aligncenter size-full wp-image-5669\" src=\"http:\/\/5.45.101.177\/haut-allier\/usagers-transportse\/wp-content\/uploads\/2025\/12\/88018f35-58c1-4791-a46d-bf5300baff61.jpg\" alt=\"88018f35-58c1-4791-a46d-bf5300baff61.jpg\" align=\"center\" width=\"985\" height=\"1834\" srcset=\"https:\/\/usagers-transports.haut-allier.eu\/wp-content\/uploads\/2025\/12\/88018f35-58c1-4791-a46d-bf5300baff61.jpg 985w, https:\/\/usagers-transports.haut-allier.eu\/wp-content\/uploads\/2025\/12\/88018f35-58c1-4791-a46d-bf5300baff61-161x300.jpg 161w, https:\/\/usagers-transports.haut-allier.eu\/wp-content\/uploads\/2025\/12\/88018f35-58c1-4791-a46d-bf5300baff61-550x1024.jpg 550w, https:\/\/usagers-transports.haut-allier.eu\/wp-content\/uploads\/2025\/12\/88018f35-58c1-4791-a46d-bf5300baff61-768x1430.jpg 768w, https:\/\/usagers-transports.haut-allier.eu\/wp-content\/uploads\/2025\/12\/88018f35-58c1-4791-a46d-bf5300baff61-825x1536.jpg 825w\" sizes=\"auto, (max-width: 985px) 100vw, 985px\" \/>\n\nAussit\u00f4t, d\u00e8s le 12 novembre branlebas de combat au Collectif Aurail qui publie plusieurs articles et un communiqu\u00e9 de presse d\u00e9non\u00e7ant l&rsquo;oubli d&rsquo;une desserte directe par le Massif central. Nos bien-aim\u00e9s amis de la FNAUT r\u00e9gionale se r\u00e9jouissaient sans r\u00e9serve de l&rsquo;annonce du trajet de pr\u00e8s de 1000 km en 5 heures alors qu&rsquo;il y avait rien de nouveau, la possibilit\u00e9 existe depuis longtemps de faire un Lyon Bordeaux par Paris y compris par Massy TGV, \u00e0 20 km de la capitale, et qu&rsquo;il s&rsquo;agit simplement d&rsquo;une offre commerciale nouvelle en Ouigo qu&rsquo;ils disent d&rsquo;un meilleur tarif.\n\n<img loading=\"lazy\" decoding=\"async\" class=\" aligncenter size-full wp-image-5670\" src=\"http:\/\/5.45.101.177\/haut-allier\/usagers-transportse\/wp-content\/uploads\/2025\/12\/653d6edb-d5c8-4968-b969-1d723f3a8c34.jpg\" alt=\"653d6edb-d5c8-4968-b969-1d723f3a8c34.jpg\" align=\"center\" width=\"570\" height=\"444\" srcset=\"https:\/\/usagers-transports.haut-allier.eu\/wp-content\/uploads\/2025\/12\/653d6edb-d5c8-4968-b969-1d723f3a8c34.jpg 570w, https:\/\/usagers-transports.haut-allier.eu\/wp-content\/uploads\/2025\/12\/653d6edb-d5c8-4968-b969-1d723f3a8c34-300x234.jpg 300w\" sizes=\"auto, (max-width: 570px) 100vw, 570px\" \/>\n\n<img loading=\"lazy\" decoding=\"async\" class=\" aligncenter size-full wp-image-5671\" src=\"http:\/\/5.45.101.177\/haut-allier\/usagers-transportse\/wp-content\/uploads\/2025\/12\/cp-aurail-12novembre2025-v0-scaled.jpg\" alt=\"cp-aurail-12novembre2025-v0.jpg\" align=\"center\" width=\"1810\" height=\"2560\" srcset=\"https:\/\/usagers-transports.haut-allier.eu\/wp-content\/uploads\/2025\/12\/cp-aurail-12novembre2025-v0-scaled.jpg 1810w, https:\/\/usagers-transports.haut-allier.eu\/wp-content\/uploads\/2025\/12\/cp-aurail-12novembre2025-v0-212x300.jpg 212w, https:\/\/usagers-transports.haut-allier.eu\/wp-content\/uploads\/2025\/12\/cp-aurail-12novembre2025-v0-724x1024.jpg 724w, https:\/\/usagers-transports.haut-allier.eu\/wp-content\/uploads\/2025\/12\/cp-aurail-12novembre2025-v0-768x1086.jpg 768w, https:\/\/usagers-transports.haut-allier.eu\/wp-content\/uploads\/2025\/12\/cp-aurail-12novembre2025-v0-1086x1536.jpg 1086w, https:\/\/usagers-transports.haut-allier.eu\/wp-content\/uploads\/2025\/12\/cp-aurail-12novembre2025-v0-1448x2048.jpg 1448w\" sizes=\"auto, (max-width: 1810px) 100vw, 1810px\" \/>\n\n<img loading=\"lazy\" decoding=\"async\" class=\" aligncenter size-full wp-image-5672\" src=\"http:\/\/5.45.101.177\/haut-allier\/usagers-transportse\/wp-content\/uploads\/2025\/12\/21da2b1b-cc5f-42da-9eed-dea158235d7a.jpg\" alt=\"21da2b1b-cc5f-42da-9eed-dea158235d7a.jpg\" align=\"center\" width=\"397\" height=\"566\" srcset=\"https:\/\/usagers-transports.haut-allier.eu\/wp-content\/uploads\/2025\/12\/21da2b1b-cc5f-42da-9eed-dea158235d7a.jpg 397w, https:\/\/usagers-transports.haut-allier.eu\/wp-content\/uploads\/2025\/12\/21da2b1b-cc5f-42da-9eed-dea158235d7a-210x300.jpg 210w\" sizes=\"auto, (max-width: 397px) 100vw, 397px\" \/>\n\n\n\nLe 17 novembre nous intervenons sur BFM Lyon.\n\n<img loading=\"lazy\" decoding=\"async\" class=\" aligncenter size-full wp-image-5673\" src=\"http:\/\/5.45.101.177\/haut-allier\/usagers-transportse\/wp-content\/uploads\/2025\/12\/9a96cdc5-8bb3-4b7b-803a-b973c255dab9.jpg\" alt=\"9a96cdc5-8bb3-4b7b-803a-b973c255dab9.jpg\" align=\"center\" width=\"590\" height=\"463\" srcset=\"https:\/\/usagers-transports.haut-allier.eu\/wp-content\/uploads\/2025\/12\/9a96cdc5-8bb3-4b7b-803a-b973c255dab9.jpg 590w, https:\/\/usagers-transports.haut-allier.eu\/wp-content\/uploads\/2025\/12\/9a96cdc5-8bb3-4b7b-803a-b973c255dab9-300x235.jpg 300w\" sizes=\"auto, (max-width: 590px) 100vw, 590px\" \/>\n\nLe 27 novembre la rumeur se confirme, Ouigo donne une conf\u00e9rence de presse \u00e0 Paris pour annoncer officiellement ce TGV. Aussit\u00f4t l&rsquo;arm\u00e9e des m\u00e9dias nationaux se mobilise et reprend largement notre indignation, op\u00e9ration facilit\u00e9e aussi par notre interview donn\u00e9 \u00e0 l&rsquo;AFP.\n\n<img loading=\"lazy\" decoding=\"async\" class=\" aligncenter size-full wp-image-5674\" src=\"http:\/\/5.45.101.177\/haut-allier\/usagers-transportse\/wp-content\/uploads\/2025\/12\/e49c018f-42f1-44e6-b874-a93b63423338.jpg\" alt=\"e49c018f-42f1-44e6-b874-a93b63423338.jpg\" align=\"center\" width=\"592\" height=\"479\" srcset=\"https:\/\/usagers-transports.haut-allier.eu\/wp-content\/uploads\/2025\/12\/e49c018f-42f1-44e6-b874-a93b63423338.jpg 592w, https:\/\/usagers-transports.haut-allier.eu\/wp-content\/uploads\/2025\/12\/e49c018f-42f1-44e6-b874-a93b63423338-300x243.jpg 300w\" sizes=\"auto, (max-width: 592px) 100vw, 592px\" \/>\n<img loading=\"lazy\" decoding=\"async\" class=\" aligncenter size-full wp-image-5675\" src=\"http:\/\/5.45.101.177\/haut-allier\/usagers-transportse\/wp-content\/uploads\/2025\/12\/vlcsnap-2025-12-01-09h01m18s720.jpg\" alt=\"vlcsnap-2025-12-01-09h01m18s720.jpg\" align=\"center\" width=\"900\" height=\"504\" srcset=\"https:\/\/usagers-transports.haut-allier.eu\/wp-content\/uploads\/2025\/12\/vlcsnap-2025-12-01-09h01m18s720.jpg 900w, https:\/\/usagers-transports.haut-allier.eu\/wp-content\/uploads\/2025\/12\/vlcsnap-2025-12-01-09h01m18s720-300x168.jpg 300w, https:\/\/usagers-transports.haut-allier.eu\/wp-content\/uploads\/2025\/12\/vlcsnap-2025-12-01-09h01m18s720-768x430.jpg 768w\" sizes=\"auto, (max-width: 900px) 100vw, 900px\" \/>\n\nTout le d\u00e9roul\u00e9 se consulte sur le site d&rsquo;Aurail, avec les vid\u00e9os et les audios de nos interventions, ainsi que les tr\u00e8s nombreux articles nous citant.\n<blockquote class=\"wp-embedded-content\" data-secret=\"Yu5jXRQeZH\"><a href=\"https:\/\/aurail.eu\/?p=759\">Une liaison TGV Lyon Bordeaux en 2027 : la nouvelle aberration sign\u00e9e SNCF [avec notre Communiqu\u00e9][MAJ]<\/a><\/blockquote><iframe loading=\"lazy\" class=\"wp-embedded-content\" sandbox=\"allow-scripts\" security=\"restricted\" style=\"position: absolute; visibility: hidden;\" title=\"\u00ab\u00a0Une liaison TGV Lyon Bordeaux en 2027 : la nouvelle aberration sign\u00e9e SNCF [avec notre Communiqu\u00e9][MAJ]\u00a0\u00bb \u2014 \" src=\"https:\/\/aurail.eu\/?p=759&amp;embed=true#?secret=qGNxRqM5ux#?secret=Yu5jXRQeZH\" data-secret=\"Yu5jXRQeZH\" width=\"600\" height=\"338\" frameborder=\"0\" marginwidth=\"0\" marginheight=\"0\" scrolling=\"no\"><\/iframe>\n\nNous essayons de faire la d\u00e9monstration qu&rsquo;il existe 3 \u00e0 4 trac\u00e9s directs possibles, des sillons qui dorment parce que sous-utilis\u00e9s, et que malgr\u00e9 la dur\u00e9e du parcours, 7 \u00e0 8 heures d&rsquo;apr\u00e8s nos calculs, l&rsquo;int\u00e9r\u00eat d&rsquo;une telle liaison est grand puisque rares seront les habitants du massif central qui feront l&rsquo;enti\u00e8ret\u00e9 du voyage. La desserte des principales villes, plus rapide en Intercit\u00e9s, n&rsquo;existe pas actuellement. \n\n<img loading=\"lazy\" decoding=\"async\" class=\" aligncenter size-full wp-image-5676\" src=\"http:\/\/5.45.101.177\/haut-allier\/usagers-transportse\/wp-content\/uploads\/2025\/12\/fd21e4b3-909f-4dbc-83e0-7921c7425d78.jpg\" alt=\"fd21e4b3-909f-4dbc-83e0-7921c7425d78.jpg\" align=\"center\" width=\"522\" height=\"565\" srcset=\"https:\/\/usagers-transports.haut-allier.eu\/wp-content\/uploads\/2025\/12\/fd21e4b3-909f-4dbc-83e0-7921c7425d78.jpg 522w, https:\/\/usagers-transports.haut-allier.eu\/wp-content\/uploads\/2025\/12\/fd21e4b3-909f-4dbc-83e0-7921c7425d78-277x300.jpg 277w\" sizes=\"auto, (max-width: 522px) 100vw, 522px\" \/>\n\nNous essayons de faire comprendre que la mise en place d&rsquo;un tel train se fera pratiquement sans investissement nouveau, le parc de rames mis \u00e0 disposition d&rsquo;Intercit\u00e9s \u00e9tant sous utilis\u00e9 l\u00e0 aussi. Il ne s&rsquo;agit donc que d&rsquo;une volont\u00e9 politique, absente pour le moment. L&rsquo;\u00e9x\u00e9cutif r\u00e9gional et le maire de Vichy, Fr\u00e9d\u00e9ric Aguilera, demande d&rsquo;ailleurs aussi cette liaison depuis la faillite de Railcoop et de son projet Lyon Bordeaux par Limoges.\n\nLe raffut que nous menons, avec aussi le maire de Clermont-Ferrand, concern\u00e9 au premier chef, est tel que la SNCF se voit oblig\u00e9e de r\u00e9pondre, notamment par la prise de position de son nouveau PDG Jean Castex, en d\u00e9placement \u00e0 S\u00e8te, qui affirme ne pas \u00eatre oppos\u00e9 \u00e0 la desserte transversale par le massif central \u00e0 l&rsquo;aide d&rsquo;un train Intercit\u00e9s <em>\u00ab\u00a0d\u00e8s que l&rsquo;Etat le lui demandera\u00a0\u00bb<\/em> et par un tweet un peu laconique de SNCF Voyageurs qui avoue qu&rsquo;une desserte \u00ab\u00a0compl\u00e9mentaire\u00a0\u00bb via l&rsquo;Auvergne est n\u00e9cessaire :\n\n<img loading=\"lazy\" decoding=\"async\" class=\" aligncenter size-full wp-image-5677\" src=\"http:\/\/5.45.101.177\/haut-allier\/usagers-transportse\/wp-content\/uploads\/2025\/12\/c27cd5cf-50d2-4287-8c36-87ed1d7ef76c.jpg\" alt=\"c27cd5cf-50d2-4287-8c36-87ed1d7ef76c.jpg\" align=\"center\" width=\"589\" height=\"330\" srcset=\"https:\/\/usagers-transports.haut-allier.eu\/wp-content\/uploads\/2025\/12\/c27cd5cf-50d2-4287-8c36-87ed1d7ef76c.jpg 589w, https:\/\/usagers-transports.haut-allier.eu\/wp-content\/uploads\/2025\/12\/c27cd5cf-50d2-4287-8c36-87ed1d7ef76c-300x168.jpg 300w\" sizes=\"auto, (max-width: 589px) 100vw, 589px\" \/>\n\nEt oui parce qu&rsquo;il faut bien comprendre qu&rsquo;Intercit\u00e9s SNCF ne fait qu&rsquo;ob\u00e9ir aux d\u00e9cisions du premier ministre puisque c&rsquo;est l&rsquo;Etat qui finance enti\u00e8rement ces trains d&rsquo;\u00e9quilibre du territoire. La balle est donc dans le camp de Lecornu dont nous allons constater, ou pas, son int\u00e9r\u00eat pour les populations auvergnates, limousines et autres r\u00e9gions potentiellement desservies par ce train. Il existait d&rsquo;ailleurs avant 2014 et il s&rsquo;agissait d&rsquo;un Gen\u00e8ve Lyon Ussel Brive Bordeaux, un train international.\n\nLa solution que nous pr\u00e9f\u00e9rons, parce qu&rsquo;elle dessert le mieux l&rsquo;Auvergne est celle ci, l\u00e9g\u00e8rement plus longue que les autres choix, en attendant la r\u00e9ouverture de Thiers Bo\u00ebn et de Volvic Ussel :\n\n<img loading=\"lazy\" decoding=\"async\" class=\" aligncenter size-full wp-image-5678\" src=\"http:\/\/5.45.101.177\/haut-allier\/usagers-transportse\/wp-content\/uploads\/2025\/12\/lrvcanabpb.jpg\" alt=\"lrvcanabpb.jpg\" align=\"center\" width=\"733\" height=\"333\" srcset=\"https:\/\/usagers-transports.haut-allier.eu\/wp-content\/uploads\/2025\/12\/lrvcanabpb.jpg 733w, https:\/\/usagers-transports.haut-allier.eu\/wp-content\/uploads\/2025\/12\/lrvcanabpb-300x136.jpg 300w\" sizes=\"auto, (max-width: 733px) 100vw, 733px\" \/>\n\nLa pression est d\u00e9sormais un peu plus forte sur le gouvernement, apr\u00e8s le camouflet du d\u00e9but d&rsquo;ann\u00e9e par le ministre Tabarot lors de l&rsquo;op\u00e9ration des trains de la col\u00e8re Clermont Paris et Toulouse Paris, o\u00f9 il n&rsquo;avait m\u00eame pas daign\u00e9 nous recevoir alors que son communiqu\u00e9 \u00e9tait pr\u00eat la veille du jour de la rencontre. L&rsquo;art de faire comprendre tout l&rsquo;int\u00e9r\u00eat qu&rsquo;il porte aux p\u00e8quenauds de la diagonale du vide.\n\n<strong>Nous attendons r\u00e9paration.<\/strong>\n\n\n\n<hr \/>\n\n\n\nDaniel Turban nous fait remarquer qu&rsquo;\u00e0 l&rsquo;\u00e9t\u00e9 1975, il y avait 4 trains directs Bordeaux-Lyon-Perrache :\n     1) 2 turbotrains qualifi\u00e9s \u00ab\u00a0rapide\u00a0\u00bb via Limoges: 6h20-13h47 et 15h57-23h22.\n     2) Un autorail qualifi\u00e9 \u00ab\u00a0express\u00a0\u00bb via Brive: 8h03-16h40.\n     3) Un train de nuit qualifi\u00e9 \u00ab\u00a0express\u00a0\u00bb via Limoges: 22h18-8h54. Il allait jusqu&rsquo;\u00e0 Gen\u00e8ve.\n\nLe progr\u00e8s fait rage !&#8230; conclue-t-il.\n\nCe m\u00eame Daniel Turban qui d\u00e8s 1992 d\u00e9non\u00e7ait les perversions engendr\u00e9es par l&rsquo;arriv\u00e9e du TGV. A cet effet il avait r\u00e9dig\u00e9 2 memoranda en 1992 et en 1995. Celui de 1995 a \u00e9t\u00e9 num\u00e9ris\u00e9 et nous vous le livrons tel que. A vos commentaires.\n\n<a href=\"http:\/\/5.45.101.177\/haut-allier\/usagers-transportse\/wp-content\/uploads\/2025\/12\/3_chemin_de_fer_en_francedturban_ja1995-1-2-1.pdf\">3_chemin_de_fer_en_francedturban_ja1995-1-2-1.pdf<\/a>\n\n\n\n\n\n\n <p>&nbsp;<\/p>\n\n\t<figure class=\"wp-block-gallery columns-1 is-cropped wp-block-gallery-1 is-layout-flex wp-block-gallery-is-layout-flex\">\n\t\t<ul class=\"blocks-gallery-grid\">\n\t\t\t<li class=\"blocks-gallery-item\">\n\t\t\t\t<figure>\n\t\t\t\t\t\t\t\t\t\t\t<img loading=\"lazy\" decoding=\"async\" width=\"646\" height=\"518\" src=\"http:\/\/5.45.101.177\/haut-allier\/usagers-transportse\/wp-content\/uploads\/2025\/12\/92162bfb-128b-4b5f-8021-c2a929ce269f.jpg\"\n\t\t\t\t\t\t alt=\"92162bfb-128b-4b5f-8021-c2a929ce269f.jpg\"\n\t\t\t\t\t\t data-id=\"5680\"\n\t\t\t\t\t\t data-full-url=\"http:\/\/5.45.101.177\/haut-allier\/usagers-transportse\/wp-content\/uploads\/2025\/12\/92162bfb-128b-4b5f-8021-c2a929ce269f.jpg\"\n\t\t\t\t\t\t data-link=\"http:\/\/5.45.101.177\/haut-allier\/usagers-transportse\/attachment-92162bfb-128b-4b5f-8021-c2a929ce269f-jpg\/\"\n\t\t\t\t\t\t class=\"wp-image-5680\" srcset=\"https:\/\/usagers-transports.haut-allier.eu\/wp-content\/uploads\/2025\/12\/92162bfb-128b-4b5f-8021-c2a929ce269f.jpg 646w, https:\/\/usagers-transports.haut-allier.eu\/wp-content\/uploads\/2025\/12\/92162bfb-128b-4b5f-8021-c2a929ce269f-300x241.jpg 300w\" sizes=\"auto, (max-width: 646px) 100vw, 646px\" \/>\n\t\t\t\t<\/figure>\n\t\t\t<\/li>\n\t\t<\/ul>\n\t<\/figure>\n","protected":false},"excerpt":{"rendered":"<p>Novembre a \u00e9t\u00e9 le th\u00e9\u00e2tre d&rsquo;une \u00e9pop\u00e9e dramatique pour l&rsquo;Auvergne et le Massif central : suite \u00e0 une<\/p>\n","protected":false},"author":2,"featured_media":5669,"comment_status":"open","ping_status":"open","sticky":false,"template":"","format":"standard","meta":{"footnotes":""},"categories":[3],"tags":[],"class_list":["post-1246","post","type-post","status-publish","format-standard","has-post-thumbnail","hentry","category-en-train"],"_links":{"self":[{"href":"https:\/\/usagers-transports.haut-allier.eu\/index.php\/wp-json\/wp\/v2\/posts\/1246","targetHints":{"allow":["GET"]}}],"collection":[{"href":"https:\/\/usagers-transports.haut-allier.eu\/index.php\/wp-json\/wp\/v2\/posts"}],"about":[{"href":"https:\/\/usagers-transports.haut-allier.eu\/index.php\/wp-json\/wp\/v2\/types\/post"}],"author":[{"embeddable":true,"href":"https:\/\/usagers-transports.haut-allier.eu\/index.php\/wp-json\/wp\/v2\/users\/2"}],"replies":[{"embeddable":true,"href":"https:\/\/usagers-transports.haut-allier.eu\/index.php\/wp-json\/wp\/v2\/comments?post=1246"}],"version-history":[{"count":1,"href":"https:\/\/usagers-transports.haut-allier.eu\/index.php\/wp-json\/wp\/v2\/posts\/1246\/revisions"}],"predecessor-version":[{"id":5681,"href":"https:\/\/usagers-transports.haut-allier.eu\/index.php\/wp-json\/wp\/v2\/posts\/1246\/revisions\/5681"}],"wp:featuredmedia":[{"embeddable":true,"href":"https:\/\/usagers-transports.haut-allier.eu\/index.php\/wp-json\/wp\/v2\/media\/5669"}],"wp:attachment":[{"href":"https:\/\/usagers-transports.haut-allier.eu\/index.php\/wp-json\/wp\/v2\/media?parent=1246"}],"wp:term":[{"taxonomy":"category","embeddable":true,"href":"https:\/\/usagers-transports.haut-allier.eu\/index.php\/wp-json\/wp\/v2\/categories?post=1246"},{"taxonomy":"post_tag","embeddable":true,"href":"https:\/\/usagers-transports.haut-allier.eu\/index.php\/wp-json\/wp\/v2\/tags?post=1246"}],"curies":[{"name":"wp","href":"https:\/\/api.w.org\/{rel}","templated":true}]}}