{"id":1247,"date":"2025-12-01T16:08:15","date_gmt":"2025-12-01T15:08:15","guid":{"rendered":"http:\/\/5.45.101.177\/haut-allier\/usagers-transportse\/index.php\/2025\/12\/01\/les-offres-de-ski-ter-dans-le1247\/"},"modified":"2026-09-01T16:11:40","modified_gmt":"2026-09-01T14:11:40","slug":"les-offres-de-ski-ter-dans-le1247","status":"publish","type":"post","link":"https:\/\/usagers-transports.haut-allier.eu\/index.php\/2025\/12\/01\/les-offres-de-ski-ter-dans-le1247\/","title":{"rendered":"Les offres de ski + TER dans le Massif central : Auvergne Rh\u00f4ne Alpes encore \u00e0 la tra\u00eene [MAJ]"},"content":{"rendered":"C&rsquo;est assez \u00e9difiant et cel\u00e0 d\u00e9montre le laisser aller de la direction TER Auvergne Rh\u00f4ne Alpes et de la r\u00e9gion du m\u00eame nom ou tout au moins leur manque de dynamisme : le plus grand domaine skiable d&rsquo;Auvergne, la station du Lioran dans le Cantal est sujette \u00e0 une offre sp\u00e9ciale TER + une journ\u00e9e de ski de la part de la r\u00e9gion Occitanie. Pas de celle dont d\u00e9pend normalement le Cantal. \n\nVoici l&rsquo;offre TER + forfait ski de la r\u00e9gion Auvergne Rh\u00f4ne Alpes qui ignore superbement le massif central : Saint-Gervais dans les Alpes point barre.\n\n<img loading=\"lazy\" decoding=\"async\" class=\" aligncenter size-full wp-image-5682\" src=\"http:\/\/5.45.101.177\/haut-allier\/usagers-transportse\/wp-content\/uploads\/2025\/12\/b7ec96bd-6749-4fcb-ad93-e3556ae5e6c8.jpg\" alt=\"b7ec96bd-6749-4fcb-ad93-e3556ae5e6c8.jpg\" align=\"center\" width=\"845\" height=\"643\" srcset=\"https:\/\/usagers-transports.haut-allier.eu\/wp-content\/uploads\/2025\/12\/b7ec96bd-6749-4fcb-ad93-e3556ae5e6c8.jpg 845w, https:\/\/usagers-transports.haut-allier.eu\/wp-content\/uploads\/2025\/12\/b7ec96bd-6749-4fcb-ad93-e3556ae5e6c8-300x228.jpg 300w, https:\/\/usagers-transports.haut-allier.eu\/wp-content\/uploads\/2025\/12\/b7ec96bd-6749-4fcb-ad93-e3556ae5e6c8-768x584.jpg 768w\" sizes=\"auto, (max-width: 845px) 100vw, 845px\" \/>\n\nhttps:\/\/www.ter.sncf.com\/auvergne-rhone-alpes\/decouvrir\/idees-destinations\/ter-ski\n\nVoici l&rsquo;offre TER + journ\u00e9e de ski de la r\u00e9gion Occitanie Pyr\u00e9n\u00e9es + Massif central.\n\n<img loading=\"lazy\" decoding=\"async\" class=\" aligncenter size-full wp-image-5683\" src=\"http:\/\/5.45.101.177\/haut-allier\/usagers-transportse\/wp-content\/uploads\/2025\/12\/05208f88-1d75-431c-8112-9efa623bab1c-scaled.jpg\" alt=\"05208f88-1d75-431c-8112-9efa623bab1c.jpg\" align=\"center\" width=\"1257\" height=\"2560\" srcset=\"https:\/\/usagers-transports.haut-allier.eu\/wp-content\/uploads\/2025\/12\/05208f88-1d75-431c-8112-9efa623bab1c-scaled.jpg 1257w, https:\/\/usagers-transports.haut-allier.eu\/wp-content\/uploads\/2025\/12\/05208f88-1d75-431c-8112-9efa623bab1c-147x300.jpg 147w, https:\/\/usagers-transports.haut-allier.eu\/wp-content\/uploads\/2025\/12\/05208f88-1d75-431c-8112-9efa623bab1c-503x1024.jpg 503w, https:\/\/usagers-transports.haut-allier.eu\/wp-content\/uploads\/2025\/12\/05208f88-1d75-431c-8112-9efa623bab1c-768x1564.jpg 768w, https:\/\/usagers-transports.haut-allier.eu\/wp-content\/uploads\/2025\/12\/05208f88-1d75-431c-8112-9efa623bab1c-754x1536.jpg 754w, https:\/\/usagers-transports.haut-allier.eu\/wp-content\/uploads\/2025\/12\/05208f88-1d75-431c-8112-9efa623bab1c-1006x2048.jpg 1006w\" sizes=\"auto, (max-width: 1257px) 100vw, 1257px\" \/>\n\nhttps:\/\/www.ter.sncf.com\/occitanie\/decouvrir\/skirail\n\nC&rsquo;est sans commentaire n&rsquo;est-ce pas ?\n\n[fond rouge][blanc]<strong>Ajoutons que c\u00f4t\u00e9 r\u00e9seau occitan le prochain week-end les 6 et 7 d\u00e9cembre, sera <strong>\u00e0 1 euro<\/strong> (UN EURO) comme les premiers du mois, et pas seulement sur le territoire occitan mais jusqu&rsquo;\u00e0 Clermont Ferrand, Aurillac, Avignon, Pau, Agen.<\/strong>[\/blanc][\/fond rouge] \n\nhttps:\/\/www.ter.sncf.com\/occitanie\/tarifs-cartes\/billets-un-euro\n\nR\u00e9servez les d\u00e8s maintenant sur les liaisons tr\u00e8s fr\u00e9quent\u00e9es.\n\n\n\n<hr \/>\n\n\n\n\n[fond rouge][blanc]<strong>[Mise \u00e0 jour du 17 d\u00e9cembre] <\/strong>[\/blanc][\/fond rouge]\n\nLa r\u00e9gion Aquitaine met \u00e9galement en place des pass vers le Lioran :\n\nhttps:\/\/ter.sncf-voyageurs.com\/webv.ashx?m=6670&#038;e=inz%40bluewin.ch&#038;cde=3vhSJXag8VU7e674&#038;i=3011017&#038;ue=3299000370470017616&#038;sid=103703&#038;env=2&#038;idcol=17616\n\n<img loading=\"lazy\" decoding=\"async\" class=\" aligncenter size-full wp-image-5684\" src=\"http:\/\/5.45.101.177\/haut-allier\/usagers-transportse\/wp-content\/uploads\/2025\/12\/lioran-by-ter-na.jpg\" alt=\"lioran-by-ter-na.jpg\" align=\"center\" width=\"695\" height=\"1393\" srcset=\"https:\/\/usagers-transports.haut-allier.eu\/wp-content\/uploads\/2025\/12\/lioran-by-ter-na.jpg 695w, https:\/\/usagers-transports.haut-allier.eu\/wp-content\/uploads\/2025\/12\/lioran-by-ter-na-150x300.jpg 150w, https:\/\/usagers-transports.haut-allier.eu\/wp-content\/uploads\/2025\/12\/lioran-by-ter-na-511x1024.jpg 511w\" sizes=\"auto, (max-width: 695px) 100vw, 695px\" \/>\n\nEt enfin les pass de la r\u00e9gion Auvergne Rh\u00f4ne Alpes :\n\nhttps:\/\/www.ter.sncf.com\/auvergne-rhone-alpes\/decouvrir\/idees-destinations\/illico-evenements-neige\n\n<img loading=\"lazy\" decoding=\"async\" class=\" aligncenter size-full wp-image-5685\" src=\"http:\/\/5.45.101.177\/haut-allier\/usagers-transportse\/wp-content\/uploads\/2025\/12\/lioran-by-ter-aura.jpg\" alt=\"lioran-by-ter-aura.jpg\" align=\"center\" width=\"1271\" height=\"1326\" srcset=\"https:\/\/usagers-transports.haut-allier.eu\/wp-content\/uploads\/2025\/12\/lioran-by-ter-aura.jpg 1271w, https:\/\/usagers-transports.haut-allier.eu\/wp-content\/uploads\/2025\/12\/lioran-by-ter-aura-288x300.jpg 288w, https:\/\/usagers-transports.haut-allier.eu\/wp-content\/uploads\/2025\/12\/lioran-by-ter-aura-982x1024.jpg 982w, https:\/\/usagers-transports.haut-allier.eu\/wp-content\/uploads\/2025\/12\/lioran-by-ter-aura-768x801.jpg 768w\" sizes=\"auto, (max-width: 1271px) 100vw, 1271px\" \/>\n\n\n\n<p>&nbsp;<\/p>\n\n\t<figure class=\"wp-block-gallery columns-1 is-cropped wp-block-gallery-1 is-layout-flex wp-block-gallery-is-layout-flex\">\n\t\t<ul class=\"blocks-gallery-grid\">\n\t\t\t<li class=\"blocks-gallery-item\">\n\t\t\t\t<figure>\n\t\t\t\t\t\t\t\t\t\t\t<img loading=\"lazy\" decoding=\"async\" width=\"384\" height=\"216\" src=\"http:\/\/5.45.101.177\/haut-allier\/usagers-transportse\/wp-content\/uploads\/2025\/12\/lioran.png\"\n\t\t\t\t\t\t alt=\"lioran.png\"\n\t\t\t\t\t\t data-id=\"5686\"\n\t\t\t\t\t\t data-full-url=\"http:\/\/5.45.101.177\/haut-allier\/usagers-transportse\/wp-content\/uploads\/2025\/12\/lioran.png\"\n\t\t\t\t\t\t data-link=\"http:\/\/5.45.101.177\/haut-allier\/usagers-transportse\/attachment-lioran-png\/\"\n\t\t\t\t\t\t class=\"wp-image-5686\" srcset=\"https:\/\/usagers-transports.haut-allier.eu\/wp-content\/uploads\/2025\/12\/lioran.png 384w, https:\/\/usagers-transports.haut-allier.eu\/wp-content\/uploads\/2025\/12\/lioran-300x169.png 300w\" sizes=\"auto, (max-width: 384px) 100vw, 384px\" \/>\n\t\t\t\t<\/figure>\n\t\t\t<\/li>\n\t\t<\/ul>\n\t<\/figure>\n","protected":false},"excerpt":{"rendered":"<p>C&rsquo;est assez \u00e9difiant et cel\u00e0 d\u00e9montre le laisser aller de la direction TER Auvergne Rh\u00f4ne Alpes et de<\/p>\n","protected":false},"author":2,"featured_media":5682,"comment_status":"open","ping_status":"open","sticky":false,"template":"","format":"standard","meta":{"footnotes":""},"categories":[3],"tags":[],"class_list":["post-1247","post","type-post","status-publish","format-standard","has-post-thumbnail","hentry","category-en-train"],"_links":{"self":[{"href":"https:\/\/usagers-transports.haut-allier.eu\/index.php\/wp-json\/wp\/v2\/posts\/1247","targetHints":{"allow":["GET"]}}],"collection":[{"href":"https:\/\/usagers-transports.haut-allier.eu\/index.php\/wp-json\/wp\/v2\/posts"}],"about":[{"href":"https:\/\/usagers-transports.haut-allier.eu\/index.php\/wp-json\/wp\/v2\/types\/post"}],"author":[{"embeddable":true,"href":"https:\/\/usagers-transports.haut-allier.eu\/index.php\/wp-json\/wp\/v2\/users\/2"}],"replies":[{"embeddable":true,"href":"https:\/\/usagers-transports.haut-allier.eu\/index.php\/wp-json\/wp\/v2\/comments?post=1247"}],"version-history":[{"count":1,"href":"https:\/\/usagers-transports.haut-allier.eu\/index.php\/wp-json\/wp\/v2\/posts\/1247\/revisions"}],"predecessor-version":[{"id":5687,"href":"https:\/\/usagers-transports.haut-allier.eu\/index.php\/wp-json\/wp\/v2\/posts\/1247\/revisions\/5687"}],"wp:featuredmedia":[{"embeddable":true,"href":"https:\/\/usagers-transports.haut-allier.eu\/index.php\/wp-json\/wp\/v2\/media\/5682"}],"wp:attachment":[{"href":"https:\/\/usagers-transports.haut-allier.eu\/index.php\/wp-json\/wp\/v2\/media?parent=1247"}],"wp:term":[{"taxonomy":"category","embeddable":true,"href":"https:\/\/usagers-transports.haut-allier.eu\/index.php\/wp-json\/wp\/v2\/categories?post=1247"},{"taxonomy":"post_tag","embeddable":true,"href":"https:\/\/usagers-transports.haut-allier.eu\/index.php\/wp-json\/wp\/v2\/tags?post=1247"}],"curies":[{"name":"wp","href":"https:\/\/api.w.org\/{rel}","templated":true}]}}