{"id":1249,"date":"2025-12-17T09:45:37","date_gmt":"2025-12-17T08:45:37","guid":{"rendered":"http:\/\/5.45.101.177\/haut-allier\/usagers-transportse\/index.php\/2025\/12\/17\/ligne-intercites-clermont-paris1249\/"},"modified":"2026-09-01T16:11:41","modified_gmt":"2026-09-01T14:11:41","slug":"ligne-intercites-clermont-paris1249","status":"publish","type":"post","link":"https:\/\/usagers-transports.haut-allier.eu\/index.php\/2025\/12\/17\/ligne-intercites-clermont-paris1249\/","title":{"rendered":"Ligne Intercit\u00e9s Clermont Paris : pas de grande nouvelle attendue pour la visite de Jean Castex [MAJ]"},"content":{"rendered":"Aucune grande nouvelle ne sera annonc\u00e9e lors de la visite \u00e9clair de Jean Castex en tant que PDG de la SNCF ce mercredi 17 d\u00e9cembre \u00e0 Clermont Ferrand.\n\nPar un communiqu\u00e9 la veille, hier mardi, le ministre des transports annonce un gel des tarifs sur cette ligne et pour la ligne POLT (Paris Orl\u00e9ans Limoges Toulouse) pour 2026. Un geste demand\u00e9 et obtenu donc par le Collectif des Usagers de la ligne Clermont Paris :\n\n<img loading=\"lazy\" decoding=\"async\" class=\" aligncenter size-full wp-image-5692\" src=\"http:\/\/5.45.101.177\/haut-allier\/usagers-transportse\/wp-content\/uploads\/2025\/12\/cp-tabarot.jpg\" alt=\"cp-tabarot.jpg\" align=\"center\" width=\"620\" height=\"1108\" srcset=\"https:\/\/usagers-transports.haut-allier.eu\/wp-content\/uploads\/2025\/12\/cp-tabarot.jpg 620w, https:\/\/usagers-transports.haut-allier.eu\/wp-content\/uploads\/2025\/12\/cp-tabarot-168x300.jpg 168w, https:\/\/usagers-transports.haut-allier.eu\/wp-content\/uploads\/2025\/12\/cp-tabarot-573x1024.jpg 573w\" sizes=\"auto, (max-width: 620px) 100vw, 620px\" \/>\n\nDe son c\u00f4t\u00e9 Ici Pays d&rsquo;Auvergne insiste sur le fait que, mise en concurrence prochaine oblige, les conducteurs des trains Intercit\u00e9s ne pourront plus conduire des TER et invers\u00e9ment. Un manque de souplesse \u00e9vident qui s&rsquo;ajoute aux fifficult\u00e9s de la ligne, avec un recrutement de conducteurs difficile depuis quelques ann\u00e9es.\n\nAutre information : le constructeur CAF promet que les rames Oxyg\u00e8ne seront toutes livr\u00e9es fin 2027.\n\nhttps:\/\/www.francebleu.fr\/infos\/transports\/ligne-sncf-clermont-paris-jean-castex-en-visite-pendant-que-la-mise-en-concurrence-se-prepare-7334380\n\nTous les \u00e9lus, les usagers et le <a href=\"https:\/\/aurail.eu\"><em>collectif AuRAil<\/em><\/a> en particulier sont aux aguets et attendent aussi une r\u00e9action \u00e0 minima ou une annonce du PDG concernant la ligne Intercit\u00e9s Lyon Bordeaux par le Massif central. On peut r\u00eaver.  Sans doute Jean Castex va-t-il se borner \u00e0 r\u00e9p\u00e9ter, car il a d\u00e9j\u00e0 r\u00e9pondu \u00e0 ce sujet \u00e0 S\u00e8te fin novembre, que si l&rsquo;Etat le lui demande, comprendre la DGITM, le service transports du premier ministre, il la mettra en place.\n\n[fond rouge][blanc]<strong>[Mise \u00e0 jour du 17 d\u00e9cembre 18h]<\/strong>[\/blanc][\/fond rouge]\n\nApr\u00e8s la visite :\n\nhttps:\/\/france3-regions.franceinfo.fr\/auvergne-rhone-alpes\/puy-de-dome\/clermont-ferrand\/ligne-sncf-clermont-paris-la-porte-parole-des-usagers-du-train-veut-maintenir-la-pression-apres-l-annonce-du-gel-des-tarifs-pour-2026-3267947.html\n\nhttps:\/\/france3-regions.franceinfo.fr\/auvergne-rhone-alpes\/puy-de-dome\/clermont-ferrand\/sncf-on-a-tres-peu-de-liaisons-on-a-un-materiel-de-plus-en-plus-defectueux-des-cheminots-interpellent-jean-castex-a-clermont-ferrand-3268199.html\n\nhttps:\/\/www.francebleu.fr\/emissions\/l-invite-de-ici-matin-pays-d-auvergne\/stephanie-picard-porte-parole-du-collectif-des-usagers-du-train-clermont-paris-7987904\n\nhttps:\/\/www.lamontagne.fr\/clermont-ferrand-63000\/economie\/jean-castex-patron-de-la-sncf-a-clermont-ferrand-a-l-ecoute-mais-sans-grande-annonce_14800990\/\n\nhttps:\/\/www.rcf.fr\/articles\/economie-et-societe\/a-clermontferrand-jean-castex-face-a-limpatience-de-lauvergne\n<p>&nbsp;<\/p>\n\n\t<figure class=\"wp-block-gallery columns-1 is-cropped wp-block-gallery-1 is-layout-flex wp-block-gallery-is-layout-flex\">\n\t\t<ul class=\"blocks-gallery-grid\">\n\t\t\t<li class=\"blocks-gallery-item\">\n\t\t\t\t<figure>\n\t\t\t\t\t\t\t\t\t\t\t<img loading=\"lazy\" decoding=\"async\" width=\"516\" height=\"170\" src=\"http:\/\/5.45.101.177\/haut-allier\/usagers-transportse\/wp-content\/uploads\/2025\/12\/cp-tabarot-logo.jpg\"\n\t\t\t\t\t\t alt=\"cp-tabarot-logo.jpg\"\n\t\t\t\t\t\t data-id=\"5693\"\n\t\t\t\t\t\t data-full-url=\"http:\/\/5.45.101.177\/haut-allier\/usagers-transportse\/wp-content\/uploads\/2025\/12\/cp-tabarot-logo.jpg\"\n\t\t\t\t\t\t data-link=\"http:\/\/5.45.101.177\/haut-allier\/usagers-transportse\/attachment-cp-tabarot-logo-jpg\/\"\n\t\t\t\t\t\t class=\"wp-image-5693\" srcset=\"https:\/\/usagers-transports.haut-allier.eu\/wp-content\/uploads\/2025\/12\/cp-tabarot-logo.jpg 516w, https:\/\/usagers-transports.haut-allier.eu\/wp-content\/uploads\/2025\/12\/cp-tabarot-logo-300x99.jpg 300w\" sizes=\"auto, (max-width: 516px) 100vw, 516px\" \/>\n\t\t\t\t<\/figure>\n\t\t\t<\/li>\n\t\t<\/ul>\n\t<\/figure>\n","protected":false},"excerpt":{"rendered":"<p>Aucune grande nouvelle ne sera annonc\u00e9e lors de la visite \u00e9clair de Jean Castex en tant que PDG<\/p>\n","protected":false},"author":2,"featured_media":5692,"comment_status":"open","ping_status":"open","sticky":false,"template":"","format":"standard","meta":{"footnotes":""},"categories":[3],"tags":[],"class_list":["post-1249","post","type-post","status-publish","format-standard","has-post-thumbnail","hentry","category-en-train"],"_links":{"self":[{"href":"https:\/\/usagers-transports.haut-allier.eu\/index.php\/wp-json\/wp\/v2\/posts\/1249","targetHints":{"allow":["GET"]}}],"collection":[{"href":"https:\/\/usagers-transports.haut-allier.eu\/index.php\/wp-json\/wp\/v2\/posts"}],"about":[{"href":"https:\/\/usagers-transports.haut-allier.eu\/index.php\/wp-json\/wp\/v2\/types\/post"}],"author":[{"embeddable":true,"href":"https:\/\/usagers-transports.haut-allier.eu\/index.php\/wp-json\/wp\/v2\/users\/2"}],"replies":[{"embeddable":true,"href":"https:\/\/usagers-transports.haut-allier.eu\/index.php\/wp-json\/wp\/v2\/comments?post=1249"}],"version-history":[{"count":1,"href":"https:\/\/usagers-transports.haut-allier.eu\/index.php\/wp-json\/wp\/v2\/posts\/1249\/revisions"}],"predecessor-version":[{"id":5694,"href":"https:\/\/usagers-transports.haut-allier.eu\/index.php\/wp-json\/wp\/v2\/posts\/1249\/revisions\/5694"}],"wp:featuredmedia":[{"embeddable":true,"href":"https:\/\/usagers-transports.haut-allier.eu\/index.php\/wp-json\/wp\/v2\/media\/5692"}],"wp:attachment":[{"href":"https:\/\/usagers-transports.haut-allier.eu\/index.php\/wp-json\/wp\/v2\/media?parent=1249"}],"wp:term":[{"taxonomy":"category","embeddable":true,"href":"https:\/\/usagers-transports.haut-allier.eu\/index.php\/wp-json\/wp\/v2\/categories?post=1249"},{"taxonomy":"post_tag","embeddable":true,"href":"https:\/\/usagers-transports.haut-allier.eu\/index.php\/wp-json\/wp\/v2\/tags?post=1249"}],"curies":[{"name":"wp","href":"https:\/\/api.w.org\/{rel}","templated":true}]}}