{"id":125,"date":"2014-04-01T19:19:43","date_gmt":"2014-04-01T17:19:43","guid":{"rendered":"http:\/\/5.45.101.177\/haut-allier\/usagers-transportse\/index.php\/2014\/04\/01\/ligne-du-cevenol-deraillement-en125\/"},"modified":"2014-04-01T19:19:43","modified_gmt":"2014-04-01T17:19:43","slug":"ligne-du-cevenol-deraillement-en125","status":"publish","type":"post","link":"https:\/\/usagers-transports.haut-allier.eu\/index.php\/2014\/04\/01\/ligne-du-cevenol-deraillement-en125\/","title":{"rendered":"Ligne du C\u00e9venol : d\u00e9raillement en gare de Chapeauroux"},"content":{"rendered":"<p>Mardi 1er avril \u00e0 15h30, un wagon a d\u00e9raill\u00e9 en gare de Chapeauroux, aux confins de la Loz\u00e8re et de la Haute-Loire. L\u2019incident n\u2019a pas fait de victime mais a entra\u00een\u00e9 l\u2019interruption de quatre trains de voyageurs entre Clermont-Ferrand et N\u00eemes. L\u2019incident \u00e9tait en passe d\u2019\u00eatre r\u00e9gl\u00e9 vers 19 heures.<br \/>\n&nbsp;<br \/>\nSelon les informations fournies par la SNCF, l\u2019incident concernait un train de travaux : un essieu aurait d\u00e9raill\u00e9 apr\u00e8s avoir roul\u00e9 sur un pi\u00e8ce tomb\u00e9e d\u2019un wagon pr\u00e9c\u00e9dent. La wagon de chantier ne s\u2019est pas renvers\u00e9 mais un camion d\u2019intervention bas\u00e9 \u00e0 Langeac a d\u00fb intervenir pour remettre le wagon sur ses rails.<br \/>\n&nbsp;<br \/>\nL\u2019incident a entra\u00een\u00e9 la neutralisation de la ligne du C\u00e9venol. Les trains au d\u00e9part de Clermont-Ferrand \u00e0 12h49 et \u00e0 16h40 ont \u00e9t\u00e9 arr\u00eat\u00e9s en garde Monistrol-d\u2019Allier et les passagers ont \u00e9t\u00e9 conduits en car jusqu\u2019\u00e0 La Bastide (Loz\u00e8re).<br \/>\n&nbsp;<br \/>\nLes trains au d\u00e9part de N\u00eemes \u00e0 14h11 et 17 heures ont \u00e9t\u00e9 stopp\u00e9s en gare de La Bastide et les passagers transport\u00e9s en car jusqu\u2019\u00e0 Monistrol-d\u2019Allier. Au total, plus d\u2019une soixantaine de voyageurs ont donc d\u00fb prendre leur mal en patience.<br \/>\n&nbsp;<br \/>\nCe mardi soir, vers 19 heures, la SNCF annon\u00e7ait une prochaine remise en service de la voie.<br \/>\n&nbsp;<br \/>\n<em>Source : Le Progr\u00e8s.<\/em><\/p>\n","protected":false},"excerpt":{"rendered":"<p>Mardi 1er avril \u00e0 15h30, un wagon a d\u00e9raill\u00e9 en gare de Chapeauroux, aux confins de la Loz\u00e8re<\/p>\n","protected":false},"author":1,"featured_media":0,"comment_status":"closed","ping_status":"open","sticky":false,"template":"","format":"standard","meta":{"footnotes":""},"categories":[2],"tags":[],"class_list":["post-125","post","type-post","status-publish","format-standard","hentry","category-infos"],"_links":{"self":[{"href":"https:\/\/usagers-transports.haut-allier.eu\/index.php\/wp-json\/wp\/v2\/posts\/125","targetHints":{"allow":["GET"]}}],"collection":[{"href":"https:\/\/usagers-transports.haut-allier.eu\/index.php\/wp-json\/wp\/v2\/posts"}],"about":[{"href":"https:\/\/usagers-transports.haut-allier.eu\/index.php\/wp-json\/wp\/v2\/types\/post"}],"author":[{"embeddable":true,"href":"https:\/\/usagers-transports.haut-allier.eu\/index.php\/wp-json\/wp\/v2\/users\/1"}],"replies":[{"embeddable":true,"href":"https:\/\/usagers-transports.haut-allier.eu\/index.php\/wp-json\/wp\/v2\/comments?post=125"}],"version-history":[{"count":0,"href":"https:\/\/usagers-transports.haut-allier.eu\/index.php\/wp-json\/wp\/v2\/posts\/125\/revisions"}],"wp:attachment":[{"href":"https:\/\/usagers-transports.haut-allier.eu\/index.php\/wp-json\/wp\/v2\/media?parent=125"}],"wp:term":[{"taxonomy":"category","embeddable":true,"href":"https:\/\/usagers-transports.haut-allier.eu\/index.php\/wp-json\/wp\/v2\/categories?post=125"},{"taxonomy":"post_tag","embeddable":true,"href":"https:\/\/usagers-transports.haut-allier.eu\/index.php\/wp-json\/wp\/v2\/tags?post=125"}],"curies":[{"name":"wp","href":"https:\/\/api.w.org\/{rel}","templated":true}]}}