{"id":1250,"date":"2025-12-20T08:37:08","date_gmt":"2025-12-20T07:37:08","guid":{"rendered":"http:\/\/5.45.101.177\/haut-allier\/usagers-transportse\/index.php\/2025\/12\/20\/pass-transports-espagne-60e-mois1250\/"},"modified":"2026-09-01T16:11:43","modified_gmt":"2026-09-01T14:11:43","slug":"pass-transports-espagne-60e-mois1250","status":"publish","type":"post","link":"https:\/\/usagers-transports.haut-allier.eu\/index.php\/2025\/12\/20\/pass-transports-espagne-60e-mois1250\/","title":{"rendered":"Pass transports : Espagne 60 euros\/mois, Allemagne 63, Hongrie 49, Portugal 20. Et en France ?"},"content":{"rendered":"En France introduit l&rsquo;\u00e9t\u00e9 en 2023 pour les trains TER et Intercit\u00e9s et \u00e0 destination des  jeunes de moins de 27 ans, il n&rsquo;aura \u00e9t\u00e9 reconduit qu&rsquo;en 2024 puis abandonn\u00e9. Copi\u00e9 sur le succ\u00e8s massif du \u00ab\u00a0Deutschlandticket\u00a0\u00bb, il n&rsquo;aura pas fait long feu. Un peu comme les trains de nuit, mis en place apr\u00e8s l&rsquo;engouement g\u00e9n\u00e9ral europ\u00e9en et le sentiment de honte de prendre l&rsquo;avion, initi\u00e9 pendant le COVID, mais qui lui aussi aura fait long feu. Voir le d\u00e9veloppement continu des lignes a\u00e9riennes qui a repris de plus belle.\n\n<em>La carte des vols en direct captur\u00e9e ce samedi 20 d\u00e9cembre 2025 \u00e0 08:00 :<\/em>\n\n<img loading=\"lazy\" decoding=\"async\" class=\" aligncenter size-full wp-image-5695\" src=\"http:\/\/5.45.101.177\/haut-allier\/usagers-transportse\/wp-content\/uploads\/2025\/12\/74e4cb14-97d2-46a4-8bf1-e13cd036e7a3.jpg\" alt=\"74e4cb14-97d2-46a4-8bf1-e13cd036e7a3.jpg\" align=\"center\" width=\"1107\" height=\"558\" srcset=\"https:\/\/usagers-transports.haut-allier.eu\/wp-content\/uploads\/2025\/12\/74e4cb14-97d2-46a4-8bf1-e13cd036e7a3.jpg 1107w, https:\/\/usagers-transports.haut-allier.eu\/wp-content\/uploads\/2025\/12\/74e4cb14-97d2-46a4-8bf1-e13cd036e7a3-300x151.jpg 300w, https:\/\/usagers-transports.haut-allier.eu\/wp-content\/uploads\/2025\/12\/74e4cb14-97d2-46a4-8bf1-e13cd036e7a3-1024x516.jpg 1024w, https:\/\/usagers-transports.haut-allier.eu\/wp-content\/uploads\/2025\/12\/74e4cb14-97d2-46a4-8bf1-e13cd036e7a3-768x387.jpg 768w\" sizes=\"auto, (max-width: 1107px) 100vw, 1107px\" \/>\n\nUn petit rappel : pour un m\u00eame voyage l&rsquo;avion \u00e9met 30 \u00e0 50 fois plus de CO2 que le train. La honte avait ses bonnes raisons.\n\nMais c&rsquo;est du pass\u00e9. Les difficult\u00e9s notamment en France pour r\u00e9aliser un trajet en train de bout en bout s&rsquo;accroissent : rames sous dimensionn\u00e9es, insuffisance de trains, prix des TER dans certaines r\u00e9gions souvent exhorbitants, infrastructure d\u00e9grad\u00e9e, horaires d\u00e9grad\u00e9s, phobie s\u00e9curitaire et insuffisance de maintenance qui fait annuler les trains d\u00e8s qu&rsquo;il pleut, vente, neige, etc. Ajoutons \u00e0 cel\u00e0 le repli des pays dans leurs fronti\u00e8res qui fait que la plupart des trains transfrontaliers a \u00e9t\u00e9 supprim\u00e9e, et on arrive vite \u00e0 la conclusion que les citoyens, pourtant tr\u00e8s favorables au train, sont d\u00e9courag\u00e9s et se retournent vers leur voiture pour les courts et moyens trajets, vers l&rsquo;avion pour le reste. Liaisons a\u00e9riennes encourag\u00e9es par les subventions publiques.\n\nOn marche sur la t\u00eate oui, mais il semble qu&rsquo;on en soit fier.\n\nEn tous cas regardons avec envie les pays europ\u00e9ens qui ont une politique tarifaire favorable au train avec cet article d&rsquo;Euronews qui fait le point sur les pass transports :\n\nhttps:\/\/fr.euronews.com\/voyages\/2025\/12\/16\/lespagne-lance-un-pass-de-transport-a-60-par-mois-quels-autres-pays-europeens-loffrent#vuukle-comments-2855066\n\n<img loading=\"lazy\" decoding=\"async\" class=\" aligncenter size-full wp-image-5696\" src=\"http:\/\/5.45.101.177\/haut-allier\/usagers-transportse\/wp-content\/uploads\/2025\/12\/6e5f1b62-61c5-4630-9705-c711175efd41-scaled.jpg\" alt=\"6e5f1b62-61c5-4630-9705-c711175efd41.jpg\" align=\"center\" width=\"549\" height=\"2560\" srcset=\"https:\/\/usagers-transports.haut-allier.eu\/wp-content\/uploads\/2025\/12\/6e5f1b62-61c5-4630-9705-c711175efd41-scaled.jpg 549w, https:\/\/usagers-transports.haut-allier.eu\/wp-content\/uploads\/2025\/12\/6e5f1b62-61c5-4630-9705-c711175efd41-439x2048.jpg 439w\" sizes=\"auto, (max-width: 549px) 100vw, 549px\" \/>\n\nLes jeunes g\u00e9n\u00e9rations savent d\u00e9sormais quels sont les pays qui leur sont favorables.\n\n \n<p>&nbsp;<\/p>\n\n\t<figure class=\"wp-block-gallery columns-1 is-cropped wp-block-gallery-1 is-layout-flex wp-block-gallery-is-layout-flex\">\n\t\t<ul class=\"blocks-gallery-grid\">\n\t\t\t<li class=\"blocks-gallery-item\">\n\t\t\t\t<figure>\n\t\t\t\t\t\t\t\t\t\t\t<img loading=\"lazy\" decoding=\"async\" width=\"2560\" height=\"1440\" src=\"http:\/\/5.45.101.177\/haut-allier\/usagers-transportse\/wp-content\/uploads\/2025\/12\/img_20240505_082336_235-scaled.jpg\"\n\t\t\t\t\t\t alt=\"img_20240505_082336_235.jpg\"\n\t\t\t\t\t\t data-id=\"5697\"\n\t\t\t\t\t\t data-full-url=\"http:\/\/5.45.101.177\/haut-allier\/usagers-transportse\/wp-content\/uploads\/2025\/12\/img_20240505_082336_235-scaled.jpg\"\n\t\t\t\t\t\t data-link=\"http:\/\/5.45.101.177\/haut-allier\/usagers-transportse\/attachment-img_20240505_082336_235-jpg\/\"\n\t\t\t\t\t\t class=\"wp-image-5697\" srcset=\"https:\/\/usagers-transports.haut-allier.eu\/wp-content\/uploads\/2025\/12\/img_20240505_082336_235-scaled.jpg 2560w, https:\/\/usagers-transports.haut-allier.eu\/wp-content\/uploads\/2025\/12\/img_20240505_082336_235-300x169.jpg 300w, https:\/\/usagers-transports.haut-allier.eu\/wp-content\/uploads\/2025\/12\/img_20240505_082336_235-1024x576.jpg 1024w, https:\/\/usagers-transports.haut-allier.eu\/wp-content\/uploads\/2025\/12\/img_20240505_082336_235-768x432.jpg 768w, https:\/\/usagers-transports.haut-allier.eu\/wp-content\/uploads\/2025\/12\/img_20240505_082336_235-1536x864.jpg 1536w, https:\/\/usagers-transports.haut-allier.eu\/wp-content\/uploads\/2025\/12\/img_20240505_082336_235-2048x1152.jpg 2048w\" sizes=\"auto, (max-width: 2560px) 100vw, 2560px\" \/>\n\t\t\t\t<\/figure>\n\t\t\t<\/li>\n\t\t<\/ul>\n\t<\/figure>\n","protected":false},"excerpt":{"rendered":"<p>En France introduit l&rsquo;\u00e9t\u00e9 en 2023 pour les trains TER et Intercit\u00e9s et \u00e0 destination des jeunes de<\/p>\n","protected":false},"author":2,"featured_media":5695,"comment_status":"open","ping_status":"open","sticky":false,"template":"","format":"standard","meta":{"footnotes":""},"categories":[2],"tags":[],"class_list":["post-1250","post","type-post","status-publish","format-standard","has-post-thumbnail","hentry","category-infos"],"_links":{"self":[{"href":"https:\/\/usagers-transports.haut-allier.eu\/index.php\/wp-json\/wp\/v2\/posts\/1250","targetHints":{"allow":["GET"]}}],"collection":[{"href":"https:\/\/usagers-transports.haut-allier.eu\/index.php\/wp-json\/wp\/v2\/posts"}],"about":[{"href":"https:\/\/usagers-transports.haut-allier.eu\/index.php\/wp-json\/wp\/v2\/types\/post"}],"author":[{"embeddable":true,"href":"https:\/\/usagers-transports.haut-allier.eu\/index.php\/wp-json\/wp\/v2\/users\/2"}],"replies":[{"embeddable":true,"href":"https:\/\/usagers-transports.haut-allier.eu\/index.php\/wp-json\/wp\/v2\/comments?post=1250"}],"version-history":[{"count":1,"href":"https:\/\/usagers-transports.haut-allier.eu\/index.php\/wp-json\/wp\/v2\/posts\/1250\/revisions"}],"predecessor-version":[{"id":5698,"href":"https:\/\/usagers-transports.haut-allier.eu\/index.php\/wp-json\/wp\/v2\/posts\/1250\/revisions\/5698"}],"wp:featuredmedia":[{"embeddable":true,"href":"https:\/\/usagers-transports.haut-allier.eu\/index.php\/wp-json\/wp\/v2\/media\/5695"}],"wp:attachment":[{"href":"https:\/\/usagers-transports.haut-allier.eu\/index.php\/wp-json\/wp\/v2\/media?parent=1250"}],"wp:term":[{"taxonomy":"category","embeddable":true,"href":"https:\/\/usagers-transports.haut-allier.eu\/index.php\/wp-json\/wp\/v2\/categories?post=1250"},{"taxonomy":"post_tag","embeddable":true,"href":"https:\/\/usagers-transports.haut-allier.eu\/index.php\/wp-json\/wp\/v2\/tags?post=1250"}],"curies":[{"name":"wp","href":"https:\/\/api.w.org\/{rel}","templated":true}]}}