{"id":1251,"date":"2025-12-22T09:05:38","date_gmt":"2025-12-22T08:05:38","guid":{"rendered":"http:\/\/5.45.101.177\/haut-allier\/usagers-transportse\/index.php\/2025\/12\/22\/ligne-des-cevennes-circulations1251\/"},"modified":"2026-09-01T16:11:50","modified_gmt":"2026-09-01T14:11:50","slug":"ligne-des-cevennes-circulations1251","status":"publish","type":"post","link":"https:\/\/usagers-transports.haut-allier.eu\/index.php\/2025\/12\/22\/ligne-des-cevennes-circulations1251\/","title":{"rendered":"Ligne des C\u00e9vennes et des Causses : circulations des trains supprim\u00e9es jusqu&rsquo;au 23 d\u00e9cembre en raison des intemp\u00e9ries [MAJ]"},"content":{"rendered":"L&rsquo;\u00e9pisode C\u00e9venol dont on attend la fin aujourd&rsquo;hui et demain a occasionn\u00e9 une suppression de tous les trains entre Al\u00e8s et Mende \u00ab\u00a0afin de garantir la s\u00e9curit\u00e9 des voyageurs\u00a0\u00bb s&rsquo;excuse la SNCF.\n\n<em>\u00ab\u00a0Il pleut pas de train, il neige pas de train, il g\u00e8le pas de train, il vente pas de train, canicule pas de train&#8230; C&rsquo;est pas un train c&rsquo;est une grenouille. Pour savoir quelle temps il va faire regarde ton appli TER.\u00a0\u00bb<\/em> vocif\u00e8re un usager.\n \nRien non plus au nord de Langogne, moins touch\u00e9 par les al\u00e9as, mais bien \u00ab\u00a0solidaire\u00a0\u00bb du sud.\n\nCel\u00e0 tombe \u00e0 pic \u00e0 la veille de No\u00ebl, au moment o\u00f9 petits et grands vont rejoindre leur famille souvent en train. L\u00e0 il faudra attendre le 24 d\u00e9cembre pour esp\u00e9rer voir les quelques trains de l&rsquo;axe, dont certains sont d\u00e9j\u00e0 pris d&rsquo;assaut et complets. De bonnes bousculades en perspectives. Prenez le train !\n\nA l&rsquo;insistance de Jean-Luc Gibelin, charg\u00e9 des transports en r\u00e9gion Occitanie, quelques rares bus de substitution ont \u00e9t\u00e9 mis en place. Car&#8230; les bus passent sur les routes d\u00e9tremp\u00e9es, mais pas les trains.\n\nVoici les fiches horaires officielles de LIO TER SNCF :\n\n<img loading=\"lazy\" decoding=\"async\" class=\" aligncenter size-full wp-image-5699\" src=\"http:\/\/5.45.101.177\/haut-allier\/usagers-transportse\/wp-content\/uploads\/2025\/12\/nimes_ales_la_bastide_marvejols_clermont_ferrand_22_decembre-b.jpg\" alt=\"nimes_ales_la_bastide_marvejols_clermont_ferrand_22_decembre-b.jpg\" align=\"center\" width=\"1413\" height=\"1999\" srcset=\"https:\/\/usagers-transports.haut-allier.eu\/wp-content\/uploads\/2025\/12\/nimes_ales_la_bastide_marvejols_clermont_ferrand_22_decembre-b.jpg 1413w, https:\/\/usagers-transports.haut-allier.eu\/wp-content\/uploads\/2025\/12\/nimes_ales_la_bastide_marvejols_clermont_ferrand_22_decembre-b-212x300.jpg 212w, https:\/\/usagers-transports.haut-allier.eu\/wp-content\/uploads\/2025\/12\/nimes_ales_la_bastide_marvejols_clermont_ferrand_22_decembre-b-724x1024.jpg 724w, https:\/\/usagers-transports.haut-allier.eu\/wp-content\/uploads\/2025\/12\/nimes_ales_la_bastide_marvejols_clermont_ferrand_22_decembre-b-768x1087.jpg 768w, https:\/\/usagers-transports.haut-allier.eu\/wp-content\/uploads\/2025\/12\/nimes_ales_la_bastide_marvejols_clermont_ferrand_22_decembre-b-1086x1536.jpg 1086w\" sizes=\"auto, (max-width: 1413px) 100vw, 1413px\" \/>\n\n<img loading=\"lazy\" decoding=\"async\" class=\" aligncenter size-full wp-image-5700\" src=\"http:\/\/5.45.101.177\/haut-allier\/usagers-transportse\/wp-content\/uploads\/2025\/12\/nimes_ales_la_bastide_marvejols_clermont_ferrand_22_decembre.jpg\" alt=\"nimes_ales_la_bastide_marvejols_clermont_ferrand_22_decembre.jpg\" align=\"center\" width=\"1413\" height=\"1999\" srcset=\"https:\/\/usagers-transports.haut-allier.eu\/wp-content\/uploads\/2025\/12\/nimes_ales_la_bastide_marvejols_clermont_ferrand_22_decembre.jpg 1413w, https:\/\/usagers-transports.haut-allier.eu\/wp-content\/uploads\/2025\/12\/nimes_ales_la_bastide_marvejols_clermont_ferrand_22_decembre-212x300.jpg 212w, https:\/\/usagers-transports.haut-allier.eu\/wp-content\/uploads\/2025\/12\/nimes_ales_la_bastide_marvejols_clermont_ferrand_22_decembre-724x1024.jpg 724w, https:\/\/usagers-transports.haut-allier.eu\/wp-content\/uploads\/2025\/12\/nimes_ales_la_bastide_marvejols_clermont_ferrand_22_decembre-768x1087.jpg 768w, https:\/\/usagers-transports.haut-allier.eu\/wp-content\/uploads\/2025\/12\/nimes_ales_la_bastide_marvejols_clermont_ferrand_22_decembre-1086x1536.jpg 1086w\" sizes=\"auto, (max-width: 1413px) 100vw, 1413px\" \/>\n\nEn PDF :\n<a href=\"http:\/\/5.45.101.177\/haut-allier\/usagers-transportse\/wp-content\/uploads\/2025\/12\/nimes_ales_la_bastide_marvejols_clermont_ferrand_22_decembre.pdf\">nimes_ales_la_bastide_marvejols_clermont_ferrand_22_decembre.pdf<\/a>\n\n[fond rouge][blanc]<strong>Et au nord de Langogne ?<\/strong>[\/blanc][\/fond rouge]\n\nSNCF TER AURA supprime \u00e9galement tous les trains entre Langogne et Langeac :\n\n<img loading=\"lazy\" decoding=\"async\" class=\" aligncenter size-full wp-image-5702\" src=\"http:\/\/5.45.101.177\/haut-allier\/usagers-transportse\/wp-content\/uploads\/2025\/12\/fh08_ligne_08___clermont_ferrand_-_nimes_lundi-22-da_c_cembre-2025_a3_v1-1.jpg\" alt=\"fh08_ligne_08___clermont_ferrand_-_nimes_lundi-22-da_c_cembre-2025_a3_v1-1.jpg\" align=\"center\" width=\"1403\" height=\"1984\" srcset=\"https:\/\/usagers-transports.haut-allier.eu\/wp-content\/uploads\/2025\/12\/fh08_ligne_08___clermont_ferrand_-_nimes_lundi-22-da_c_cembre-2025_a3_v1-1.jpg 1403w, https:\/\/usagers-transports.haut-allier.eu\/wp-content\/uploads\/2025\/12\/fh08_ligne_08___clermont_ferrand_-_nimes_lundi-22-da_c_cembre-2025_a3_v1-1-212x300.jpg 212w, https:\/\/usagers-transports.haut-allier.eu\/wp-content\/uploads\/2025\/12\/fh08_ligne_08___clermont_ferrand_-_nimes_lundi-22-da_c_cembre-2025_a3_v1-1-724x1024.jpg 724w, https:\/\/usagers-transports.haut-allier.eu\/wp-content\/uploads\/2025\/12\/fh08_ligne_08___clermont_ferrand_-_nimes_lundi-22-da_c_cembre-2025_a3_v1-1-768x1086.jpg 768w, https:\/\/usagers-transports.haut-allier.eu\/wp-content\/uploads\/2025\/12\/fh08_ligne_08___clermont_ferrand_-_nimes_lundi-22-da_c_cembre-2025_a3_v1-1-1086x1536.jpg 1086w\" sizes=\"auto, (max-width: 1403px) 100vw, 1403px\" \/>\n\n<img loading=\"lazy\" decoding=\"async\" class=\" aligncenter size-full wp-image-5703\" src=\"http:\/\/5.45.101.177\/haut-allier\/usagers-transportse\/wp-content\/uploads\/2025\/12\/fh08_ligne_08___clermont_ferrand_-_nimes_lundi-22-da_c_cembre-2025_a3_v1-2.jpg\" alt=\"fh08_ligne_08___clermont_ferrand_-_nimes_lundi-22-da_c_cembre-2025_a3_v1-2.jpg\" align=\"center\" width=\"1403\" height=\"1984\" srcset=\"https:\/\/usagers-transports.haut-allier.eu\/wp-content\/uploads\/2025\/12\/fh08_ligne_08___clermont_ferrand_-_nimes_lundi-22-da_c_cembre-2025_a3_v1-2.jpg 1403w, https:\/\/usagers-transports.haut-allier.eu\/wp-content\/uploads\/2025\/12\/fh08_ligne_08___clermont_ferrand_-_nimes_lundi-22-da_c_cembre-2025_a3_v1-2-212x300.jpg 212w, https:\/\/usagers-transports.haut-allier.eu\/wp-content\/uploads\/2025\/12\/fh08_ligne_08___clermont_ferrand_-_nimes_lundi-22-da_c_cembre-2025_a3_v1-2-724x1024.jpg 724w, https:\/\/usagers-transports.haut-allier.eu\/wp-content\/uploads\/2025\/12\/fh08_ligne_08___clermont_ferrand_-_nimes_lundi-22-da_c_cembre-2025_a3_v1-2-768x1086.jpg 768w, https:\/\/usagers-transports.haut-allier.eu\/wp-content\/uploads\/2025\/12\/fh08_ligne_08___clermont_ferrand_-_nimes_lundi-22-da_c_cembre-2025_a3_v1-2-1086x1536.jpg 1086w\" sizes=\"auto, (max-width: 1403px) 100vw, 1403px\" \/>\n\n<img loading=\"lazy\" decoding=\"async\" class=\" aligncenter size-full wp-image-5704\" src=\"http:\/\/5.45.101.177\/haut-allier\/usagers-transportse\/wp-content\/uploads\/2025\/12\/fh08_ligne_08___clermont_ferrand_-_nimes_lundi-22-da_c_cembre-2025_a3_v1-3.jpg\" alt=\"fh08_ligne_08___clermont_ferrand_-_nimes_lundi-22-da_c_cembre-2025_a3_v1-3.jpg\" align=\"center\" width=\"1403\" height=\"1984\" srcset=\"https:\/\/usagers-transports.haut-allier.eu\/wp-content\/uploads\/2025\/12\/fh08_ligne_08___clermont_ferrand_-_nimes_lundi-22-da_c_cembre-2025_a3_v1-3.jpg 1403w, https:\/\/usagers-transports.haut-allier.eu\/wp-content\/uploads\/2025\/12\/fh08_ligne_08___clermont_ferrand_-_nimes_lundi-22-da_c_cembre-2025_a3_v1-3-212x300.jpg 212w, https:\/\/usagers-transports.haut-allier.eu\/wp-content\/uploads\/2025\/12\/fh08_ligne_08___clermont_ferrand_-_nimes_lundi-22-da_c_cembre-2025_a3_v1-3-724x1024.jpg 724w, https:\/\/usagers-transports.haut-allier.eu\/wp-content\/uploads\/2025\/12\/fh08_ligne_08___clermont_ferrand_-_nimes_lundi-22-da_c_cembre-2025_a3_v1-3-768x1086.jpg 768w, https:\/\/usagers-transports.haut-allier.eu\/wp-content\/uploads\/2025\/12\/fh08_ligne_08___clermont_ferrand_-_nimes_lundi-22-da_c_cembre-2025_a3_v1-3-1086x1536.jpg 1086w\" sizes=\"auto, (max-width: 1403px) 100vw, 1403px\" \/>\n\nEt le PDF :\n\n<a href=\"http:\/\/5.45.101.177\/haut-allier\/usagers-transportse\/wp-content\/uploads\/2025\/12\/fh08_ligne_08___clermont_ferrand_-_nimes_lundi-22-da_c_cembre-2025_a3_v1.pdf\">fh08_ligne_08___clermont_ferrand_-_nimes_lundi-22-da_c_cembre-2025_a3_v1.pdf<\/a>\n\nNous avons contact\u00e9 d\u00e8s samedi SNCF Voyageurs Auvergne Rh\u00f4ne Alpes pour r\u00e9clamer un moyen de substitution, au moins du taxi \u00e0 la demande (TAD) ou des minibus qui peuvent descendre dans les gorges : ce matin lundi pas de r\u00e9ponse. Les usagers des gares de Monistrol, Alleyras et Chapeauroux remercient chaleureusement la soci\u00e9t\u00e9 ferroviaire et la r\u00e9gion Auvergne Rh\u00f4ne Alpes. \n\nOui les usagers sont tr\u00e8s reconnaissants \u00e0 l&rsquo;entreprise SNCF pour l&rsquo;aveu de son incapacit\u00e9 \u00e0 faire circuler des trains d\u00e8s que le taux d&rsquo;hygrom\u00e9trie d\u00e9passe 50%, d\u00e8s que le vent d\u00e9passe 50 km\/h, d\u00e8s qu&rsquo;il fait plus de 28\u00b0, d\u00e8s qu&rsquo;il neige plus de 5 cm, d\u00e8s que la temp\u00e9rature descend au dessous de 0. \n\nPour demain mardi 23 on pourra quand m\u00eame surveiller vers 17h :\n\nhttps:\/\/www.ter.sncf.com\/auvergne-rhone-alpes\/se-deplacer\/fiches-horaires\net\nhttps:\/\/www.ter.sncf.com\/occitanie\/se-deplacer\/fiches-horaires     \n\n[fond rouge][blanc]<strong>[Mise \u00e0 jour de lundi 22 d\u00e9cembre 19h]<\/strong>[\/blanc][\/fond rouge]\n\nIl semble que \u00e7a commence \u00e0 recirculer demain \u00e0 partir de l&rsquo;apr\u00e8s midi :\n\n&#8211; C\u00f4t\u00e9 TER SNCF AuRA :\n\n<img loading=\"lazy\" decoding=\"async\" class=\" aligncenter size-full wp-image-5706\" src=\"http:\/\/5.45.101.177\/haut-allier\/usagers-transportse\/wp-content\/uploads\/2025\/12\/fh08_ligne_08___clermont_ferrand_-_nimes_mardi-23-da_c_cembre-2025_a3_v1-1.jpg\" alt=\"fh08_ligne_08___clermont_ferrand_-_nimes_mardi-23-da_c_cembre-2025_a3_v1-1.jpg\" align=\"center\" width=\"1403\" height=\"1984\" srcset=\"https:\/\/usagers-transports.haut-allier.eu\/wp-content\/uploads\/2025\/12\/fh08_ligne_08___clermont_ferrand_-_nimes_mardi-23-da_c_cembre-2025_a3_v1-1.jpg 1403w, https:\/\/usagers-transports.haut-allier.eu\/wp-content\/uploads\/2025\/12\/fh08_ligne_08___clermont_ferrand_-_nimes_mardi-23-da_c_cembre-2025_a3_v1-1-212x300.jpg 212w, https:\/\/usagers-transports.haut-allier.eu\/wp-content\/uploads\/2025\/12\/fh08_ligne_08___clermont_ferrand_-_nimes_mardi-23-da_c_cembre-2025_a3_v1-1-724x1024.jpg 724w, https:\/\/usagers-transports.haut-allier.eu\/wp-content\/uploads\/2025\/12\/fh08_ligne_08___clermont_ferrand_-_nimes_mardi-23-da_c_cembre-2025_a3_v1-1-768x1086.jpg 768w, https:\/\/usagers-transports.haut-allier.eu\/wp-content\/uploads\/2025\/12\/fh08_ligne_08___clermont_ferrand_-_nimes_mardi-23-da_c_cembre-2025_a3_v1-1-1086x1536.jpg 1086w\" sizes=\"auto, (max-width: 1403px) 100vw, 1403px\" \/>\n<img loading=\"lazy\" decoding=\"async\" class=\" aligncenter size-full wp-image-5707\" src=\"http:\/\/5.45.101.177\/haut-allier\/usagers-transportse\/wp-content\/uploads\/2025\/12\/fh08_ligne_08___clermont_ferrand_-_nimes_mardi-23-da_c_cembre-2025_a3_v1-2.jpg\" alt=\"fh08_ligne_08___clermont_ferrand_-_nimes_mardi-23-da_c_cembre-2025_a3_v1-2.jpg\" align=\"center\" width=\"1403\" height=\"1984\" srcset=\"https:\/\/usagers-transports.haut-allier.eu\/wp-content\/uploads\/2025\/12\/fh08_ligne_08___clermont_ferrand_-_nimes_mardi-23-da_c_cembre-2025_a3_v1-2.jpg 1403w, https:\/\/usagers-transports.haut-allier.eu\/wp-content\/uploads\/2025\/12\/fh08_ligne_08___clermont_ferrand_-_nimes_mardi-23-da_c_cembre-2025_a3_v1-2-212x300.jpg 212w, https:\/\/usagers-transports.haut-allier.eu\/wp-content\/uploads\/2025\/12\/fh08_ligne_08___clermont_ferrand_-_nimes_mardi-23-da_c_cembre-2025_a3_v1-2-724x1024.jpg 724w, https:\/\/usagers-transports.haut-allier.eu\/wp-content\/uploads\/2025\/12\/fh08_ligne_08___clermont_ferrand_-_nimes_mardi-23-da_c_cembre-2025_a3_v1-2-768x1086.jpg 768w, https:\/\/usagers-transports.haut-allier.eu\/wp-content\/uploads\/2025\/12\/fh08_ligne_08___clermont_ferrand_-_nimes_mardi-23-da_c_cembre-2025_a3_v1-2-1086x1536.jpg 1086w\" sizes=\"auto, (max-width: 1403px) 100vw, 1403px\" \/>\n<img loading=\"lazy\" decoding=\"async\" class=\" aligncenter size-full wp-image-5708\" src=\"http:\/\/5.45.101.177\/haut-allier\/usagers-transportse\/wp-content\/uploads\/2025\/12\/fh08_ligne_08___clermont_ferrand_-_nimes_mardi-23-da_c_cembre-2025_a3_v1-3.jpg\" alt=\"fh08_ligne_08___clermont_ferrand_-_nimes_mardi-23-da_c_cembre-2025_a3_v1-3.jpg\" align=\"center\" width=\"1403\" height=\"1984\" srcset=\"https:\/\/usagers-transports.haut-allier.eu\/wp-content\/uploads\/2025\/12\/fh08_ligne_08___clermont_ferrand_-_nimes_mardi-23-da_c_cembre-2025_a3_v1-3.jpg 1403w, https:\/\/usagers-transports.haut-allier.eu\/wp-content\/uploads\/2025\/12\/fh08_ligne_08___clermont_ferrand_-_nimes_mardi-23-da_c_cembre-2025_a3_v1-3-212x300.jpg 212w, https:\/\/usagers-transports.haut-allier.eu\/wp-content\/uploads\/2025\/12\/fh08_ligne_08___clermont_ferrand_-_nimes_mardi-23-da_c_cembre-2025_a3_v1-3-724x1024.jpg 724w, https:\/\/usagers-transports.haut-allier.eu\/wp-content\/uploads\/2025\/12\/fh08_ligne_08___clermont_ferrand_-_nimes_mardi-23-da_c_cembre-2025_a3_v1-3-768x1086.jpg 768w, https:\/\/usagers-transports.haut-allier.eu\/wp-content\/uploads\/2025\/12\/fh08_ligne_08___clermont_ferrand_-_nimes_mardi-23-da_c_cembre-2025_a3_v1-3-1086x1536.jpg 1086w\" sizes=\"auto, (max-width: 1403px) 100vw, 1403px\" \/>\n\nle PDF :\n\n<a href=\"http:\/\/5.45.101.177\/haut-allier\/usagers-transportse\/wp-content\/uploads\/2025\/12\/fh08_ligne_08___clermont_ferrand_-_nimes_mardi-23-da_c_cembre-2025_a3_v1.pdf\">fh08_ligne_08___clermont_ferrand_-_nimes_mardi-23-da_c_cembre-2025_a3_v1.pdf<\/a>\n\n&#8211; C\u00f4t\u00e9 TER SNCF LIO :\n\n<img loading=\"lazy\" decoding=\"async\" class=\" aligncenter size-full wp-image-5710\" src=\"http:\/\/5.45.101.177\/haut-allier\/usagers-transportse\/wp-content\/uploads\/2025\/12\/nimes_la_bastide_marvejols_clermont_ferrand_23-12-1.jpg\" alt=\"nimes_la_bastide_marvejols_clermont_ferrand_23-12-1.jpg\" align=\"center\" width=\"1413\" height=\"1999\" srcset=\"https:\/\/usagers-transports.haut-allier.eu\/wp-content\/uploads\/2025\/12\/nimes_la_bastide_marvejols_clermont_ferrand_23-12-1.jpg 1413w, https:\/\/usagers-transports.haut-allier.eu\/wp-content\/uploads\/2025\/12\/nimes_la_bastide_marvejols_clermont_ferrand_23-12-1-212x300.jpg 212w, https:\/\/usagers-transports.haut-allier.eu\/wp-content\/uploads\/2025\/12\/nimes_la_bastide_marvejols_clermont_ferrand_23-12-1-724x1024.jpg 724w, https:\/\/usagers-transports.haut-allier.eu\/wp-content\/uploads\/2025\/12\/nimes_la_bastide_marvejols_clermont_ferrand_23-12-1-768x1087.jpg 768w, https:\/\/usagers-transports.haut-allier.eu\/wp-content\/uploads\/2025\/12\/nimes_la_bastide_marvejols_clermont_ferrand_23-12-1-1086x1536.jpg 1086w\" sizes=\"auto, (max-width: 1413px) 100vw, 1413px\" \/>\n<img loading=\"lazy\" decoding=\"async\" class=\" aligncenter size-full wp-image-5711\" src=\"http:\/\/5.45.101.177\/haut-allier\/usagers-transportse\/wp-content\/uploads\/2025\/12\/nimes_la_bastide_marvejols_clermont_ferrand_23-12-2.jpg\" alt=\"nimes_la_bastide_marvejols_clermont_ferrand_23-12-2.jpg\" align=\"center\" width=\"1413\" height=\"1999\" srcset=\"https:\/\/usagers-transports.haut-allier.eu\/wp-content\/uploads\/2025\/12\/nimes_la_bastide_marvejols_clermont_ferrand_23-12-2.jpg 1413w, https:\/\/usagers-transports.haut-allier.eu\/wp-content\/uploads\/2025\/12\/nimes_la_bastide_marvejols_clermont_ferrand_23-12-2-212x300.jpg 212w, https:\/\/usagers-transports.haut-allier.eu\/wp-content\/uploads\/2025\/12\/nimes_la_bastide_marvejols_clermont_ferrand_23-12-2-724x1024.jpg 724w, https:\/\/usagers-transports.haut-allier.eu\/wp-content\/uploads\/2025\/12\/nimes_la_bastide_marvejols_clermont_ferrand_23-12-2-768x1087.jpg 768w, https:\/\/usagers-transports.haut-allier.eu\/wp-content\/uploads\/2025\/12\/nimes_la_bastide_marvejols_clermont_ferrand_23-12-2-1086x1536.jpg 1086w\" sizes=\"auto, (max-width: 1413px) 100vw, 1413px\" \/>\n\net le PDF :\n\n<a href=\"http:\/\/5.45.101.177\/haut-allier\/usagers-transportse\/wp-content\/uploads\/2025\/12\/nimes_la_bastide_marvejols_clermont_ferrand_23-12.pdf\">nimes_la_bastide_marvejols_clermont_ferrand_23-12.pdf<\/a>\n\n[fond rouge][blanc]<strong>[Mise \u00e0 jour du 23 d\u00e9cembre \u00e0 7h]<\/strong>[\/blanc][\/fond rouge]\n\nSur la ligne des Causses B\u00e9ziers Clermont-Ferrand en raison de la neige en Aveyron notamment la circulation de l&rsquo;Intercit\u00e9s 15940 quotidien est annul\u00e9e.\n\nLes TER Lio Occitanie circulent apparemment normalement.\n\n<img loading=\"lazy\" decoding=\"async\" class=\" aligncenter size-full wp-image-5713\" src=\"http:\/\/5.45.101.177\/haut-allier\/usagers-transportse\/wp-content\/uploads\/2025\/12\/c2aaa318-a54f-45d5-a376-f97936652e04.jpg\" alt=\"c2aaa318-a54f-45d5-a376-f97936652e04.jpg\" align=\"center\" width=\"689\" height=\"145\" srcset=\"https:\/\/usagers-transports.haut-allier.eu\/wp-content\/uploads\/2025\/12\/c2aaa318-a54f-45d5-a376-f97936652e04.jpg 689w, https:\/\/usagers-transports.haut-allier.eu\/wp-content\/uploads\/2025\/12\/c2aaa318-a54f-45d5-a376-f97936652e04-300x63.jpg 300w\" sizes=\"auto, (max-width: 689px) 100vw, 689px\" \/>\n<p>&nbsp;<\/p>\n\n\t<figure class=\"wp-block-gallery columns-1 is-cropped wp-block-gallery-1 is-layout-flex wp-block-gallery-is-layout-flex\">\n\t\t<ul class=\"blocks-gallery-grid\">\n\t\t\t<li class=\"blocks-gallery-item\">\n\t\t\t\t<figure>\n\t\t\t\t\t\t\t\t\t\t\t<img loading=\"lazy\" decoding=\"async\" width=\"600\" height=\"539\" src=\"http:\/\/5.45.101.177\/haut-allier\/usagers-transportse\/wp-content\/uploads\/2025\/12\/logoecslldc.jpg\"\n\t\t\t\t\t\t alt=\"logoecslldc.jpg\"\n\t\t\t\t\t\t data-id=\"5714\"\n\t\t\t\t\t\t data-full-url=\"http:\/\/5.45.101.177\/haut-allier\/usagers-transportse\/wp-content\/uploads\/2025\/12\/logoecslldc.jpg\"\n\t\t\t\t\t\t data-link=\"http:\/\/5.45.101.177\/haut-allier\/usagers-transportse\/attachment-logoecslldc-jpg\/\"\n\t\t\t\t\t\t class=\"wp-image-5714\" srcset=\"https:\/\/usagers-transports.haut-allier.eu\/wp-content\/uploads\/2025\/12\/logoecslldc.jpg 600w, https:\/\/usagers-transports.haut-allier.eu\/wp-content\/uploads\/2025\/12\/logoecslldc-300x270.jpg 300w\" sizes=\"auto, (max-width: 600px) 100vw, 600px\" \/>\n\t\t\t\t<\/figure>\n\t\t\t<\/li>\n\t\t<\/ul>\n\t<\/figure>\n","protected":false},"excerpt":{"rendered":"<p>L&rsquo;\u00e9pisode C\u00e9venol dont on attend la fin aujourd&rsquo;hui et demain a occasionn\u00e9 une suppression de tous les trains<\/p>\n","protected":false},"author":2,"featured_media":5699,"comment_status":"open","ping_status":"open","sticky":false,"template":"","format":"standard","meta":{"footnotes":""},"categories":[2],"tags":[],"class_list":["post-1251","post","type-post","status-publish","format-standard","has-post-thumbnail","hentry","category-infos"],"_links":{"self":[{"href":"https:\/\/usagers-transports.haut-allier.eu\/index.php\/wp-json\/wp\/v2\/posts\/1251","targetHints":{"allow":["GET"]}}],"collection":[{"href":"https:\/\/usagers-transports.haut-allier.eu\/index.php\/wp-json\/wp\/v2\/posts"}],"about":[{"href":"https:\/\/usagers-transports.haut-allier.eu\/index.php\/wp-json\/wp\/v2\/types\/post"}],"author":[{"embeddable":true,"href":"https:\/\/usagers-transports.haut-allier.eu\/index.php\/wp-json\/wp\/v2\/users\/2"}],"replies":[{"embeddable":true,"href":"https:\/\/usagers-transports.haut-allier.eu\/index.php\/wp-json\/wp\/v2\/comments?post=1251"}],"version-history":[{"count":1,"href":"https:\/\/usagers-transports.haut-allier.eu\/index.php\/wp-json\/wp\/v2\/posts\/1251\/revisions"}],"predecessor-version":[{"id":5715,"href":"https:\/\/usagers-transports.haut-allier.eu\/index.php\/wp-json\/wp\/v2\/posts\/1251\/revisions\/5715"}],"wp:featuredmedia":[{"embeddable":true,"href":"https:\/\/usagers-transports.haut-allier.eu\/index.php\/wp-json\/wp\/v2\/media\/5699"}],"wp:attachment":[{"href":"https:\/\/usagers-transports.haut-allier.eu\/index.php\/wp-json\/wp\/v2\/media?parent=1251"}],"wp:term":[{"taxonomy":"category","embeddable":true,"href":"https:\/\/usagers-transports.haut-allier.eu\/index.php\/wp-json\/wp\/v2\/categories?post=1251"},{"taxonomy":"post_tag","embeddable":true,"href":"https:\/\/usagers-transports.haut-allier.eu\/index.php\/wp-json\/wp\/v2\/tags?post=1251"}],"curies":[{"name":"wp","href":"https:\/\/api.w.org\/{rel}","templated":true}]}}