{"id":1252,"date":"2026-01-12T10:54:56","date_gmt":"2026-01-12T09:54:56","guid":{"rendered":"http:\/\/5.45.101.177\/haut-allier\/usagers-transportse\/index.php\/2026\/01\/12\/la-colere-des-sans-trains-le-311252\/"},"modified":"2026-09-01T16:11:54","modified_gmt":"2026-09-01T14:11:54","slug":"la-colere-des-sans-trains-le-311252","status":"publish","type":"post","link":"https:\/\/usagers-transports.haut-allier.eu\/index.php\/2026\/01\/12\/la-colere-des-sans-trains-le-311252\/","title":{"rendered":"La Col\u00e8re des SANS TRAINS : le 31 janvier \u00e0 Limoges"},"content":{"rendered":"Rassemblement des usagers de Nouvelle Aquitaine, du Limousin, d\u2019Auvergne et du Massif Central le samedi 31 janvier \u00e0 Limoges, gare des B\u00e9n\u00e9dictins, initi\u00e9 par <a href=\"https:\/\/www.facebook.com\/AngouLim\/posts\/angoulim-appelle-aux-cot%C3%A9s-de-plus-de-20-organisations-de-d%C3%A9fense-du-ferroviaire\/884762014069098\/\"><em>Angoulim<\/em><\/a>, un collectif tr\u00e8s actif entre Angoul\u00eame et Limoges. Le collectif des usagers des transports du haut Allier et celui, r\u00e9gional, d&rsquo;AuRAil seront \u00e9videmment pr\u00e9sents pour porter les demandes des citoyens du Massif central.\n\nVoici le communiqu\u00e9 commun :\n\n<img loading=\"lazy\" decoding=\"async\" class=\" aligncenter size-full wp-image-5716\" src=\"http:\/\/5.45.101.177\/haut-allier\/usagers-transportse\/wp-content\/uploads\/2026\/01\/communique_l_appel_des_sans_trains_de_nouvelle_aquitaine_et_du_massif_central-1.jpg\" alt=\"communique_l_appel_des_sans_trains_de_nouvelle_aquitaine_et_du_massif_central-1.jpg\" align=\"center\" width=\"1413\" height=\"1999\" srcset=\"https:\/\/usagers-transports.haut-allier.eu\/wp-content\/uploads\/2026\/01\/communique_l_appel_des_sans_trains_de_nouvelle_aquitaine_et_du_massif_central-1.jpg 1413w, https:\/\/usagers-transports.haut-allier.eu\/wp-content\/uploads\/2026\/01\/communique_l_appel_des_sans_trains_de_nouvelle_aquitaine_et_du_massif_central-1-212x300.jpg 212w, https:\/\/usagers-transports.haut-allier.eu\/wp-content\/uploads\/2026\/01\/communique_l_appel_des_sans_trains_de_nouvelle_aquitaine_et_du_massif_central-1-724x1024.jpg 724w, https:\/\/usagers-transports.haut-allier.eu\/wp-content\/uploads\/2026\/01\/communique_l_appel_des_sans_trains_de_nouvelle_aquitaine_et_du_massif_central-1-768x1087.jpg 768w, https:\/\/usagers-transports.haut-allier.eu\/wp-content\/uploads\/2026\/01\/communique_l_appel_des_sans_trains_de_nouvelle_aquitaine_et_du_massif_central-1-1086x1536.jpg 1086w\" sizes=\"auto, (max-width: 1413px) 100vw, 1413px\" \/>\n\n<img loading=\"lazy\" decoding=\"async\" class=\" aligncenter size-full wp-image-5717\" src=\"http:\/\/5.45.101.177\/haut-allier\/usagers-transportse\/wp-content\/uploads\/2026\/01\/communique_l_appel_des_sans_trains_de_nouvelle_aquitaine_et_du_massif_central-2.jpg\" alt=\"communique_l_appel_des_sans_trains_de_nouvelle_aquitaine_et_du_massif_central-2.jpg\" align=\"center\" width=\"1413\" height=\"1999\" srcset=\"https:\/\/usagers-transports.haut-allier.eu\/wp-content\/uploads\/2026\/01\/communique_l_appel_des_sans_trains_de_nouvelle_aquitaine_et_du_massif_central-2.jpg 1413w, https:\/\/usagers-transports.haut-allier.eu\/wp-content\/uploads\/2026\/01\/communique_l_appel_des_sans_trains_de_nouvelle_aquitaine_et_du_massif_central-2-212x300.jpg 212w, https:\/\/usagers-transports.haut-allier.eu\/wp-content\/uploads\/2026\/01\/communique_l_appel_des_sans_trains_de_nouvelle_aquitaine_et_du_massif_central-2-724x1024.jpg 724w, https:\/\/usagers-transports.haut-allier.eu\/wp-content\/uploads\/2026\/01\/communique_l_appel_des_sans_trains_de_nouvelle_aquitaine_et_du_massif_central-2-768x1087.jpg 768w, https:\/\/usagers-transports.haut-allier.eu\/wp-content\/uploads\/2026\/01\/communique_l_appel_des_sans_trains_de_nouvelle_aquitaine_et_du_massif_central-2-1086x1536.jpg 1086w\" sizes=\"auto, (max-width: 1413px) 100vw, 1413px\" \/>\n\n<img loading=\"lazy\" decoding=\"async\" class=\" aligncenter size-full wp-image-5718\" src=\"http:\/\/5.45.101.177\/haut-allier\/usagers-transportse\/wp-content\/uploads\/2026\/01\/communique_l_appel_des_sans_trains_de_nouvelle_aquitaine_et_du_massif_central-3.jpg\" alt=\"communique_l_appel_des_sans_trains_de_nouvelle_aquitaine_et_du_massif_central-3.jpg\" align=\"center\" width=\"1413\" height=\"1999\" srcset=\"https:\/\/usagers-transports.haut-allier.eu\/wp-content\/uploads\/2026\/01\/communique_l_appel_des_sans_trains_de_nouvelle_aquitaine_et_du_massif_central-3.jpg 1413w, https:\/\/usagers-transports.haut-allier.eu\/wp-content\/uploads\/2026\/01\/communique_l_appel_des_sans_trains_de_nouvelle_aquitaine_et_du_massif_central-3-212x300.jpg 212w, https:\/\/usagers-transports.haut-allier.eu\/wp-content\/uploads\/2026\/01\/communique_l_appel_des_sans_trains_de_nouvelle_aquitaine_et_du_massif_central-3-724x1024.jpg 724w, https:\/\/usagers-transports.haut-allier.eu\/wp-content\/uploads\/2026\/01\/communique_l_appel_des_sans_trains_de_nouvelle_aquitaine_et_du_massif_central-3-768x1087.jpg 768w, https:\/\/usagers-transports.haut-allier.eu\/wp-content\/uploads\/2026\/01\/communique_l_appel_des_sans_trains_de_nouvelle_aquitaine_et_du_massif_central-3-1086x1536.jpg 1086w\" sizes=\"auto, (max-width: 1413px) 100vw, 1413px\" \/>\n\nEt le PDF :\n\n<a href=\"http:\/\/5.45.101.177\/haut-allier\/usagers-transportse\/wp-content\/uploads\/2026\/01\/communique_l_appel_des_sans_trains_de_nouvelle_aquitaine_et_du_massif_central.pdf\">communique_l_appel_des_sans_trains_de_nouvelle_aquitaine_et_du_massif_central.pdf<\/a>\n\nUne conf\u00e9rence de presse est organis\u00e9e la veille, le vendredi 30 janvier \u00e0 14h gare de Clermont-Ferrand par le collectif AuRAil :\n\n<a href=\"http:\/\/5.45.101.177\/haut-allier\/usagers-transportse\/wp-content\/uploads\/2026\/01\/cp-aurail-08janvier2026-v0.pdf\">cp-aurail-08janvier2026-v0.pdf<\/a>\n\nL&rsquo;affiche :\n\n<img loading=\"lazy\" decoding=\"async\" class=\" aligncenter size-full wp-image-5721\" src=\"http:\/\/5.45.101.177\/haut-allier\/usagers-transportse\/wp-content\/uploads\/2026\/01\/affiche_colere_des_sans_trains_31_janv_26_limoges-mg.jpg\" alt=\"affiche_colere_des_sans_trains_31_janv_26_limoges-mg.jpg\" align=\"center\" width=\"1413\" height=\"1844\" srcset=\"https:\/\/usagers-transports.haut-allier.eu\/wp-content\/uploads\/2026\/01\/affiche_colere_des_sans_trains_31_janv_26_limoges-mg.jpg 1413w, https:\/\/usagers-transports.haut-allier.eu\/wp-content\/uploads\/2026\/01\/affiche_colere_des_sans_trains_31_janv_26_limoges-mg-230x300.jpg 230w, https:\/\/usagers-transports.haut-allier.eu\/wp-content\/uploads\/2026\/01\/affiche_colere_des_sans_trains_31_janv_26_limoges-mg-785x1024.jpg 785w, https:\/\/usagers-transports.haut-allier.eu\/wp-content\/uploads\/2026\/01\/affiche_colere_des_sans_trains_31_janv_26_limoges-mg-768x1002.jpg 768w, https:\/\/usagers-transports.haut-allier.eu\/wp-content\/uploads\/2026\/01\/affiche_colere_des_sans_trains_31_janv_26_limoges-mg-1177x1536.jpg 1177w\" sizes=\"auto, (max-width: 1413px) 100vw, 1413px\" \/>\n\n<strong>Les retours presse :<\/strong>\n\n&#8211; Le Monde du 20 janvier 2026\n\n<img loading=\"lazy\" decoding=\"async\" class=\" aligncenter size-full wp-image-5722\" src=\"http:\/\/5.45.101.177\/haut-allier\/usagers-transportse\/wp-content\/uploads\/2026\/01\/lemonde-20janvier2027-scaled.jpg\" alt=\"lemonde-20janvier2027.jpg\" align=\"center\" width=\"2560\" height=\"1825\" srcset=\"https:\/\/usagers-transports.haut-allier.eu\/wp-content\/uploads\/2026\/01\/lemonde-20janvier2027-scaled.jpg 2560w, https:\/\/usagers-transports.haut-allier.eu\/wp-content\/uploads\/2026\/01\/lemonde-20janvier2027-300x214.jpg 300w, https:\/\/usagers-transports.haut-allier.eu\/wp-content\/uploads\/2026\/01\/lemonde-20janvier2027-1024x730.jpg 1024w, https:\/\/usagers-transports.haut-allier.eu\/wp-content\/uploads\/2026\/01\/lemonde-20janvier2027-768x547.jpg 768w, https:\/\/usagers-transports.haut-allier.eu\/wp-content\/uploads\/2026\/01\/lemonde-20janvier2027-1536x1095.jpg 1536w, https:\/\/usagers-transports.haut-allier.eu\/wp-content\/uploads\/2026\/01\/lemonde-20janvier2027-2048x1460.jpg 2048w\" sizes=\"auto, (max-width: 2560px) 100vw, 2560px\" \/>\n\n\n\n\n\n<p>&nbsp;<\/p>\n\n\t<figure class=\"wp-block-gallery columns-1 is-cropped wp-block-gallery-1 is-layout-flex wp-block-gallery-is-layout-flex\">\n\t\t<ul class=\"blocks-gallery-grid\">\n\t\t\t<li class=\"blocks-gallery-item\">\n\t\t\t\t<figure>\n\t\t\t\t\t\t\t\t\t\t\t<img loading=\"lazy\" decoding=\"async\" width=\"1014\" height=\"936\" src=\"http:\/\/5.45.101.177\/haut-allier\/usagers-transportse\/wp-content\/uploads\/2026\/01\/affiche_colere_des_sans_trains_31_janv_26_limoges-mg-logo.jpg\"\n\t\t\t\t\t\t alt=\"affiche_colere_des_sans_trains_31_janv_26_limoges-mg-logo.jpg\"\n\t\t\t\t\t\t data-id=\"5723\"\n\t\t\t\t\t\t data-full-url=\"http:\/\/5.45.101.177\/haut-allier\/usagers-transportse\/wp-content\/uploads\/2026\/01\/affiche_colere_des_sans_trains_31_janv_26_limoges-mg-logo.jpg\"\n\t\t\t\t\t\t data-link=\"http:\/\/5.45.101.177\/haut-allier\/usagers-transportse\/attachment-affiche_colere_des_sans_trains_31_janv_26_limoges-mg-logo-jpg\/\"\n\t\t\t\t\t\t class=\"wp-image-5723\" srcset=\"https:\/\/usagers-transports.haut-allier.eu\/wp-content\/uploads\/2026\/01\/affiche_colere_des_sans_trains_31_janv_26_limoges-mg-logo.jpg 1014w, https:\/\/usagers-transports.haut-allier.eu\/wp-content\/uploads\/2026\/01\/affiche_colere_des_sans_trains_31_janv_26_limoges-mg-logo-300x277.jpg 300w, https:\/\/usagers-transports.haut-allier.eu\/wp-content\/uploads\/2026\/01\/affiche_colere_des_sans_trains_31_janv_26_limoges-mg-logo-768x709.jpg 768w\" sizes=\"auto, (max-width: 1014px) 100vw, 1014px\" \/>\n\t\t\t\t<\/figure>\n\t\t\t<\/li>\n\t\t<\/ul>\n\t<\/figure>\n","protected":false},"excerpt":{"rendered":"<p>Rassemblement des usagers de Nouvelle Aquitaine, du Limousin, d\u2019Auvergne et du Massif Central le samedi 31 janvier \u00e0<\/p>\n","protected":false},"author":2,"featured_media":5716,"comment_status":"closed","ping_status":"open","sticky":false,"template":"","format":"standard","meta":{"footnotes":""},"categories":[8],"tags":[],"class_list":["post-1252","post","type-post","status-publish","format-standard","has-post-thumbnail","hentry","category-communiques"],"_links":{"self":[{"href":"https:\/\/usagers-transports.haut-allier.eu\/index.php\/wp-json\/wp\/v2\/posts\/1252","targetHints":{"allow":["GET"]}}],"collection":[{"href":"https:\/\/usagers-transports.haut-allier.eu\/index.php\/wp-json\/wp\/v2\/posts"}],"about":[{"href":"https:\/\/usagers-transports.haut-allier.eu\/index.php\/wp-json\/wp\/v2\/types\/post"}],"author":[{"embeddable":true,"href":"https:\/\/usagers-transports.haut-allier.eu\/index.php\/wp-json\/wp\/v2\/users\/2"}],"replies":[{"embeddable":true,"href":"https:\/\/usagers-transports.haut-allier.eu\/index.php\/wp-json\/wp\/v2\/comments?post=1252"}],"version-history":[{"count":1,"href":"https:\/\/usagers-transports.haut-allier.eu\/index.php\/wp-json\/wp\/v2\/posts\/1252\/revisions"}],"predecessor-version":[{"id":5724,"href":"https:\/\/usagers-transports.haut-allier.eu\/index.php\/wp-json\/wp\/v2\/posts\/1252\/revisions\/5724"}],"wp:featuredmedia":[{"embeddable":true,"href":"https:\/\/usagers-transports.haut-allier.eu\/index.php\/wp-json\/wp\/v2\/media\/5716"}],"wp:attachment":[{"href":"https:\/\/usagers-transports.haut-allier.eu\/index.php\/wp-json\/wp\/v2\/media?parent=1252"}],"wp:term":[{"taxonomy":"category","embeddable":true,"href":"https:\/\/usagers-transports.haut-allier.eu\/index.php\/wp-json\/wp\/v2\/categories?post=1252"},{"taxonomy":"post_tag","embeddable":true,"href":"https:\/\/usagers-transports.haut-allier.eu\/index.php\/wp-json\/wp\/v2\/tags?post=1252"}],"curies":[{"name":"wp","href":"https:\/\/api.w.org\/{rel}","templated":true}]}}