{"id":1253,"date":"2026-01-27T14:10:46","date_gmt":"2026-01-27T13:10:46","guid":{"rendered":"http:\/\/5.45.101.177\/haut-allier\/usagers-transportse\/index.php\/2026\/01\/27\/la-colere-des-sans-trains-sommes1253\/"},"modified":"2026-09-01T16:11:56","modified_gmt":"2026-09-01T14:11:56","slug":"la-colere-des-sans-trains-sommes1253","status":"publish","type":"post","link":"https:\/\/usagers-transports.haut-allier.eu\/index.php\/2026\/01\/27\/la-colere-des-sans-trains-sommes1253\/","title":{"rendered":"La Col\u00e8re des SANS TRAINS : Sommes nous bien pr\u00eats ?"},"content":{"rendered":"Du Lot et Garonne au Puy de D\u00f4me, de la Charente Maritime au Cantal en passant par le Lot, la Corr\u00e8ze, La Haute Vienne, La Charente, la Haute Loire, la Gironde, le Tarn et Garonne, les SANS TRAINS se pr\u00e9parent \u00e0 converger vers la gare de Limoges B\u00e9n\u00e9dictins le samedi 31 janvier \u00e0 15h00 !\n\n\n\u2705<strong>Et nous sommes nous pr\u00eate, pr\u00eat ?<\/strong>\n\n1\ufe0f\u20e3 Avons-nous pr\u00e9vu de nous joindre \u00e0 un des TER DE LA COLERE ? Penser \u00e0 prendre le billet dans sa gare pr\u00e9f\u00e9r\u00e9e (voir tableau en fin d&rsquo;article. Pour l&rsquo;Auvergne le plus proche est celui qui part d&rsquo;Ussel. Contacter Christian Roy au 06 95 45 18 28. \n\n2\ufe0f\u20e3 Venons \u00e0 Limoges avec pancartes, \u00e9criteaux, banderoles, sifflets, cloches, cornes. Nous devons nous faire entendre de ce gouvernement comme des suivants.\n\n3\ufe0f\u20e3 Choisissons une vielle paire de chaussures pour les attacher aux grilles de la Pr\u00e9fecture. Nous en avons assez d\u2019user nos vieux souliers, c\u2019est en train que nous voulons nous d\u00e9placer.\n\n\n\u2705<strong>Le d\u00e9roul\u00e9 de la manifestation LA COLERE DES SANS TRAINS<\/strong>\n\n&#128313;15h00 Retrouvailles avec les 36 organisations de d\u00e9fense du ferroviaire de Nouvelle Aquitaine et du Massif Central, les \u00e9lus-es des territoires et les cheminots-es devant la gare de Limoges,\n&#128313;15h15 Discours liminaire devant la gare,\n&#128313;15h30 D\u00e9part vers la Pr\u00e9fecture,\n&#128313;16h00 D\u00e9p\u00f4t de nos vieilles chaussures \u00e0 la Pr\u00e9fecture,\n&#128313;16h15 D\u00e9part de la Pr\u00e9fecture,\n&#128313;16h45 Retour \u00e0 la gare, d\u00e9but des prises de paroles,\n&#128313;17h30 Fin de la manifestation.\n\n<strong>Les SANS TRAINS de Nouvelle Aquitaine, Nord Occitanie et du Massif Central donnent rendez-vous le samedi 31\/01 \u00e0 15h00 devant la gare de Limoges.<\/strong>\n\n\n\u2705 <strong>Pour une programmation pluriannuelle permettant de financer l\u2019infrastructure des \u00ab\u00a0lignes de desserte fine\u00a0\u00bb<\/strong> (pour la maintenir et pour r\u00e9g\u00e9n\u00e9rer les parties ferm\u00e9es \u00e0 la circulation des trains),\n\n\u2705 <strong>Pour retrouver les liaisons Bordeaux Limoges Lyon et Bordeaux Clermont Lyon,<\/strong>\n\n\u2705 <strong>Pour financer durablement les lignes Paris Orl\u00e9ans Limoges Toulouse et Paris Clermont.<\/strong>\n\n<img loading=\"lazy\" decoding=\"async\" class=\" aligncenter size-full wp-image-5725\" src=\"http:\/\/5.45.101.177\/haut-allier\/usagers-transportse\/wp-content\/uploads\/2026\/01\/img-20260125-wa0001.jpg\" alt=\"img-20260125-wa0001.jpg\" align=\"center\" width=\"816\" height=\"662\" srcset=\"https:\/\/usagers-transports.haut-allier.eu\/wp-content\/uploads\/2026\/01\/img-20260125-wa0001.jpg 816w, https:\/\/usagers-transports.haut-allier.eu\/wp-content\/uploads\/2026\/01\/img-20260125-wa0001-300x243.jpg 300w, https:\/\/usagers-transports.haut-allier.eu\/wp-content\/uploads\/2026\/01\/img-20260125-wa0001-768x623.jpg 768w\" sizes=\"auto, (max-width: 816px) 100vw, 816px\" \/>\n\n\nQuelques propositions de pancartes (A3 ou A2) :\n\n<img loading=\"lazy\" decoding=\"async\" class=\" aligncenter size-full wp-image-5726\" src=\"http:\/\/5.45.101.177\/haut-allier\/usagers-transportse\/wp-content\/uploads\/2026\/01\/pancarte-3ccc-limoges-aurail-f.jpg\" alt=\"pancarte-3ccc-limoges-aurail-f.jpg\" align=\"center\" width=\"1999\" height=\"1413\" srcset=\"https:\/\/usagers-transports.haut-allier.eu\/wp-content\/uploads\/2026\/01\/pancarte-3ccc-limoges-aurail-f.jpg 1999w, https:\/\/usagers-transports.haut-allier.eu\/wp-content\/uploads\/2026\/01\/pancarte-3ccc-limoges-aurail-f-300x212.jpg 300w, https:\/\/usagers-transports.haut-allier.eu\/wp-content\/uploads\/2026\/01\/pancarte-3ccc-limoges-aurail-f-1024x724.jpg 1024w, https:\/\/usagers-transports.haut-allier.eu\/wp-content\/uploads\/2026\/01\/pancarte-3ccc-limoges-aurail-f-768x543.jpg 768w, https:\/\/usagers-transports.haut-allier.eu\/wp-content\/uploads\/2026\/01\/pancarte-3ccc-limoges-aurail-f-1536x1086.jpg 1536w\" sizes=\"auto, (max-width: 1999px) 100vw, 1999px\" \/>\n\n<img loading=\"lazy\" decoding=\"async\" class=\" aligncenter size-full wp-image-5727\" src=\"http:\/\/5.45.101.177\/haut-allier\/usagers-transportse\/wp-content\/uploads\/2026\/01\/pancarte-1ccc-limoges-aurail-ff.jpg\" alt=\"pancarte-1ccc-limoges-aurail-ff.jpg\" align=\"center\" width=\"2000\" height=\"1414\" srcset=\"https:\/\/usagers-transports.haut-allier.eu\/wp-content\/uploads\/2026\/01\/pancarte-1ccc-limoges-aurail-ff.jpg 2000w, https:\/\/usagers-transports.haut-allier.eu\/wp-content\/uploads\/2026\/01\/pancarte-1ccc-limoges-aurail-ff-300x212.jpg 300w, https:\/\/usagers-transports.haut-allier.eu\/wp-content\/uploads\/2026\/01\/pancarte-1ccc-limoges-aurail-ff-1024x724.jpg 1024w, https:\/\/usagers-transports.haut-allier.eu\/wp-content\/uploads\/2026\/01\/pancarte-1ccc-limoges-aurail-ff-768x543.jpg 768w, https:\/\/usagers-transports.haut-allier.eu\/wp-content\/uploads\/2026\/01\/pancarte-1ccc-limoges-aurail-ff-1536x1086.jpg 1536w\" sizes=\"auto, (max-width: 2000px) 100vw, 2000px\" \/>\n\n<img loading=\"lazy\" decoding=\"async\" class=\" aligncenter size-full wp-image-5728\" src=\"http:\/\/5.45.101.177\/haut-allier\/usagers-transportse\/wp-content\/uploads\/2026\/01\/pancarte-2ccc-limoges-aurail-f.jpg\" alt=\"pancarte-2ccc-limoges-aurail-f.jpg\" align=\"center\" width=\"1999\" height=\"1413\" srcset=\"https:\/\/usagers-transports.haut-allier.eu\/wp-content\/uploads\/2026\/01\/pancarte-2ccc-limoges-aurail-f.jpg 1999w, https:\/\/usagers-transports.haut-allier.eu\/wp-content\/uploads\/2026\/01\/pancarte-2ccc-limoges-aurail-f-300x212.jpg 300w, https:\/\/usagers-transports.haut-allier.eu\/wp-content\/uploads\/2026\/01\/pancarte-2ccc-limoges-aurail-f-1024x724.jpg 1024w, https:\/\/usagers-transports.haut-allier.eu\/wp-content\/uploads\/2026\/01\/pancarte-2ccc-limoges-aurail-f-768x543.jpg 768w, https:\/\/usagers-transports.haut-allier.eu\/wp-content\/uploads\/2026\/01\/pancarte-2ccc-limoges-aurail-f-1536x1086.jpg 1536w\" sizes=\"auto, (max-width: 1999px) 100vw, 1999px\" \/>\n\n\n<em>Organisations et collectifs d\u00e9sormais signataires de l\u2019Appel des Sans Trains du Massif Central :<\/em>\n\nLa Convergence Nationale Rail\nComit\u00e9 de Vigilance Ferroviaire Aquitaine Poitou Charente\nComit\u00e9 de Vigilance Citoyen du Limousin\nAURAIL collectif de 20 organisations de d\u00e9fense du train du Massif Central\nUrgence Ligne POLT (Paris Orl\u00e9ans Limoges Toulouse)\nCollectif des usagers du train Clermont Paris\nR\u00e9seau Europ\u00e9en En Train (18 organisations en France, Belgique, Suisse, Italie)\nANGOULIM Association de d\u00e9fense de la ligne Angoul\u00eame Limoges (Haute Vienne et\nCharente)\nBOPSYL ligne Brive Objat Pompadour Saint Yrieix Limoges (Corr\u00e8ze et Haute Vienne)\nComit\u00e9 pluraliste de d\u00e9fense de la ligne Aurillac\u2013Bretenoux \/ Biars\u2013Brive (Corr\u00e8ze Lot\nCantal)\nADPLI14 Association D\u00e9fense Promotion Ligne 14 (Indre et Loire -Maine et Loire \u2013 Deux\nS\u00e8vres -Vend\u00e9e)\nALTRO (Association Logistique Transports Ouest)\nP\u00e9rigord Rail Plus association de promotion du transport ferroviaire en Dordogne\n(Dordogne)\nCollectif BSP Tram Train Limousin\nCODELIAPP Collectif de d\u00e9fense de la ligne Agen-P\u00e9rigueux-Paris (Lot et Garonne,\nDordogne)\nLes 7 Sentinelles -Royan (Charente Maritime)\nLe Train 634269 association pour la r\u00e9ouverture de la ligne Thiers et Bo\u00ebn-sur-Lignon\n(Clermont-St Etienne) (Puy de D\u00f4me, Loire, Rh\u00f4ne)\nF\u00e9d\u00e9ration Agir pour la ligne Clermont, Le Mont-Dore, Ussel (Puy de D\u00f4me, Corr\u00e8ze)\nCh\u00e2tellerault, notre gare, notre avenir (Vienne)\nConfluence Rail Avenir 47 (Lot et Garonne)\nCollectif des usagers des transports du Haut Allier (Ligne du train C\u00e9venol)\nComit\u00e9 de d\u00e9fense des services publics des Hautes C\u00e9vennes\nComit\u00e9 de d\u00e9fense de la gare de Villefort\nCNL87 F\u00e9d\u00e9ration du Logement de La Haute-Vienne\nVivre et se d\u00e9placer en M\u00e9doc\nTous ensemble pour les gares (Souillac Gourdon Cahors)\nAssociation de D\u00e9fense de la gare d\u2019Assier et de promotion du rail\nAssociation Destinations Trains de Nuit\nCUTPSA Collectif des Usagers des Transports Publics en Sud Ard\u00e8che (Ard\u00e8che)\nCODEGASS Comit\u00e9 de D\u00e9fense de la Gare de Saint Sebastien (Creuse)\nADSPULS Association pour la D\u00e9fenses des Services Publics et des Usagers de Saint-Sulpice\nLauri\u00e8re (Haute Vienne)\nCollectif Ecomobilit\u00e9 Br\u00e9venne Turdine (Rh\u00f4ne)\nCollectif ferroviaire de l\u2019Etoile de Veynes (Hautes Alpes)\nComit\u00e9 Sauvons les trains Nantes-La Rochelle-Bordeaux (Gironde)\n \nPlus d\u2019informations :  \nhttps:\/\/fb.me\/e\/6VaJ56TyR\n\n#AngouLim\n#AuRAil\n#coleredessanstrains\n#MassifCentral\n<p>&nbsp;<\/p>\n\n\t<figure class=\"wp-block-gallery columns-1 is-cropped wp-block-gallery-1 is-layout-flex wp-block-gallery-is-layout-flex\">\n\t\t<ul class=\"blocks-gallery-grid\">\n\t\t\t<li class=\"blocks-gallery-item\">\n\t\t\t\t<figure>\n\t\t\t\t\t\t\t\t\t\t\t<img loading=\"lazy\" decoding=\"async\" width=\"500\" height=\"620\" src=\"http:\/\/5.45.101.177\/haut-allier\/usagers-transportse\/wp-content\/uploads\/2026\/01\/img-20260125-wa0001logo.jpg\"\n\t\t\t\t\t\t alt=\"img-20260125-wa0001logo.jpg\"\n\t\t\t\t\t\t data-id=\"5729\"\n\t\t\t\t\t\t data-full-url=\"http:\/\/5.45.101.177\/haut-allier\/usagers-transportse\/wp-content\/uploads\/2026\/01\/img-20260125-wa0001logo.jpg\"\n\t\t\t\t\t\t data-link=\"http:\/\/5.45.101.177\/haut-allier\/usagers-transportse\/attachment-img-20260125-wa0001logo-jpg\/\"\n\t\t\t\t\t\t class=\"wp-image-5729\" srcset=\"https:\/\/usagers-transports.haut-allier.eu\/wp-content\/uploads\/2026\/01\/img-20260125-wa0001logo.jpg 500w, https:\/\/usagers-transports.haut-allier.eu\/wp-content\/uploads\/2026\/01\/img-20260125-wa0001logo-242x300.jpg 242w\" sizes=\"auto, (max-width: 500px) 100vw, 500px\" \/>\n\t\t\t\t<\/figure>\n\t\t\t<\/li>\n\t\t<\/ul>\n\t<\/figure>\n","protected":false},"excerpt":{"rendered":"<p>Du Lot et Garonne au Puy de D\u00f4me, de la Charente Maritime au Cantal en passant par le<\/p>\n","protected":false},"author":2,"featured_media":5725,"comment_status":"closed","ping_status":"open","sticky":false,"template":"","format":"standard","meta":{"footnotes":""},"categories":[5],"tags":[],"class_list":["post-1253","post","type-post","status-publish","format-standard","has-post-thumbnail","hentry","category-ensemble"],"_links":{"self":[{"href":"https:\/\/usagers-transports.haut-allier.eu\/index.php\/wp-json\/wp\/v2\/posts\/1253","targetHints":{"allow":["GET"]}}],"collection":[{"href":"https:\/\/usagers-transports.haut-allier.eu\/index.php\/wp-json\/wp\/v2\/posts"}],"about":[{"href":"https:\/\/usagers-transports.haut-allier.eu\/index.php\/wp-json\/wp\/v2\/types\/post"}],"author":[{"embeddable":true,"href":"https:\/\/usagers-transports.haut-allier.eu\/index.php\/wp-json\/wp\/v2\/users\/2"}],"replies":[{"embeddable":true,"href":"https:\/\/usagers-transports.haut-allier.eu\/index.php\/wp-json\/wp\/v2\/comments?post=1253"}],"version-history":[{"count":1,"href":"https:\/\/usagers-transports.haut-allier.eu\/index.php\/wp-json\/wp\/v2\/posts\/1253\/revisions"}],"predecessor-version":[{"id":5730,"href":"https:\/\/usagers-transports.haut-allier.eu\/index.php\/wp-json\/wp\/v2\/posts\/1253\/revisions\/5730"}],"wp:featuredmedia":[{"embeddable":true,"href":"https:\/\/usagers-transports.haut-allier.eu\/index.php\/wp-json\/wp\/v2\/media\/5725"}],"wp:attachment":[{"href":"https:\/\/usagers-transports.haut-allier.eu\/index.php\/wp-json\/wp\/v2\/media?parent=1253"}],"wp:term":[{"taxonomy":"category","embeddable":true,"href":"https:\/\/usagers-transports.haut-allier.eu\/index.php\/wp-json\/wp\/v2\/categories?post=1253"},{"taxonomy":"post_tag","embeddable":true,"href":"https:\/\/usagers-transports.haut-allier.eu\/index.php\/wp-json\/wp\/v2\/tags?post=1253"}],"curies":[{"name":"wp","href":"https:\/\/api.w.org\/{rel}","templated":true}]}}