{"id":1254,"date":"2026-01-29T17:08:11","date_gmt":"2026-01-29T16:08:11","guid":{"rendered":"http:\/\/5.45.101.177\/haut-allier\/usagers-transportse\/index.php\/2026\/01\/29\/region-occitanie-et-h-lozerien1254\/"},"modified":"2026-09-01T16:11:56","modified_gmt":"2026-09-01T14:11:56","slug":"region-occitanie-et-h-lozerien1254","status":"publish","type":"post","link":"https:\/\/usagers-transports.haut-allier.eu\/index.php\/2026\/01\/29\/region-occitanie-et-h-lozerien1254\/","title":{"rendered":"R\u00e9gion Occitanie et H loz\u00e9rien : Compte-rendus des s\u00e9ances de concertation mobilit\u00e9s 2024 et 2025"},"content":{"rendered":"Nous sommes partie prenante depuis le d\u00e9but de leur mise en place des s\u00e9ances de concertation sur les mobilit\u00e9s (dont la ferroviaire) men\u00e9es par la r\u00e9gion Occitanie pour les lignes du H loz\u00e9rien (Ligne des Causses, des C\u00e9vennes et Transloz\u00e9rienne).\n\nVoici le compte-rendu \u00ab\u00a0officiel\u00a0\u00bb disponible ce jour :\n\nPour la s\u00e9ance de 2024 (le 5 d\u00e9cembre)\n\n<a href=\"http:\/\/5.45.101.177\/haut-allier\/usagers-transportse\/wp-content\/uploads\/2026\/01\/cr-mobilites-h-lozerien-2024.pdf\">cr-mobilites-h-lozerien-2024.pdf<\/a>\n\net le diaporama\n\n<a href=\"http:\/\/5.45.101.177\/haut-allier\/usagers-transportse\/wp-content\/uploads\/2026\/01\/cr-mobilites-h-lozerien-pres-2024.pdf\">cr-mobilites-h-lozerien-pres-2024.pdf<\/a>\n\nPour la s\u00e9ance de 2025 (le 10 novembre)\n\n<a href=\"http:\/\/5.45.101.177\/haut-allier\/usagers-transportse\/wp-content\/uploads\/2026\/01\/cr-mobilites-h-lozerien-2025.pdf\">cr-mobilites-h-lozerien-2025.pdf<\/a>\n\net le diaporama\n\n<a href=\"http:\/\/5.45.101.177\/haut-allier\/usagers-transportse\/wp-content\/uploads\/2026\/01\/cr-mobilites-h-lozerien-pres-2025.pdf\">cr-mobilites-h-lozerien-pres-2025.pdf<\/a>\n\nBonne lecture.\n<p>&nbsp;<\/p>\n\n\t<figure class=\"wp-block-gallery columns-1 is-cropped wp-block-gallery-1 is-layout-flex wp-block-gallery-is-layout-flex\">\n\t\t<ul class=\"blocks-gallery-grid\">\n\t\t\t<li class=\"blocks-gallery-item\">\n\t\t\t\t<figure>\n\t\t\t\t\t\t\t\t\t\t\t<img loading=\"lazy\" decoding=\"async\" width=\"578\" height=\"419\" src=\"http:\/\/5.45.101.177\/haut-allier\/usagers-transportse\/wp-content\/uploads\/2026\/01\/logo-cs-occianie.jpg.png\"\n\t\t\t\t\t\t alt=\"logo-cs-occianie.jpg.png\"\n\t\t\t\t\t\t data-id=\"5735\"\n\t\t\t\t\t\t data-full-url=\"http:\/\/5.45.101.177\/haut-allier\/usagers-transportse\/wp-content\/uploads\/2026\/01\/logo-cs-occianie.jpg.png\"\n\t\t\t\t\t\t data-link=\"http:\/\/5.45.101.177\/haut-allier\/usagers-transportse\/attachment-logo-cs-occianie-jpg-png\/\"\n\t\t\t\t\t\t class=\"wp-image-5735\" srcset=\"https:\/\/usagers-transports.haut-allier.eu\/wp-content\/uploads\/2026\/01\/logo-cs-occianie.jpg.png 578w, https:\/\/usagers-transports.haut-allier.eu\/wp-content\/uploads\/2026\/01\/logo-cs-occianie.jpg-300x217.png 300w\" sizes=\"auto, (max-width: 578px) 100vw, 578px\" \/>\n\t\t\t\t<\/figure>\n\t\t\t<\/li>\n\t\t<\/ul>\n\t<\/figure>\n","protected":false},"excerpt":{"rendered":"<p>Nous sommes partie prenante depuis le d\u00e9but de leur mise en place des s\u00e9ances de concertation sur les<\/p>\n","protected":false},"author":2,"featured_media":5735,"comment_status":"closed","ping_status":"open","sticky":false,"template":"","format":"standard","meta":{"footnotes":""},"categories":[2],"tags":[],"class_list":["post-1254","post","type-post","status-publish","format-standard","has-post-thumbnail","hentry","category-infos"],"_links":{"self":[{"href":"https:\/\/usagers-transports.haut-allier.eu\/index.php\/wp-json\/wp\/v2\/posts\/1254","targetHints":{"allow":["GET"]}}],"collection":[{"href":"https:\/\/usagers-transports.haut-allier.eu\/index.php\/wp-json\/wp\/v2\/posts"}],"about":[{"href":"https:\/\/usagers-transports.haut-allier.eu\/index.php\/wp-json\/wp\/v2\/types\/post"}],"author":[{"embeddable":true,"href":"https:\/\/usagers-transports.haut-allier.eu\/index.php\/wp-json\/wp\/v2\/users\/2"}],"replies":[{"embeddable":true,"href":"https:\/\/usagers-transports.haut-allier.eu\/index.php\/wp-json\/wp\/v2\/comments?post=1254"}],"version-history":[{"count":1,"href":"https:\/\/usagers-transports.haut-allier.eu\/index.php\/wp-json\/wp\/v2\/posts\/1254\/revisions"}],"predecessor-version":[{"id":5736,"href":"https:\/\/usagers-transports.haut-allier.eu\/index.php\/wp-json\/wp\/v2\/posts\/1254\/revisions\/5736"}],"wp:featuredmedia":[{"embeddable":true,"href":"https:\/\/usagers-transports.haut-allier.eu\/index.php\/wp-json\/wp\/v2\/media\/5735"}],"wp:attachment":[{"href":"https:\/\/usagers-transports.haut-allier.eu\/index.php\/wp-json\/wp\/v2\/media?parent=1254"}],"wp:term":[{"taxonomy":"category","embeddable":true,"href":"https:\/\/usagers-transports.haut-allier.eu\/index.php\/wp-json\/wp\/v2\/categories?post=1254"},{"taxonomy":"post_tag","embeddable":true,"href":"https:\/\/usagers-transports.haut-allier.eu\/index.php\/wp-json\/wp\/v2\/tags?post=1254"}],"curies":[{"name":"wp","href":"https:\/\/api.w.org\/{rel}","templated":true}]}}