{"id":1255,"date":"2026-02-01T09:46:28","date_gmt":"2026-02-01T08:46:28","guid":{"rendered":"http:\/\/5.45.101.177\/haut-allier\/usagers-transportse\/index.php\/2026\/02\/01\/la-colere-des-sans-trains-succes1255\/"},"modified":"2026-09-01T16:12:04","modified_gmt":"2026-09-01T14:12:04","slug":"la-colere-des-sans-trains-succes1255","status":"publish","type":"post","link":"https:\/\/usagers-transports.haut-allier.eu\/index.php\/2026\/02\/01\/la-colere-des-sans-trains-succes1255\/","title":{"rendered":"La Col\u00e8re des SANS TRAINS : succ\u00e8s prometteur du rassemblement de Limoges"},"content":{"rendered":"Entre 800 et 1000 usagers en col\u00e8re \u00e0 Limoges ce samedi 31 janvier sous la pluie. Un succ\u00e8s formidable d\u00fb au travail en commun depuis un mois des 37 organisations signataires de l&rsquo;appel que nous avons largement relay\u00e9. \n\nLe Massif central, la Nouvelle Aquitaine, le nord de l\u2019Occitanie, le Centre, ensemble. Des \u00e9lus, des syndicats, et une majorit\u00e9 d&rsquo;organisations ind\u00e9pendantes d\u2019usagers tel que les photos suivantes le montrent. \n\nUn fort relais dans les m\u00e9dias puisque toute la presse \u00e9crite et audiovisuelle r\u00e9gionale et nationale ont r\u00e9percut\u00e9, de France Info qui diffusait un flash toutes les 30 minutes \u00e0 France Culture, alors que l&rsquo;agence de presse nationale l&rsquo;AFP avait ignor\u00e9 l&rsquo;\u00e9v\u00e8nement. \n\nGrand bravo aux coll\u00e8gues d\u2019Angoulim qui ont coordonn\u00e9 avec brio.\n\nL&rsquo;avenir pour le mouvement de la Col\u00e8re des Sans Trains est, lui, au vert. Il va s&rsquo;\u00e9tendre dans les prochaines semaines au plan national. Des nouvelles dans les tous prochains jours avec l&rsquo;envoi de notre lettre ouverte au pr\u00e9sident de la r\u00e9publique. \n\nLes photos dont certaines comment\u00e9es.\n\n<em>Bernard Peuch d&rsquo;Angoulim au centre accueille les usagers en col\u00e8re\n<\/em>\n<img loading=\"lazy\" decoding=\"async\" class=\" size-full wp-image-5737\" src=\"http:\/\/5.45.101.177\/haut-allier\/usagers-transportse\/wp-content\/uploads\/2026\/02\/2000-dtn-aurail-entrain-img_20260131_150040.jpg\" alt=\"2000-dtn-aurail-entrain-img_20260131_150040.jpg\" width=\"2045\" height=\"1150\" srcset=\"https:\/\/usagers-transports.haut-allier.eu\/wp-content\/uploads\/2026\/02\/2000-dtn-aurail-entrain-img_20260131_150040.jpg 2045w, https:\/\/usagers-transports.haut-allier.eu\/wp-content\/uploads\/2026\/02\/2000-dtn-aurail-entrain-img_20260131_150040-300x169.jpg 300w, https:\/\/usagers-transports.haut-allier.eu\/wp-content\/uploads\/2026\/02\/2000-dtn-aurail-entrain-img_20260131_150040-1024x576.jpg 1024w, https:\/\/usagers-transports.haut-allier.eu\/wp-content\/uploads\/2026\/02\/2000-dtn-aurail-entrain-img_20260131_150040-768x432.jpg 768w, https:\/\/usagers-transports.haut-allier.eu\/wp-content\/uploads\/2026\/02\/2000-dtn-aurail-entrain-img_20260131_150040-1536x864.jpg 1536w\" sizes=\"auto, (max-width: 2045px) 100vw, 2045px\" \/>\n\n<img loading=\"lazy\" decoding=\"async\" class=\" size-full wp-image-5738\" src=\"http:\/\/5.45.101.177\/haut-allier\/usagers-transportse\/wp-content\/uploads\/2026\/02\/2000-dtn-aurail-entrain-img_20260131_173200.jpg\" alt=\"2000-dtn-aurail-entrain-img_20260131_173200.jpg\" width=\"1150\" height=\"2045\" srcset=\"https:\/\/usagers-transports.haut-allier.eu\/wp-content\/uploads\/2026\/02\/2000-dtn-aurail-entrain-img_20260131_173200.jpg 1150w, https:\/\/usagers-transports.haut-allier.eu\/wp-content\/uploads\/2026\/02\/2000-dtn-aurail-entrain-img_20260131_173200-169x300.jpg 169w, https:\/\/usagers-transports.haut-allier.eu\/wp-content\/uploads\/2026\/02\/2000-dtn-aurail-entrain-img_20260131_173200-576x1024.jpg 576w, https:\/\/usagers-transports.haut-allier.eu\/wp-content\/uploads\/2026\/02\/2000-dtn-aurail-entrain-img_20260131_173200-768x1366.jpg 768w, https:\/\/usagers-transports.haut-allier.eu\/wp-content\/uploads\/2026\/02\/2000-dtn-aurail-entrain-img_20260131_173200-864x1536.jpg 864w\" sizes=\"auto, (max-width: 1150px) 100vw, 1150px\" \/>\n\n<em>Les orgas AuRAil auvergnates \u00e9taient bien pr\u00e9sentes\n<\/em>\n<img loading=\"lazy\" decoding=\"async\" class=\" size-full wp-image-5739\" src=\"http:\/\/5.45.101.177\/haut-allier\/usagers-transportse\/wp-content\/uploads\/2026\/02\/img_20260131_143707r.jpg\" alt=\"img_20260131_143707r.jpg\" width=\"665\" height=\"978\" srcset=\"https:\/\/usagers-transports.haut-allier.eu\/wp-content\/uploads\/2026\/02\/img_20260131_143707r.jpg 665w, https:\/\/usagers-transports.haut-allier.eu\/wp-content\/uploads\/2026\/02\/img_20260131_143707r-204x300.jpg 204w\" sizes=\"auto, (max-width: 665px) 100vw, 665px\" \/>\n\n<img loading=\"lazy\" decoding=\"async\" class=\" size-full wp-image-5740\" src=\"http:\/\/5.45.101.177\/haut-allier\/usagers-transportse\/wp-content\/uploads\/2026\/02\/2000-dtn-aurail-entrain-img_20260131_144454.jpg\" alt=\"2000-dtn-aurail-entrain-img_20260131_144454.jpg\" width=\"2045\" height=\"1150\" srcset=\"https:\/\/usagers-transports.haut-allier.eu\/wp-content\/uploads\/2026\/02\/2000-dtn-aurail-entrain-img_20260131_144454.jpg 2045w, https:\/\/usagers-transports.haut-allier.eu\/wp-content\/uploads\/2026\/02\/2000-dtn-aurail-entrain-img_20260131_144454-300x169.jpg 300w, https:\/\/usagers-transports.haut-allier.eu\/wp-content\/uploads\/2026\/02\/2000-dtn-aurail-entrain-img_20260131_144454-1024x576.jpg 1024w, https:\/\/usagers-transports.haut-allier.eu\/wp-content\/uploads\/2026\/02\/2000-dtn-aurail-entrain-img_20260131_144454-768x432.jpg 768w, https:\/\/usagers-transports.haut-allier.eu\/wp-content\/uploads\/2026\/02\/2000-dtn-aurail-entrain-img_20260131_144454-1536x864.jpg 1536w\" sizes=\"auto, (max-width: 2045px) 100vw, 2045px\" \/>\n\n<img loading=\"lazy\" decoding=\"async\" class=\" size-full wp-image-5741\" src=\"http:\/\/5.45.101.177\/haut-allier\/usagers-transportse\/wp-content\/uploads\/2026\/02\/2000-dtn-aurail-entrain-img_20260131_144115.jpg\" alt=\"2000-dtn-aurail-entrain-img_20260131_144115.jpg\" width=\"2045\" height=\"1150\" srcset=\"https:\/\/usagers-transports.haut-allier.eu\/wp-content\/uploads\/2026\/02\/2000-dtn-aurail-entrain-img_20260131_144115.jpg 2045w, https:\/\/usagers-transports.haut-allier.eu\/wp-content\/uploads\/2026\/02\/2000-dtn-aurail-entrain-img_20260131_144115-300x169.jpg 300w, https:\/\/usagers-transports.haut-allier.eu\/wp-content\/uploads\/2026\/02\/2000-dtn-aurail-entrain-img_20260131_144115-1024x576.jpg 1024w, https:\/\/usagers-transports.haut-allier.eu\/wp-content\/uploads\/2026\/02\/2000-dtn-aurail-entrain-img_20260131_144115-768x432.jpg 768w, https:\/\/usagers-transports.haut-allier.eu\/wp-content\/uploads\/2026\/02\/2000-dtn-aurail-entrain-img_20260131_144115-1536x864.jpg 1536w\" sizes=\"auto, (max-width: 2045px) 100vw, 2045px\" \/>\n\n<em>Quelques camarades du R\u00e9seau europ\u00e9en #enTrain en fin de cort\u00e8ge\n<\/em>\n<img loading=\"lazy\" decoding=\"async\" class=\" size-full wp-image-5742\" src=\"http:\/\/5.45.101.177\/haut-allier\/usagers-transportse\/wp-content\/uploads\/2026\/02\/2000-dtn-aurail-entrain-img_20260131_162344.jpg\" alt=\"2000-dtn-aurail-entrain-img_20260131_162344.jpg\" width=\"2045\" height=\"1150\" srcset=\"https:\/\/usagers-transports.haut-allier.eu\/wp-content\/uploads\/2026\/02\/2000-dtn-aurail-entrain-img_20260131_162344.jpg 2045w, https:\/\/usagers-transports.haut-allier.eu\/wp-content\/uploads\/2026\/02\/2000-dtn-aurail-entrain-img_20260131_162344-300x169.jpg 300w, https:\/\/usagers-transports.haut-allier.eu\/wp-content\/uploads\/2026\/02\/2000-dtn-aurail-entrain-img_20260131_162344-1024x576.jpg 1024w, https:\/\/usagers-transports.haut-allier.eu\/wp-content\/uploads\/2026\/02\/2000-dtn-aurail-entrain-img_20260131_162344-768x432.jpg 768w, https:\/\/usagers-transports.haut-allier.eu\/wp-content\/uploads\/2026\/02\/2000-dtn-aurail-entrain-img_20260131_162344-1536x864.jpg 1536w\" sizes=\"auto, (max-width: 2045px) 100vw, 2045px\" \/>\n\n<img loading=\"lazy\" decoding=\"async\" class=\" size-full wp-image-5743\" src=\"http:\/\/5.45.101.177\/haut-allier\/usagers-transportse\/wp-content\/uploads\/2026\/02\/2000-dtn-aurail-entrain-img_20260131_165945.jpg\" alt=\"2000-dtn-aurail-entrain-img_20260131_165945.jpg\" width=\"1150\" height=\"2045\" srcset=\"https:\/\/usagers-transports.haut-allier.eu\/wp-content\/uploads\/2026\/02\/2000-dtn-aurail-entrain-img_20260131_165945.jpg 1150w, https:\/\/usagers-transports.haut-allier.eu\/wp-content\/uploads\/2026\/02\/2000-dtn-aurail-entrain-img_20260131_165945-169x300.jpg 169w, https:\/\/usagers-transports.haut-allier.eu\/wp-content\/uploads\/2026\/02\/2000-dtn-aurail-entrain-img_20260131_165945-576x1024.jpg 576w, https:\/\/usagers-transports.haut-allier.eu\/wp-content\/uploads\/2026\/02\/2000-dtn-aurail-entrain-img_20260131_165945-768x1366.jpg 768w, https:\/\/usagers-transports.haut-allier.eu\/wp-content\/uploads\/2026\/02\/2000-dtn-aurail-entrain-img_20260131_165945-864x1536.jpg 864w\" sizes=\"auto, (max-width: 1150px) 100vw, 1150px\" \/>\n\n<em>En marche vers la pr\u00e9fecture\n<\/em>\n<img loading=\"lazy\" decoding=\"async\" class=\" size-full wp-image-5744\" src=\"http:\/\/5.45.101.177\/haut-allier\/usagers-transportse\/wp-content\/uploads\/2026\/02\/6921305708049969636r.jpg\" alt=\"6921305708049969636r.jpg\" width=\"989\" height=\"847\" srcset=\"https:\/\/usagers-transports.haut-allier.eu\/wp-content\/uploads\/2026\/02\/6921305708049969636r.jpg 989w, https:\/\/usagers-transports.haut-allier.eu\/wp-content\/uploads\/2026\/02\/6921305708049969636r-300x257.jpg 300w, https:\/\/usagers-transports.haut-allier.eu\/wp-content\/uploads\/2026\/02\/6921305708049969636r-768x658.jpg 768w\" sizes=\"auto, (max-width: 989px) 100vw, 989px\" \/>\n\n<em>Nos chaussures us\u00e9es par l&rsquo;attente des trains y sont accroch\u00e9es\n<\/em>\n<img loading=\"lazy\" decoding=\"async\" class=\" size-full wp-image-5745\" src=\"http:\/\/5.45.101.177\/haut-allier\/usagers-transportse\/wp-content\/uploads\/2026\/02\/2000-dtn-aurail-entrain-img-20260131-wa0043.jpg\" alt=\"2000-dtn-aurail-entrain-img-20260131-wa0043.jpg\" width=\"575\" height=\"1022\" srcset=\"https:\/\/usagers-transports.haut-allier.eu\/wp-content\/uploads\/2026\/02\/2000-dtn-aurail-entrain-img-20260131-wa0043.jpg 575w, https:\/\/usagers-transports.haut-allier.eu\/wp-content\/uploads\/2026\/02\/2000-dtn-aurail-entrain-img-20260131-wa0043-169x300.jpg 169w\" sizes=\"auto, (max-width: 575px) 100vw, 575px\" \/>\n\n<img loading=\"lazy\" decoding=\"async\" class=\" size-full wp-image-5746\" src=\"http:\/\/5.45.101.177\/haut-allier\/usagers-transportse\/wp-content\/uploads\/2026\/02\/2000r-dtn-aurail-entrain-img-20260131-wa0044.jpg\" alt=\"2000r-dtn-aurail-entrain-img-20260131-wa0044.jpg\" width=\"575\" height=\"909\" srcset=\"https:\/\/usagers-transports.haut-allier.eu\/wp-content\/uploads\/2026\/02\/2000r-dtn-aurail-entrain-img-20260131-wa0044.jpg 575w, https:\/\/usagers-transports.haut-allier.eu\/wp-content\/uploads\/2026\/02\/2000r-dtn-aurail-entrain-img-20260131-wa0044-190x300.jpg 190w\" sizes=\"auto, (max-width: 575px) 100vw, 575px\" \/>\n\n<em>Destination Trains de nuit avait d\u00e9ploy\u00e9 drapeaux et banderoles\n<\/em>\n\n<img loading=\"lazy\" decoding=\"async\" class=\" size-full wp-image-5747\" src=\"http:\/\/5.45.101.177\/haut-allier\/usagers-transportse\/wp-content\/uploads\/2026\/02\/img_20260131_173141-scaled.jpg\" alt=\"img_20260131_173141.jpg\" width=\"2560\" height=\"1440\" srcset=\"https:\/\/usagers-transports.haut-allier.eu\/wp-content\/uploads\/2026\/02\/img_20260131_173141-scaled.jpg 2560w, https:\/\/usagers-transports.haut-allier.eu\/wp-content\/uploads\/2026\/02\/img_20260131_173141-300x169.jpg 300w, https:\/\/usagers-transports.haut-allier.eu\/wp-content\/uploads\/2026\/02\/img_20260131_173141-1024x576.jpg 1024w, https:\/\/usagers-transports.haut-allier.eu\/wp-content\/uploads\/2026\/02\/img_20260131_173141-768x432.jpg 768w, https:\/\/usagers-transports.haut-allier.eu\/wp-content\/uploads\/2026\/02\/img_20260131_173141-1536x864.jpg 1536w, https:\/\/usagers-transports.haut-allier.eu\/wp-content\/uploads\/2026\/02\/img_20260131_173141-2048x1152.jpg 2048w\" sizes=\"auto, (max-width: 2560px) 100vw, 2560px\" \/>\n\n<img loading=\"lazy\" decoding=\"async\" class=\" size-full wp-image-5748\" src=\"http:\/\/5.45.101.177\/haut-allier\/usagers-transportse\/wp-content\/uploads\/2026\/02\/img_20260131_165754r.jpg\" alt=\"img_20260131_165754r.jpg\" width=\"1645\" height=\"2304\" srcset=\"https:\/\/usagers-transports.haut-allier.eu\/wp-content\/uploads\/2026\/02\/img_20260131_165754r.jpg 1645w, https:\/\/usagers-transports.haut-allier.eu\/wp-content\/uploads\/2026\/02\/img_20260131_165754r-214x300.jpg 214w, https:\/\/usagers-transports.haut-allier.eu\/wp-content\/uploads\/2026\/02\/img_20260131_165754r-731x1024.jpg 731w, https:\/\/usagers-transports.haut-allier.eu\/wp-content\/uploads\/2026\/02\/img_20260131_165754r-768x1076.jpg 768w, https:\/\/usagers-transports.haut-allier.eu\/wp-content\/uploads\/2026\/02\/img_20260131_165754r-1097x1536.jpg 1097w, https:\/\/usagers-transports.haut-allier.eu\/wp-content\/uploads\/2026\/02\/img_20260131_165754r-1462x2048.jpg 1462w\" sizes=\"auto, (max-width: 1645px) 100vw, 1645px\" \/>\n\n<em>Une pr\u00e9sence remarqu\u00e9e des Usagers du Clermont Paris\n<\/em>\n\n<img loading=\"lazy\" decoding=\"async\" class=\" size-full wp-image-5749\" src=\"http:\/\/5.45.101.177\/haut-allier\/usagers-transportse\/wp-content\/uploads\/2026\/02\/img_20260131_150023r.jpg\" alt=\"img_20260131_150023r.jpg\" width=\"1645\" height=\"2304\" srcset=\"https:\/\/usagers-transports.haut-allier.eu\/wp-content\/uploads\/2026\/02\/img_20260131_150023r.jpg 1645w, https:\/\/usagers-transports.haut-allier.eu\/wp-content\/uploads\/2026\/02\/img_20260131_150023r-214x300.jpg 214w, https:\/\/usagers-transports.haut-allier.eu\/wp-content\/uploads\/2026\/02\/img_20260131_150023r-731x1024.jpg 731w, https:\/\/usagers-transports.haut-allier.eu\/wp-content\/uploads\/2026\/02\/img_20260131_150023r-768x1076.jpg 768w, https:\/\/usagers-transports.haut-allier.eu\/wp-content\/uploads\/2026\/02\/img_20260131_150023r-1097x1536.jpg 1097w, https:\/\/usagers-transports.haut-allier.eu\/wp-content\/uploads\/2026\/02\/img_20260131_150023r-1462x2048.jpg 1462w\" sizes=\"auto, (max-width: 1645px) 100vw, 1645px\" \/>\n\n<em>Le cort\u00e8ge humidifi\u00e9 de retour \u00e0 la gare\n<\/em>\n\n<img loading=\"lazy\" decoding=\"async\" class=\" size-full wp-image-5750\" src=\"http:\/\/5.45.101.177\/haut-allier\/usagers-transportse\/wp-content\/uploads\/2026\/02\/vlcsnap-2026-02-01-10h19m12s577.jpg\" alt=\"vlcsnap-2026-02-01-10h19m12s577.jpg\" width=\"1900\" height=\"1068\" srcset=\"https:\/\/usagers-transports.haut-allier.eu\/wp-content\/uploads\/2026\/02\/vlcsnap-2026-02-01-10h19m12s577.jpg 1900w, https:\/\/usagers-transports.haut-allier.eu\/wp-content\/uploads\/2026\/02\/vlcsnap-2026-02-01-10h19m12s577-300x169.jpg 300w, https:\/\/usagers-transports.haut-allier.eu\/wp-content\/uploads\/2026\/02\/vlcsnap-2026-02-01-10h19m12s577-1024x576.jpg 1024w, https:\/\/usagers-transports.haut-allier.eu\/wp-content\/uploads\/2026\/02\/vlcsnap-2026-02-01-10h19m12s577-768x432.jpg 768w, https:\/\/usagers-transports.haut-allier.eu\/wp-content\/uploads\/2026\/02\/vlcsnap-2026-02-01-10h19m12s577-1536x863.jpg 1536w\" sizes=\"auto, (max-width: 1900px) 100vw, 1900px\" \/>\n\nTr\u00e8s large couverture m\u00e9dias entre autres la radio r\u00e9gionale Ici Limousin ce 1er f\u00e9vrier :\n\nEcouter :\n<a href=\"http:\/\/5.45.101.177\/haut-allier\/usagers-transportse\/wp-content\/uploads\/2026\/02\/01fev2023-ici-limousin-journal-8h00.mp3\">01fev2023-ici-limousin-journal-8h00.mp3<\/a>\n\nLire :\nhttps:\/\/www.francebleu.fr\/emissions\/l-info-d-ici-ici-limousin\/tout-le-monde-se-renvoie-la-balle-personne-n-envoie-de-trains-500-manifestants-sans-trains-hier-a-limoges-2214551\n<p>&nbsp;<\/p>\n\n\t<figure class=\"wp-block-gallery columns-1 is-cropped wp-block-gallery-1 is-layout-flex wp-block-gallery-is-layout-flex\">\n\t\t<ul class=\"blocks-gallery-grid\">\n\t\t\t<li class=\"blocks-gallery-item\">\n\t\t\t\t<figure>\n\t\t\t\t\t\t\t\t\t\t\t<img loading=\"lazy\" decoding=\"async\" width=\"1158\" height=\"960\" src=\"http:\/\/5.45.101.177\/haut-allier\/usagers-transportse\/wp-content\/uploads\/2026\/02\/logo-9087908323642042449.jpg\"\n\t\t\t\t\t\t alt=\"logo-9087908323642042449.jpg\"\n\t\t\t\t\t\t data-id=\"5752\"\n\t\t\t\t\t\t data-full-url=\"http:\/\/5.45.101.177\/haut-allier\/usagers-transportse\/wp-content\/uploads\/2026\/02\/logo-9087908323642042449.jpg\"\n\t\t\t\t\t\t data-link=\"http:\/\/5.45.101.177\/haut-allier\/usagers-transportse\/attachment-logo-9087908323642042449-jpg\/\"\n\t\t\t\t\t\t class=\"wp-image-5752\" srcset=\"https:\/\/usagers-transports.haut-allier.eu\/wp-content\/uploads\/2026\/02\/logo-9087908323642042449.jpg 1158w, https:\/\/usagers-transports.haut-allier.eu\/wp-content\/uploads\/2026\/02\/logo-9087908323642042449-300x249.jpg 300w, https:\/\/usagers-transports.haut-allier.eu\/wp-content\/uploads\/2026\/02\/logo-9087908323642042449-1024x849.jpg 1024w, https:\/\/usagers-transports.haut-allier.eu\/wp-content\/uploads\/2026\/02\/logo-9087908323642042449-768x637.jpg 768w\" sizes=\"auto, (max-width: 1158px) 100vw, 1158px\" \/>\n\t\t\t\t<\/figure>\n\t\t\t<\/li>\n\t\t<\/ul>\n\t<\/figure>\n","protected":false},"excerpt":{"rendered":"<p>Entre 800 et 1000 usagers en col\u00e8re \u00e0 Limoges ce samedi 31 janvier sous la pluie. Un succ\u00e8s<\/p>\n","protected":false},"author":2,"featured_media":5737,"comment_status":"open","ping_status":"open","sticky":false,"template":"","format":"standard","meta":{"footnotes":""},"categories":[5],"tags":[],"class_list":["post-1255","post","type-post","status-publish","format-standard","has-post-thumbnail","hentry","category-ensemble"],"_links":{"self":[{"href":"https:\/\/usagers-transports.haut-allier.eu\/index.php\/wp-json\/wp\/v2\/posts\/1255","targetHints":{"allow":["GET"]}}],"collection":[{"href":"https:\/\/usagers-transports.haut-allier.eu\/index.php\/wp-json\/wp\/v2\/posts"}],"about":[{"href":"https:\/\/usagers-transports.haut-allier.eu\/index.php\/wp-json\/wp\/v2\/types\/post"}],"author":[{"embeddable":true,"href":"https:\/\/usagers-transports.haut-allier.eu\/index.php\/wp-json\/wp\/v2\/users\/2"}],"replies":[{"embeddable":true,"href":"https:\/\/usagers-transports.haut-allier.eu\/index.php\/wp-json\/wp\/v2\/comments?post=1255"}],"version-history":[{"count":1,"href":"https:\/\/usagers-transports.haut-allier.eu\/index.php\/wp-json\/wp\/v2\/posts\/1255\/revisions"}],"predecessor-version":[{"id":5753,"href":"https:\/\/usagers-transports.haut-allier.eu\/index.php\/wp-json\/wp\/v2\/posts\/1255\/revisions\/5753"}],"wp:featuredmedia":[{"embeddable":true,"href":"https:\/\/usagers-transports.haut-allier.eu\/index.php\/wp-json\/wp\/v2\/media\/5737"}],"wp:attachment":[{"href":"https:\/\/usagers-transports.haut-allier.eu\/index.php\/wp-json\/wp\/v2\/media?parent=1255"}],"wp:term":[{"taxonomy":"category","embeddable":true,"href":"https:\/\/usagers-transports.haut-allier.eu\/index.php\/wp-json\/wp\/v2\/categories?post=1255"},{"taxonomy":"post_tag","embeddable":true,"href":"https:\/\/usagers-transports.haut-allier.eu\/index.php\/wp-json\/wp\/v2\/tags?post=1255"}],"curies":[{"name":"wp","href":"https:\/\/api.w.org\/{rel}","templated":true}]}}