{"id":1256,"date":"2026-02-06T10:44:00","date_gmt":"2026-02-06T09:44:00","guid":{"rendered":"http:\/\/5.45.101.177\/haut-allier\/usagers-transportse\/index.php\/2026\/02\/06\/le-mouvement-la-colere-des-sans1256\/"},"modified":"2026-09-01T16:12:05","modified_gmt":"2026-09-01T14:12:05","slug":"le-mouvement-la-colere-des-sans1256","status":"publish","type":"post","link":"https:\/\/usagers-transports.haut-allier.eu\/index.php\/2026\/02\/06\/le-mouvement-la-colere-des-sans1256\/","title":{"rendered":"Le mouvement LA COLERE DES SANS TRAINS interpelle Emmanuel Macron"},"content":{"rendered":"A la veille de la pr\u00e9sentation de la loi cadre des transports au Conseil des Ministres, dans la foul\u00e9e du succ\u00e8s du rassemblement de Limoges, 700 participants selon la police, pr\u00e8s de 1000 selon nous, avec un bon relais des m\u00e9dias, le courrier au Pr\u00e9sident de la R\u00e9publique, au Premier Ministre et au Ministre de l\u2019Economie des Finances a \u00e9t\u00e9 envoy\u00e9 en recommand\u00e9. Il vient d\u2019\u00eatre diffus\u00e9e aux m\u00e9dias.\n\nEn voici le PDF :\n\n<a href=\"http:\/\/5.45.101.177\/haut-allier\/usagers-transportse\/wp-content\/uploads\/2026\/02\/colere-des-sans-trains-lettre-ouverte-a-l-etat-fev2026-r.pdf\">colere-des-sans-trains-lettre-ouverte-a-l-etat-fev2026-r.pdf<\/a>\n\nEt le texte en image :\n\n<img loading=\"lazy\" decoding=\"async\" class=\" aligncenter size-full wp-image-5755\" src=\"http:\/\/5.45.101.177\/haut-allier\/usagers-transportse\/wp-content\/uploads\/2026\/02\/colere-des-sans-trains-lettre-ouverte-a-l-etat-fev2026-r.jpg\" alt=\"colere-des-sans-trains-lettre-ouverte-a-l-etat-fev2026-r.jpg\" align=\"center\" width=\"1413\" height=\"1999\" srcset=\"https:\/\/usagers-transports.haut-allier.eu\/wp-content\/uploads\/2026\/02\/colere-des-sans-trains-lettre-ouverte-a-l-etat-fev2026-r.jpg 1413w, https:\/\/usagers-transports.haut-allier.eu\/wp-content\/uploads\/2026\/02\/colere-des-sans-trains-lettre-ouverte-a-l-etat-fev2026-r-212x300.jpg 212w, https:\/\/usagers-transports.haut-allier.eu\/wp-content\/uploads\/2026\/02\/colere-des-sans-trains-lettre-ouverte-a-l-etat-fev2026-r-724x1024.jpg 724w, https:\/\/usagers-transports.haut-allier.eu\/wp-content\/uploads\/2026\/02\/colere-des-sans-trains-lettre-ouverte-a-l-etat-fev2026-r-768x1087.jpg 768w, https:\/\/usagers-transports.haut-allier.eu\/wp-content\/uploads\/2026\/02\/colere-des-sans-trains-lettre-ouverte-a-l-etat-fev2026-r-1086x1536.jpg 1086w\" sizes=\"auto, (max-width: 1413px) 100vw, 1413px\" \/>\n\n<p>&nbsp;<\/p>\n\n\t<figure class=\"wp-block-gallery columns-1 is-cropped wp-block-gallery-1 is-layout-flex wp-block-gallery-is-layout-flex\">\n\t\t<ul class=\"blocks-gallery-grid\">\n\t\t\t<li class=\"blocks-gallery-item\">\n\t\t\t\t<figure>\n\t\t\t\t\t\t\t\t\t\t\t<img loading=\"lazy\" decoding=\"async\" width=\"1500\" height=\"1154\" src=\"http:\/\/5.45.101.177\/haut-allier\/usagers-transportse\/wp-content\/uploads\/2026\/02\/lettre-au-president-fev-2026.png\"\n\t\t\t\t\t\t alt=\"lettre-au-president-fev-2026.png\"\n\t\t\t\t\t\t data-id=\"5756\"\n\t\t\t\t\t\t data-full-url=\"http:\/\/5.45.101.177\/haut-allier\/usagers-transportse\/wp-content\/uploads\/2026\/02\/lettre-au-president-fev-2026.png\"\n\t\t\t\t\t\t data-link=\"http:\/\/5.45.101.177\/haut-allier\/usagers-transportse\/attachment-lettre-au-president-fev-2026-png\/\"\n\t\t\t\t\t\t class=\"wp-image-5756\" srcset=\"https:\/\/usagers-transports.haut-allier.eu\/wp-content\/uploads\/2026\/02\/lettre-au-president-fev-2026.png 1500w, https:\/\/usagers-transports.haut-allier.eu\/wp-content\/uploads\/2026\/02\/lettre-au-president-fev-2026-300x231.png 300w, https:\/\/usagers-transports.haut-allier.eu\/wp-content\/uploads\/2026\/02\/lettre-au-president-fev-2026-1024x788.png 1024w, https:\/\/usagers-transports.haut-allier.eu\/wp-content\/uploads\/2026\/02\/lettre-au-president-fev-2026-768x591.png 768w\" sizes=\"auto, (max-width: 1500px) 100vw, 1500px\" \/>\n\t\t\t\t<\/figure>\n\t\t\t<\/li>\n\t\t<\/ul>\n\t<\/figure>\n","protected":false},"excerpt":{"rendered":"<p>A la veille de la pr\u00e9sentation de la loi cadre des transports au Conseil des Ministres, dans la<\/p>\n","protected":false},"author":2,"featured_media":5756,"comment_status":"open","ping_status":"open","sticky":false,"template":"","format":"standard","meta":{"footnotes":""},"categories":[5],"tags":[],"class_list":["post-1256","post","type-post","status-publish","format-standard","has-post-thumbnail","hentry","category-ensemble"],"_links":{"self":[{"href":"https:\/\/usagers-transports.haut-allier.eu\/index.php\/wp-json\/wp\/v2\/posts\/1256","targetHints":{"allow":["GET"]}}],"collection":[{"href":"https:\/\/usagers-transports.haut-allier.eu\/index.php\/wp-json\/wp\/v2\/posts"}],"about":[{"href":"https:\/\/usagers-transports.haut-allier.eu\/index.php\/wp-json\/wp\/v2\/types\/post"}],"author":[{"embeddable":true,"href":"https:\/\/usagers-transports.haut-allier.eu\/index.php\/wp-json\/wp\/v2\/users\/2"}],"replies":[{"embeddable":true,"href":"https:\/\/usagers-transports.haut-allier.eu\/index.php\/wp-json\/wp\/v2\/comments?post=1256"}],"version-history":[{"count":1,"href":"https:\/\/usagers-transports.haut-allier.eu\/index.php\/wp-json\/wp\/v2\/posts\/1256\/revisions"}],"predecessor-version":[{"id":5757,"href":"https:\/\/usagers-transports.haut-allier.eu\/index.php\/wp-json\/wp\/v2\/posts\/1256\/revisions\/5757"}],"wp:featuredmedia":[{"embeddable":true,"href":"https:\/\/usagers-transports.haut-allier.eu\/index.php\/wp-json\/wp\/v2\/media\/5756"}],"wp:attachment":[{"href":"https:\/\/usagers-transports.haut-allier.eu\/index.php\/wp-json\/wp\/v2\/media?parent=1256"}],"wp:term":[{"taxonomy":"category","embeddable":true,"href":"https:\/\/usagers-transports.haut-allier.eu\/index.php\/wp-json\/wp\/v2\/categories?post=1256"},{"taxonomy":"post_tag","embeddable":true,"href":"https:\/\/usagers-transports.haut-allier.eu\/index.php\/wp-json\/wp\/v2\/tags?post=1256"}],"curies":[{"name":"wp","href":"https:\/\/api.w.org\/{rel}","templated":true}]}}