{"id":1257,"date":"2026-02-10T15:47:18","date_gmt":"2026-02-10T14:47:18","guid":{"rendered":"http:\/\/5.45.101.177\/haut-allier\/usagers-transportse\/index.php\/2026\/02\/10\/le-rapport-d-observation-du1257\/"},"modified":"2026-09-01T16:12:05","modified_gmt":"2026-09-01T14:12:05","slug":"le-rapport-d-observation-du1257","status":"publish","type":"post","link":"https:\/\/usagers-transports.haut-allier.eu\/index.php\/2026\/02\/10\/le-rapport-d-observation-du1257\/","title":{"rendered":"Le rapport d\u2019observation du transport ferroviaire en 2024 de l&rsquo;ART"},"content":{"rendered":"L&rsquo;ART c&rsquo;est l&rsquo;autorit\u00e9 de r\u00e9gulation des transports, un organisme qui a prouv\u00e9 l&rsquo;ind\u00e9pendance de ses avis et positions par le pass\u00e9. C&rsquo;est un organisme stable, digne de confiance, au moment o\u00f9 les changements s&rsquo;encha\u00eenent dans les minist\u00e8res et les pr\u00e9sidences.\n\n<strong>[*Le march\u00e9 ferroviaire fran\u00e7ais confirme sa dynamique de croissance et une am\u00e9lioration de la qualit\u00e9 de service, mais des enjeux d\u2019investissement demeurent*]<\/strong>\n\n&#8230;nous dit l&rsquo;ART dans un communiqu\u00e9 :\n\nL\u2019Autorit\u00e9 de r\u00e9gulation des transports (ART) publie ce jour <a href=\"https:\/\/www.autorite-transports.fr\/wp-content\/uploads\/2026\/02\/bilan-ferroviaire-complet-2024.pdf\"><em>son rapport complet<\/em><\/a> d\u2019observation du march\u00e9 fran\u00e7ais du transport ferroviaire en 2024, qui vient compl\u00e9ter l\u2019Essentiel du march\u00e9 du transport ferroviaire, publi\u00e9 en d\u00e9cembre 2025, au travers d\u2019analyses th\u00e9matiques portant notamment sur l\u2019organisation de l\u2019offre ferroviaire en France et la qualit\u00e9 de service. Trois enseignements ressortent particuli\u00e8rement de cette prise de recul sur l\u2019\u00e9volution du secteur. Premi\u00e8rement, la dynamique de croissance du march\u00e9 ferroviaire, soutenue par le d\u00e9veloppement de la concurrence, b\u00e9n\u00e9ficie aux usagers et facilite le financement des services conventionn\u00e9s r\u00e9gionaux. Deuxi\u00e8mement, la ponctualit\u00e9 s\u2019am\u00e9liore en moyenne pour tous les services ferroviaires : l\u2019ART lance \u00e0 cet \u00e9gard son application Pr\u00e9viseo, con\u00e7ue pour contribuer \u00e0 \u00e9clairer l\u2019ensemble des usagers sur la fiabilit\u00e9 de l\u2019offre ferroviaire en France. Troisi\u00e8mement, malgr\u00e9 cette dynamique positive sur le volet des services, le niveau d\u2019investissement dans le renouvellement du r\u00e9seau demeure insuffisant pour contrer le vieillissement de l\u2019infrastructure.\n\n<strong>[*La dynamique de croissance du march\u00e9 ferroviaire, soutenue par le d\u00e9veloppement de la concurrence, b\u00e9n\u00e9ficie aux usagers et facilite le financement des services conventionn\u00e9s r\u00e9gionaux*]<\/strong>\n\nL\u2019ann\u00e9e 2024 est marqu\u00e9e par un record de fr\u00e9quentation des train pour les services librement organis\u00e9s comme conventionn\u00e9s. La fr\u00e9quentation des trains a ainsi d\u00e9pass\u00e9 le niveau de 2019 de plus d\u2019un tiers (35 %) pour les services conventionn\u00e9s interurbains et de 12 % pour les services \u00e0 grande vitesse.\n\nLe record de fr\u00e9quentation pour les services librement organis\u00e9s a \u00e9t\u00e9 soutenu par une offre en restructuration et en diversification, tant du c\u00f4t\u00e9 de l\u2019op\u00e9rateur historique que des nouveaux entrants, dans un contexte d\u2019ouverture \u00e0 la concurrence.\n\n&#8211;         Les services Ouigo repr\u00e9sentent, en 2024, 21 % de la fr\u00e9quentation des services ferroviaires librement organis\u00e9s en France, expliquant en grande partie la progression \u2013 en si\u00e8ges \u2013 des dessertes ferroviaires \u00e0 grande vitesse. Les services \u00e0 bas prix, initialement concentr\u00e9s sur la desserte de grandes agglom\u00e9rations de l\u2019axe Sud-Est lors de leur lancement il y a plus de dix ans, se sont diversifi\u00e9s sur l\u2019ensemble des axes radiaux comme sur des liaisons intersecteurs dont ils assurent, en 2024, plus du tiers de la desserte. Ouigo a ainsi contribu\u00e9 \u00e0 la croissance globale de l\u2019offre de si\u00e8ges commercialis\u00e9s, atteignant entre 3 % et 8 % selon les axes. Les services Ouigo desservent \u00e9galement des agglom\u00e9rations de taille moindre, en op\u00e9rant, en 2024, 7 % de l\u2019offre \u00e0 destination de gares dans des aires urbaines de moins de 50 000 habitants.  \n\n&#8211;         Les nouveaux entrants Trenitalia et Renfe ont \u00e9galement permis d\u2019accro\u00eetre et de diversifier l\u2019offre ferroviaire librement organis\u00e9e, en op\u00e9rant respectivement, en 2024, 11 % de l\u2019offre de trains sur l\u2019axe Paris-Lyon et 47 % de l\u2019offre entre la France et l\u2019Espagne.\n\n<strong>[*Pour les services TER, la hausse des taux d\u2019occupation entre 2019 et 2024 a permis d\u2019am\u00e9liorer, pour l\u2019ensemble des r\u00e9gions, la part des recettes tarifaires dans leur financement, s\u2019\u00e9tablissant \u00e0 un niveau proche de 25 % en r\u00e9gions Occitanie, Nouvelle-Aquitaine, Hauts-de-France, et jusqu\u2019\u00e0 pr\u00e8s de 40 % pour la moiti\u00e9 des r\u00e9gions.*]<\/strong>\n\nCette \u00e9volution s\u2019est ainsi faite sans augmentation des prix des services conventionn\u00e9s, qui n\u2019ont pas r\u00e9percut\u00e9 l\u2019inflation voire ont fortement baiss\u00e9 du fait de politique tarifaires attractives. Cette mod\u00e9ration des prix des services conventionn\u00e9s ne suffit cependant pas \u00e0 expliquer les dynamiques r\u00e9centes de fr\u00e9quentation : d\u2019autres facteurs apparaissent en effet d\u00e9terminants dans les choix de mobilit\u00e9, notamment la qualit\u00e9 de l\u2019offre de transport.\n\n<strong>[*La ponctualit\u00e9 s\u2019est am\u00e9lior\u00e9e pour tous les services ferroviaires*]<\/strong>\n\nLa ponctualit\u00e9 et la r\u00e9gularit\u00e9 de l\u2019offre ferroviaire se sont sensiblement am\u00e9lior\u00e9es en 2024, pour les services conventionn\u00e9s comme les services librement organis\u00e9s. L\u2019am\u00e9lioration la plus marqu\u00e9e de la ponctualit\u00e9 concerne les services Intercit\u00e9s (+4 points en 2024), qui conservent cependant les taux de ponctualit\u00e9 des passagers les plus bas. Le taux de circulations TER effectives et ponctuelles s\u2019est am\u00e9lior\u00e9 dans la quasi-totalit\u00e9 des r\u00e9gions, en raison de la baisse g\u00e9n\u00e9ralis\u00e9e des taux de d\u00e9programmations. Les services Transilien-RER d\u2019\u00cele-de-France ont \u00e9galement vu une nette am\u00e9lioration de leur taux de r\u00e9alisation (+5 points, atteignant 89 %).\n\nS\u2019agissant des services librement organis\u00e9s, l\u2019axe Paris-Lyon en particulier, sur lequel coexistent des offres en concurrence depuis fin 2021, affiche une ponctualit\u00e9 sup\u00e9rieure \u00e0 la moyenne. Si les taux de ponctualit\u00e9 peuvent fortement varier selon les p\u00e9riodes horaires, les causes imputables \u00e0 l\u2019infrastructure \u00ab gare \u00bb et \u00e0 l\u2019affluence des voyageurs p\u00e8sent relativement peu (moins de 5 %).\n\nAfin de fournir un \u00e9clairage compl\u00e9mentaire sur la ponctualit\u00e9 des trains, l\u2019ART met \u00e0 disposition un outil en acc\u00e8s libre (https:\/\/previseo.autorite-transports.fr\/) de suivi, \u00e0 la maille liaison, des indicateurs de taux de retard de l\u2019ensemble des trains de voyageurs op\u00e9r\u00e9s en France.\n\n<strong>[*Les investissements dans le renouvellement du r\u00e9seau demeurent insuffisants pour contrer son vieillissement*]<\/strong>\n\nLe renouvellement des voies du r\u00e9seau ferr\u00e9 national (RFN) a augment\u00e9 sur les lignes classiques mais diminu\u00e9 pour les LGV. Au global, pr\u00e8s de 1 200 km de voies ont \u00e9t\u00e9 renouvel\u00e9s en 2024, soit une hausse de 16 % par rapport \u00e0 la moyenne observ\u00e9e sur la p\u00e9riode 2015-2021, port\u00e9e par la bonne ex\u00e9cution du programme d\u2019investissements de SNCF R\u00e9seau. En revanche, les investissements pour le renouvellement des LGV ont notablement baiss\u00e9 en 2024 (-17 %). Le niveau de d\u00e9penses d\u2019investissements consacr\u00e9es au renouvellement du r\u00e9seau ferr\u00e9 reste ainsi inf\u00e9rieur sur les derni\u00e8res ann\u00e9es (hors inflation) au niveau qui \u00e9tait observ\u00e9 en 2019.\n\nCes efforts demeurent insuffisants pour contrer le vieillissement de l\u2019infrastructure. \u00c0 fin 2023, pr\u00e8s de 2 600 km de voies du r\u00e9seau structurant avaient d\u00e9j\u00e0 atteint leur dur\u00e9e de vie th\u00e9orique, et pr\u00e8s de 300 \u00e0 400 km de voies suppl\u00e9mentaires du RFN arriveront \u00e0 cette m\u00eame \u00e9ch\u00e9ance chaque ann\u00e9e d\u2019ici \u00e0 2029.\n\nL\u2019indisponibilit\u00e9 du RFN li\u00e9e aux travaux continue d\u2019augmenter en d\u00e9pit d\u2019un taux d\u2019utilisation partiel des capacit\u00e9s mobilis\u00e9es. En 2024, pr\u00e8s de 14 % de la capacit\u00e9 de r\u00e9servation du r\u00e9seau a \u00e9t\u00e9 neutralis\u00e9e du fait de la programmation des travaux, soit un doublement depuis 2019. Ce chiffre atteint 54 % sur le r\u00e9seau utilis\u00e9 par les trains de nuit. En outre, entre 21 % et 26 % des fen\u00eatres de travaux programm\u00e9es ne sont ni utilis\u00e9es par SNCF R\u00e9seau ni restitu\u00e9es, limitant ainsi la capacit\u00e9 de circulation effectivement offerte aux entreprises ferroviaires. Le gestionnaire d\u2019infrastructure s\u2019est engag\u00e9 \u00e0 ramener le taux de non-utilisation \u00e0 10 % d\u2019ici \u00e0 2030 dans le cadre de la mise en place du m\u00e9canisme incitatif \u00e0 la restitution des capacit\u00e9s-travaux non utilis\u00e9es que l\u2019Autorit\u00e9 lui avait enjoint d\u2019instaurer dans une d\u00e9cision de r\u00e8glement de diff\u00e9rend.\n\n<em>Consulter :<\/em>\n\n&#8211;    Le march\u00e9 du transport ferroviaire en France en 2024 \u2013 Bilan complet\n&#8211;    Les tableaux de bord digitalis\u00e9s sur le march\u00e9 fran\u00e7ais du transport ferroviaire de voyageurs et de fret\n&#8211;    Les jeux de donn\u00e9es en open data\n&#8211;    L\u2019application Pr\u00e9vis\u00e9o : https:\/\/previseo.autorite-transports.fr\/\n\n<strong>[*Pr\u00e9sentation officielle*]<\/strong>\n\n<em>L\u2019Autorit\u00e9 de r\u00e9gulation des transports (ART, anciennement Arafer) est une autorit\u00e9 publique ind\u00e9pendante. Elle a \u00e9t\u00e9 cr\u00e9\u00e9e en 2009 sous le nom d\u2019Autorit\u00e9 de r\u00e9gulation des activit\u00e9s ferroviaires (Araf) pour accompagner l\u2019ouverture \u00e0 la concurrence du march\u00e9 de transport ferroviaire. Ses missions ont \u00e9t\u00e9 \u00e9tendues en 2015, puis en 2016, au tunnel sous la Manche, au transport interurbain par autocar et aux autoroutes sous concession, faisant de l\u2019ART un r\u00e9gulateur de transport multimodal. Depuis le 1er octobre 2019, le champ de comp\u00e9tences de l\u2019ART a \u00e9t\u00e9 \u00e9tendu \u00e0 la r\u00e9gulation des redevances a\u00e9roportuaires, comp\u00e9tences exerc\u00e9es jusqu\u2019alors par l\u2019Autorit\u00e9 de supervision ind\u00e9pendante des redevances a\u00e9roportuaires (ASI).\n\nPour lui permettre d\u2019assurer pleinement ses missions, l\u2019ART dispose de larges pouvoirs, octroy\u00e9s par la loi. Son ind\u00e9pendance est \u00e9galement garantie par le fonctionnement de son coll\u00e8ge et son autonomie financi\u00e8re.<\/em>\n\n<blockquote class=\"wp-embedded-content\" data-secret=\"MAcIQ1W4QE\"><a href=\"https:\/\/www.autorite-transports.fr\/\">Page d&rsquo;accueil<\/a><\/blockquote><iframe loading=\"lazy\" class=\"wp-embedded-content\" sandbox=\"allow-scripts\" security=\"restricted\" style=\"position: absolute; visibility: hidden;\" title=\"\u00ab\u00a0Page d\u2019accueil\u00a0\u00bb \u2014 ART\" src=\"https:\/\/www.autorite-transports.fr\/embed\/#?secret=zvyjGU38yO#?secret=MAcIQ1W4QE\" data-secret=\"MAcIQ1W4QE\" width=\"600\" height=\"338\" frameborder=\"0\" marginwidth=\"0\" marginheight=\"0\" scrolling=\"no\"><\/iframe>\n\n<p>&nbsp;<\/p>\n\n\t<figure class=\"wp-block-gallery columns-1 is-cropped wp-block-gallery-1 is-layout-flex wp-block-gallery-is-layout-flex\">\n\t\t<ul class=\"blocks-gallery-grid\">\n\t\t\t<li class=\"blocks-gallery-item\">\n\t\t\t\t<figure>\n\t\t\t\t\t\t\t\t\t\t\t<img loading=\"lazy\" decoding=\"async\" width=\"704\" height=\"591\" src=\"http:\/\/5.45.101.177\/haut-allier\/usagers-transportse\/wp-content\/uploads\/2026\/02\/511b6b88-7c05-4c46-b180-d90575756367.jpg\"\n\t\t\t\t\t\t alt=\"511b6b88-7c05-4c46-b180-d90575756367.jpg\"\n\t\t\t\t\t\t data-id=\"5758\"\n\t\t\t\t\t\t data-full-url=\"http:\/\/5.45.101.177\/haut-allier\/usagers-transportse\/wp-content\/uploads\/2026\/02\/511b6b88-7c05-4c46-b180-d90575756367.jpg\"\n\t\t\t\t\t\t data-link=\"http:\/\/5.45.101.177\/haut-allier\/usagers-transportse\/attachment-511b6b88-7c05-4c46-b180-d90575756367-jpg\/\"\n\t\t\t\t\t\t class=\"wp-image-5758\" srcset=\"https:\/\/usagers-transports.haut-allier.eu\/wp-content\/uploads\/2026\/02\/511b6b88-7c05-4c46-b180-d90575756367.jpg 704w, https:\/\/usagers-transports.haut-allier.eu\/wp-content\/uploads\/2026\/02\/511b6b88-7c05-4c46-b180-d90575756367-300x252.jpg 300w\" sizes=\"auto, (max-width: 704px) 100vw, 704px\" \/>\n\t\t\t\t<\/figure>\n\t\t\t<\/li>\n\t\t<\/ul>\n\t<\/figure>\n","protected":false},"excerpt":{"rendered":"<p>L&rsquo;ART c&rsquo;est l&rsquo;autorit\u00e9 de r\u00e9gulation des transports, un organisme qui a prouv\u00e9 l&rsquo;ind\u00e9pendance de ses avis et positions<\/p>\n","protected":false},"author":2,"featured_media":5758,"comment_status":"open","ping_status":"open","sticky":false,"template":"","format":"standard","meta":{"footnotes":""},"categories":[2],"tags":[],"class_list":["post-1257","post","type-post","status-publish","format-standard","has-post-thumbnail","hentry","category-infos"],"_links":{"self":[{"href":"https:\/\/usagers-transports.haut-allier.eu\/index.php\/wp-json\/wp\/v2\/posts\/1257","targetHints":{"allow":["GET"]}}],"collection":[{"href":"https:\/\/usagers-transports.haut-allier.eu\/index.php\/wp-json\/wp\/v2\/posts"}],"about":[{"href":"https:\/\/usagers-transports.haut-allier.eu\/index.php\/wp-json\/wp\/v2\/types\/post"}],"author":[{"embeddable":true,"href":"https:\/\/usagers-transports.haut-allier.eu\/index.php\/wp-json\/wp\/v2\/users\/2"}],"replies":[{"embeddable":true,"href":"https:\/\/usagers-transports.haut-allier.eu\/index.php\/wp-json\/wp\/v2\/comments?post=1257"}],"version-history":[{"count":1,"href":"https:\/\/usagers-transports.haut-allier.eu\/index.php\/wp-json\/wp\/v2\/posts\/1257\/revisions"}],"predecessor-version":[{"id":5759,"href":"https:\/\/usagers-transports.haut-allier.eu\/index.php\/wp-json\/wp\/v2\/posts\/1257\/revisions\/5759"}],"wp:featuredmedia":[{"embeddable":true,"href":"https:\/\/usagers-transports.haut-allier.eu\/index.php\/wp-json\/wp\/v2\/media\/5758"}],"wp:attachment":[{"href":"https:\/\/usagers-transports.haut-allier.eu\/index.php\/wp-json\/wp\/v2\/media?parent=1257"}],"wp:term":[{"taxonomy":"category","embeddable":true,"href":"https:\/\/usagers-transports.haut-allier.eu\/index.php\/wp-json\/wp\/v2\/categories?post=1257"},{"taxonomy":"post_tag","embeddable":true,"href":"https:\/\/usagers-transports.haut-allier.eu\/index.php\/wp-json\/wp\/v2\/tags?post=1257"}],"curies":[{"name":"wp","href":"https:\/\/api.w.org\/{rel}","templated":true}]}}