{"id":1258,"date":"2026-02-10T17:18:55","date_gmt":"2026-02-10T16:18:55","guid":{"rendered":"http:\/\/5.45.101.177\/haut-allier\/usagers-transportse\/index.php\/2026\/02\/10\/la-draisine-de-maintenance1258\/"},"modified":"2026-09-01T16:12:06","modified_gmt":"2026-09-01T14:12:06","slug":"la-draisine-de-maintenance1258","status":"publish","type":"post","link":"https:\/\/usagers-transports.haut-allier.eu\/index.php\/2026\/02\/10\/la-draisine-de-maintenance1258\/","title":{"rendered":"La draisine de maintenance affect\u00e9e \u00e0 Alleyras d\u00e9port\u00e9e \u00e0 Aurillac [MAJ]"},"content":{"rendered":"D&rsquo;apr\u00e8s nos renseignements la draisine de SNCF R\u00e9seau d\u00e9di\u00e9e \u00e0 la maintenance des voies et infrastructures des gorges sauvages de l&rsquo;Allier vient d&rsquo;\u00eatre mut\u00e9e \u00e0 Aurillac. \n\n<img loading=\"lazy\" decoding=\"async\" class=\" aligncenter size-full wp-image-5760\" src=\"http:\/\/5.45.101.177\/haut-allier\/usagers-transportse\/wp-content\/uploads\/2026\/02\/dji_0003rr.jpg\" alt=\"dji_0003rr.jpg\" align=\"center\" width=\"1360\" height=\"897\" srcset=\"https:\/\/usagers-transports.haut-allier.eu\/wp-content\/uploads\/2026\/02\/dji_0003rr.jpg 1360w, https:\/\/usagers-transports.haut-allier.eu\/wp-content\/uploads\/2026\/02\/dji_0003rr-300x198.jpg 300w, https:\/\/usagers-transports.haut-allier.eu\/wp-content\/uploads\/2026\/02\/dji_0003rr-1024x675.jpg 1024w, https:\/\/usagers-transports.haut-allier.eu\/wp-content\/uploads\/2026\/02\/dji_0003rr-768x507.jpg 768w\" sizes=\"auto, (max-width: 1360px) 100vw, 1360px\" \/>\n\n<strong>[*Moins de mat\u00e9riel sur la ligne des C\u00e9vennes : une maintenance moins efficace*]<\/strong>\n\nIl y aura donc encore plus de souci \u00e0 se faire sur cette ligne dont l&rsquo;\u00e9tat a \u00e9t\u00e9 maintenue proche de la fermeture. D\u00e9sormais au moindre incident, et il y en a, il faudrait faire appel au mat\u00e9riel roulant de Langeac. \n\nUne draisine en moins sur la ligne c&rsquo;est aussi moins d&rsquo;agents SNCF sur place. Pour ne pas dire que toutes les activit\u00e9s et mouvements gare d&rsquo;Alleyras ce sera du pass\u00e9. Merci SNCF R\u00e9seau.\n\n<img loading=\"lazy\" decoding=\"async\" class=\" aligncenter size-full wp-image-5761\" src=\"http:\/\/5.45.101.177\/haut-allier\/usagers-transportse\/wp-content\/uploads\/2026\/02\/08-img_20230603_084632-2.jpg\" alt=\"08-img_20230603_084632-2.jpg\" align=\"center\" width=\"2283\" height=\"1301\" srcset=\"https:\/\/usagers-transports.haut-allier.eu\/wp-content\/uploads\/2026\/02\/08-img_20230603_084632-2.jpg 2283w, https:\/\/usagers-transports.haut-allier.eu\/wp-content\/uploads\/2026\/02\/08-img_20230603_084632-2-300x171.jpg 300w, https:\/\/usagers-transports.haut-allier.eu\/wp-content\/uploads\/2026\/02\/08-img_20230603_084632-2-1024x584.jpg 1024w, https:\/\/usagers-transports.haut-allier.eu\/wp-content\/uploads\/2026\/02\/08-img_20230603_084632-2-768x438.jpg 768w, https:\/\/usagers-transports.haut-allier.eu\/wp-content\/uploads\/2026\/02\/08-img_20230603_084632-2-1536x875.jpg 1536w, https:\/\/usagers-transports.haut-allier.eu\/wp-content\/uploads\/2026\/02\/08-img_20230603_084632-2-2048x1167.jpg 2048w\" sizes=\"auto, (max-width: 2283px) 100vw, 2283px\" \/>\n\nOutre le ralentissement \u00e0 40 km\/h entre Monistrol d&rsquo;Allier et Chapeauroux qui fait perdre pr\u00e8s d&rsquo;une demi heure au temps de parcours Clermont &#8211; N\u00eemes, il faut rappeler que la r\u00e9gion Auvergne Rh\u00f4ne Alpes a financ\u00e9 les travaux de maintenance afin d&rsquo;\u00e9viter la fermeture et afin de MAINTENIR les performances de la ligne, et non la moderniser,  comme les immenses panneaux de la r\u00e9gion AuRA le rappellent dans nos gares.\n\nCette d\u00e9cision intervient au moment o\u00f9 toutes les r\u00e9gions sans exception engagent un bras de fer avec l&rsquo;\u00e9tat au sujet du financement des infrastructures du r\u00e9seau national, que toutes d\u00e9sormais ont d\u00e9cid\u00e9 de ne plus financer. C&rsquo;est le r\u00e9sultat des ateliers du colloque Ambition France Transports de la fin de l&rsquo;an dernier. Ces discussions doivent aboutir \u00e0 une loi-cadre d\u00e9finissant mieux le financement et les sources. \n\n<strong>[*Une loi-cadre tr\u00e8s d\u00e9cevante au sujet des \u00ab\u00a0petites\u00a0\u00bb lignes*] <\/strong>\n\nNous avons pu la consulter et pouvons affirmer qu&rsquo;il n&rsquo;y aura pas de miracle pour les territoires ruraux malgr\u00e9 les demandes des \u00e9lus locaux.\n\nLe mouvement de la COLERE des SANS TRAINS initi\u00e9 \u00e0 Limoges et dont nous vous parlons depuis quelques semaines demande aux d\u00e9put\u00e9s des territoires de s&#8217;emparer du probl\u00e8me de cette loi-cadre et d&rsquo;y apporter une s\u00e9rie d&rsquo;amendements r\u00e9tablissant les r\u00e9ponses essentielles aux besoins des territoires.\n\nAvec AuRAil et notre collectif nous avons contact\u00e9 TOUS les d\u00e9put\u00e9s du Massif central et nous proposons \u00e0 leurs collaborateurs notre aide dans la r\u00e9daction de ces amendements indispensables.\n\nSans doute du nouveau bient\u00f4t.\n\n[fond rouge][blanc][Mise \u00e0 jour du 20 mars][\/blanc][\/fond rouge]\n\nConcernant la draisine stationn\u00e9e \u00e0 Alleyras elle a \u00e9t\u00e9 vue ces jours-ci sur son ancienne affectation. Alors son d\u00e9part est-il pr\u00e9vu \u00e0 la fin des travaux ou s&rsquo;agit-il d&rsquo;un retour ? \n\nConcernant les travaux en Auvergne Rh\u00f4ne Alpes SNCF R\u00e9seau nous promet un sch\u00e9ma complet pour 2026 avant la fin de ce mois de mars. Nous pourrons enfin conna\u00eetre l&rsquo;objectif des travaux entrepris.\n\n[fond rouge][blanc][Mise \u00e0 jour du 24 mars][\/blanc][\/fond rouge]\n\nDe source bien inform\u00e9e voici l&rsquo;histoire vraie de la draisine d&rsquo;Alleyras : elle a \u00e9t\u00e9 mise \u00e0 disposition temporairement \u00e0 Aurillac car la leur \u00e9tait en r\u00e9paration. L\u00e0 elle est revenue \u00e0 Alleyras. Nos craintes s&rsquo;\u00e9loignent.  \ud83d\ude42 <p>&nbsp;<\/p>\n\n\t<figure class=\"wp-block-gallery columns-1 is-cropped wp-block-gallery-1 is-layout-flex wp-block-gallery-is-layout-flex\">\n\t\t<ul class=\"blocks-gallery-grid\">\n\t\t\t<li class=\"blocks-gallery-item\">\n\t\t\t\t<figure>\n\t\t\t\t\t\t\t\t\t\t\t<img loading=\"lazy\" decoding=\"async\" width=\"705\" height=\"501\" src=\"http:\/\/5.45.101.177\/haut-allier\/usagers-transportse\/wp-content\/uploads\/2026\/02\/08-img_20230603_084632-zoom.jpg\"\n\t\t\t\t\t\t alt=\"08-img_20230603_084632-zoom.jpg\"\n\t\t\t\t\t\t data-id=\"5762\"\n\t\t\t\t\t\t data-full-url=\"http:\/\/5.45.101.177\/haut-allier\/usagers-transportse\/wp-content\/uploads\/2026\/02\/08-img_20230603_084632-zoom.jpg\"\n\t\t\t\t\t\t data-link=\"http:\/\/5.45.101.177\/haut-allier\/usagers-transportse\/attachment-08-img_20230603_084632-zoom-jpg\/\"\n\t\t\t\t\t\t class=\"wp-image-5762\" srcset=\"https:\/\/usagers-transports.haut-allier.eu\/wp-content\/uploads\/2026\/02\/08-img_20230603_084632-zoom.jpg 705w, https:\/\/usagers-transports.haut-allier.eu\/wp-content\/uploads\/2026\/02\/08-img_20230603_084632-zoom-300x213.jpg 300w\" sizes=\"auto, (max-width: 705px) 100vw, 705px\" \/>\n\t\t\t\t<\/figure>\n\t\t\t<\/li>\n\t\t<\/ul>\n\t<\/figure>\n","protected":false},"excerpt":{"rendered":"<p>D&rsquo;apr\u00e8s nos renseignements la draisine de SNCF R\u00e9seau d\u00e9di\u00e9e \u00e0 la maintenance des voies et infrastructures des gorges<\/p>\n","protected":false},"author":2,"featured_media":5760,"comment_status":"open","ping_status":"open","sticky":false,"template":"","format":"standard","meta":{"footnotes":""},"categories":[3],"tags":[],"class_list":["post-1258","post","type-post","status-publish","format-standard","has-post-thumbnail","hentry","category-en-train"],"_links":{"self":[{"href":"https:\/\/usagers-transports.haut-allier.eu\/index.php\/wp-json\/wp\/v2\/posts\/1258","targetHints":{"allow":["GET"]}}],"collection":[{"href":"https:\/\/usagers-transports.haut-allier.eu\/index.php\/wp-json\/wp\/v2\/posts"}],"about":[{"href":"https:\/\/usagers-transports.haut-allier.eu\/index.php\/wp-json\/wp\/v2\/types\/post"}],"author":[{"embeddable":true,"href":"https:\/\/usagers-transports.haut-allier.eu\/index.php\/wp-json\/wp\/v2\/users\/2"}],"replies":[{"embeddable":true,"href":"https:\/\/usagers-transports.haut-allier.eu\/index.php\/wp-json\/wp\/v2\/comments?post=1258"}],"version-history":[{"count":1,"href":"https:\/\/usagers-transports.haut-allier.eu\/index.php\/wp-json\/wp\/v2\/posts\/1258\/revisions"}],"predecessor-version":[{"id":5763,"href":"https:\/\/usagers-transports.haut-allier.eu\/index.php\/wp-json\/wp\/v2\/posts\/1258\/revisions\/5763"}],"wp:featuredmedia":[{"embeddable":true,"href":"https:\/\/usagers-transports.haut-allier.eu\/index.php\/wp-json\/wp\/v2\/media\/5760"}],"wp:attachment":[{"href":"https:\/\/usagers-transports.haut-allier.eu\/index.php\/wp-json\/wp\/v2\/media?parent=1258"}],"wp:term":[{"taxonomy":"category","embeddable":true,"href":"https:\/\/usagers-transports.haut-allier.eu\/index.php\/wp-json\/wp\/v2\/categories?post=1258"},{"taxonomy":"post_tag","embeddable":true,"href":"https:\/\/usagers-transports.haut-allier.eu\/index.php\/wp-json\/wp\/v2\/tags?post=1258"}],"curies":[{"name":"wp","href":"https:\/\/api.w.org\/{rel}","templated":true}]}}