{"id":1259,"date":"2026-02-11T12:38:17","date_gmt":"2026-02-11T11:38:17","guid":{"rendered":"http:\/\/5.45.101.177\/haut-allier\/usagers-transportse\/index.php\/2026\/02\/11\/ligne-des-cevennes-en-2026-coupure1259\/"},"modified":"2026-09-01T16:12:09","modified_gmt":"2026-09-01T14:12:09","slug":"ligne-des-cevennes-en-2026-coupure1259","status":"publish","type":"post","link":"https:\/\/usagers-transports.haut-allier.eu\/index.php\/2026\/02\/11\/ligne-des-cevennes-en-2026-coupure1259\/","title":{"rendered":"Ligne des C\u00e9vennes : en 2026 coupure du trafic du 23 f\u00e9vrier au 30 avril [MAJ]"},"content":{"rendered":"Les fiches horaires pour les travaux annuels sont parues c\u00f4t\u00e9 Auvergne Rh\u00f4ne Alpes.\n\n[*1) Pour la ligne des C\u00e9vennes coupure du 23\/02 au 30\/04 :*]\n\nTAD taxis \u00e0 la demande pour les gares des gorges sauvages du haut Allier.\n\n<img loading=\"lazy\" decoding=\"async\" class=\" aligncenter size-full wp-image-5764\" src=\"http:\/\/5.45.101.177\/haut-allier\/usagers-transportse\/wp-content\/uploads\/2026\/02\/08_-_r505_-_interruption_sud_clermont_-_du_23-02_au_05-04-26-2.jpg\" alt=\"08_-_r505_-_interruption_sud_clermont_-_du_23-02_au_05-04-26-2.jpg\" align=\"center\" width=\"1403\" height=\"1984\" srcset=\"https:\/\/usagers-transports.haut-allier.eu\/wp-content\/uploads\/2026\/02\/08_-_r505_-_interruption_sud_clermont_-_du_23-02_au_05-04-26-2.jpg 1403w, https:\/\/usagers-transports.haut-allier.eu\/wp-content\/uploads\/2026\/02\/08_-_r505_-_interruption_sud_clermont_-_du_23-02_au_05-04-26-2-212x300.jpg 212w, https:\/\/usagers-transports.haut-allier.eu\/wp-content\/uploads\/2026\/02\/08_-_r505_-_interruption_sud_clermont_-_du_23-02_au_05-04-26-2-724x1024.jpg 724w, https:\/\/usagers-transports.haut-allier.eu\/wp-content\/uploads\/2026\/02\/08_-_r505_-_interruption_sud_clermont_-_du_23-02_au_05-04-26-2-768x1086.jpg 768w, https:\/\/usagers-transports.haut-allier.eu\/wp-content\/uploads\/2026\/02\/08_-_r505_-_interruption_sud_clermont_-_du_23-02_au_05-04-26-2-1086x1536.jpg 1086w\" sizes=\"auto, (max-width: 1403px) 100vw, 1403px\" \/>\n\n<img loading=\"lazy\" decoding=\"async\" class=\" aligncenter size-full wp-image-5765\" src=\"http:\/\/5.45.101.177\/haut-allier\/usagers-transportse\/wp-content\/uploads\/2026\/02\/08_-_r505_-_interruption_sud_clermont_-_du_23-02_au_05-04-26-1.jpg\" alt=\"08_-_r505_-_interruption_sud_clermont_-_du_23-02_au_05-04-26-1.jpg\" align=\"center\" width=\"1403\" height=\"1984\" srcset=\"https:\/\/usagers-transports.haut-allier.eu\/wp-content\/uploads\/2026\/02\/08_-_r505_-_interruption_sud_clermont_-_du_23-02_au_05-04-26-1.jpg 1403w, https:\/\/usagers-transports.haut-allier.eu\/wp-content\/uploads\/2026\/02\/08_-_r505_-_interruption_sud_clermont_-_du_23-02_au_05-04-26-1-212x300.jpg 212w, https:\/\/usagers-transports.haut-allier.eu\/wp-content\/uploads\/2026\/02\/08_-_r505_-_interruption_sud_clermont_-_du_23-02_au_05-04-26-1-724x1024.jpg 724w, https:\/\/usagers-transports.haut-allier.eu\/wp-content\/uploads\/2026\/02\/08_-_r505_-_interruption_sud_clermont_-_du_23-02_au_05-04-26-1-768x1086.jpg 768w, https:\/\/usagers-transports.haut-allier.eu\/wp-content\/uploads\/2026\/02\/08_-_r505_-_interruption_sud_clermont_-_du_23-02_au_05-04-26-1-1086x1536.jpg 1086w\" sizes=\"auto, (max-width: 1403px) 100vw, 1403px\" \/>\n\n[*2) Pour la ligne Le Puy en Velay &#8211; Clermont suppression de tout trafic entre St Georges et Le Puy du 23\/03 au 16\/03 :*]\n\n<img loading=\"lazy\" decoding=\"async\" class=\" aligncenter size-full wp-image-5766\" src=\"http:\/\/5.45.101.177\/haut-allier\/usagers-transportse\/wp-content\/uploads\/2026\/02\/affiche_r505_l26_cle-lpu_du_2302_au_1303_v090226-1.jpg\" alt=\"affiche_r505_l26_cle-lpu_du_2302_au_1303_v090226-1.jpg\" align=\"center\" width=\"1446\" height=\"1997\" srcset=\"https:\/\/usagers-transports.haut-allier.eu\/wp-content\/uploads\/2026\/02\/affiche_r505_l26_cle-lpu_du_2302_au_1303_v090226-1.jpg 1446w, https:\/\/usagers-transports.haut-allier.eu\/wp-content\/uploads\/2026\/02\/affiche_r505_l26_cle-lpu_du_2302_au_1303_v090226-1-217x300.jpg 217w, https:\/\/usagers-transports.haut-allier.eu\/wp-content\/uploads\/2026\/02\/affiche_r505_l26_cle-lpu_du_2302_au_1303_v090226-1-741x1024.jpg 741w, https:\/\/usagers-transports.haut-allier.eu\/wp-content\/uploads\/2026\/02\/affiche_r505_l26_cle-lpu_du_2302_au_1303_v090226-1-768x1061.jpg 768w, https:\/\/usagers-transports.haut-allier.eu\/wp-content\/uploads\/2026\/02\/affiche_r505_l26_cle-lpu_du_2302_au_1303_v090226-1-1112x1536.jpg 1112w\" sizes=\"auto, (max-width: 1446px) 100vw, 1446px\" \/>\n\n<img loading=\"lazy\" decoding=\"async\" class=\" aligncenter size-full wp-image-5767\" src=\"http:\/\/5.45.101.177\/haut-allier\/usagers-transportse\/wp-content\/uploads\/2026\/02\/affiche_r505_l26_cle-lpu_du_2302_au_1303_v090226-2.jpg\" alt=\"affiche_r505_l26_cle-lpu_du_2302_au_1303_v090226-2.jpg\" align=\"center\" width=\"1446\" height=\"1997\" srcset=\"https:\/\/usagers-transports.haut-allier.eu\/wp-content\/uploads\/2026\/02\/affiche_r505_l26_cle-lpu_du_2302_au_1303_v090226-2.jpg 1446w, https:\/\/usagers-transports.haut-allier.eu\/wp-content\/uploads\/2026\/02\/affiche_r505_l26_cle-lpu_du_2302_au_1303_v090226-2-217x300.jpg 217w, https:\/\/usagers-transports.haut-allier.eu\/wp-content\/uploads\/2026\/02\/affiche_r505_l26_cle-lpu_du_2302_au_1303_v090226-2-741x1024.jpg 741w, https:\/\/usagers-transports.haut-allier.eu\/wp-content\/uploads\/2026\/02\/affiche_r505_l26_cle-lpu_du_2302_au_1303_v090226-2-768x1061.jpg 768w, https:\/\/usagers-transports.haut-allier.eu\/wp-content\/uploads\/2026\/02\/affiche_r505_l26_cle-lpu_du_2302_au_1303_v090226-2-1112x1536.jpg 1112w\" sizes=\"auto, (max-width: 1446px) 100vw, 1446px\" \/>\n\n[**[Mise \u00e0 jour du 12 f\u00e9vrier]*]\nLe c\u00f4t\u00e9 Occitanie apporte des pr\u00e9cisions (merci Alexandre B.) :\n\n <img loading=\"lazy\" decoding=\"async\" class=\" aligncenter size-full wp-image-5768\" src=\"http:\/\/5.45.101.177\/haut-allier\/usagers-transportse\/wp-content\/uploads\/2026\/02\/3940819273152830103.jpg\" alt=\"-3940819273152830103.jpg\" align=\"center\" width=\"750\" height=\"181\" srcset=\"https:\/\/usagers-transports.haut-allier.eu\/wp-content\/uploads\/2026\/02\/3940819273152830103.jpg 750w, https:\/\/usagers-transports.haut-allier.eu\/wp-content\/uploads\/2026\/02\/3940819273152830103-300x72.jpg 300w\" sizes=\"auto, (max-width: 750px) 100vw, 750px\" \/>\n\n&#8211; Fermeture de La Bastide \/ Mende \/ Marvejols du 30 mars au 30 avril\n&#8211; Fermeture entre La Bastide et Clermont du 23 f\u00e9vrier au 30 avril, un peu plus de 2 mois.<p>&nbsp;<\/p>\n\n\t<figure class=\"wp-block-gallery columns-1 is-cropped wp-block-gallery-1 is-layout-flex wp-block-gallery-is-layout-flex\">\n\t\t<ul class=\"blocks-gallery-grid\">\n\t\t\t<li class=\"blocks-gallery-item\">\n\t\t\t\t<figure>\n\t\t\t\t\t\t\t\t\t\t\t<img loading=\"lazy\" decoding=\"async\" width=\"425\" height=\"134\" src=\"http:\/\/5.45.101.177\/haut-allier\/usagers-transportse\/wp-content\/uploads\/2026\/02\/fa18ffb2-2eb2-49df-b418-4b3e1708a0f9.jpg\"\n\t\t\t\t\t\t alt=\"fa18ffb2-2eb2-49df-b418-4b3e1708a0f9.jpg\"\n\t\t\t\t\t\t data-id=\"5769\"\n\t\t\t\t\t\t data-full-url=\"http:\/\/5.45.101.177\/haut-allier\/usagers-transportse\/wp-content\/uploads\/2026\/02\/fa18ffb2-2eb2-49df-b418-4b3e1708a0f9.jpg\"\n\t\t\t\t\t\t data-link=\"http:\/\/5.45.101.177\/haut-allier\/usagers-transportse\/attachment-fa18ffb2-2eb2-49df-b418-4b3e1708a0f9-jpg\/\"\n\t\t\t\t\t\t class=\"wp-image-5769\" srcset=\"https:\/\/usagers-transports.haut-allier.eu\/wp-content\/uploads\/2026\/02\/fa18ffb2-2eb2-49df-b418-4b3e1708a0f9.jpg 425w, https:\/\/usagers-transports.haut-allier.eu\/wp-content\/uploads\/2026\/02\/fa18ffb2-2eb2-49df-b418-4b3e1708a0f9-300x95.jpg 300w\" sizes=\"auto, (max-width: 425px) 100vw, 425px\" \/>\n\t\t\t\t<\/figure>\n\t\t\t<\/li>\n\t\t<\/ul>\n\t<\/figure>\n","protected":false},"excerpt":{"rendered":"<p>Les fiches horaires pour les travaux annuels sont parues c\u00f4t\u00e9 Auvergne Rh\u00f4ne Alpes. [*1) Pour la ligne des<\/p>\n","protected":false},"author":2,"featured_media":5764,"comment_status":"closed","ping_status":"open","sticky":false,"template":"","format":"standard","meta":{"footnotes":""},"categories":[3],"tags":[],"class_list":["post-1259","post","type-post","status-publish","format-standard","has-post-thumbnail","hentry","category-en-train"],"_links":{"self":[{"href":"https:\/\/usagers-transports.haut-allier.eu\/index.php\/wp-json\/wp\/v2\/posts\/1259","targetHints":{"allow":["GET"]}}],"collection":[{"href":"https:\/\/usagers-transports.haut-allier.eu\/index.php\/wp-json\/wp\/v2\/posts"}],"about":[{"href":"https:\/\/usagers-transports.haut-allier.eu\/index.php\/wp-json\/wp\/v2\/types\/post"}],"author":[{"embeddable":true,"href":"https:\/\/usagers-transports.haut-allier.eu\/index.php\/wp-json\/wp\/v2\/users\/2"}],"replies":[{"embeddable":true,"href":"https:\/\/usagers-transports.haut-allier.eu\/index.php\/wp-json\/wp\/v2\/comments?post=1259"}],"version-history":[{"count":1,"href":"https:\/\/usagers-transports.haut-allier.eu\/index.php\/wp-json\/wp\/v2\/posts\/1259\/revisions"}],"predecessor-version":[{"id":5770,"href":"https:\/\/usagers-transports.haut-allier.eu\/index.php\/wp-json\/wp\/v2\/posts\/1259\/revisions\/5770"}],"wp:featuredmedia":[{"embeddable":true,"href":"https:\/\/usagers-transports.haut-allier.eu\/index.php\/wp-json\/wp\/v2\/media\/5764"}],"wp:attachment":[{"href":"https:\/\/usagers-transports.haut-allier.eu\/index.php\/wp-json\/wp\/v2\/media?parent=1259"}],"wp:term":[{"taxonomy":"category","embeddable":true,"href":"https:\/\/usagers-transports.haut-allier.eu\/index.php\/wp-json\/wp\/v2\/categories?post=1259"},{"taxonomy":"post_tag","embeddable":true,"href":"https:\/\/usagers-transports.haut-allier.eu\/index.php\/wp-json\/wp\/v2\/tags?post=1259"}],"curies":[{"name":"wp","href":"https:\/\/api.w.org\/{rel}","templated":true}]}}