{"id":1260,"date":"2026-02-28T21:46:10","date_gmt":"2026-02-28T20:46:10","guid":{"rendered":"http:\/\/5.45.101.177\/haut-allier\/usagers-transportse\/index.php\/2026\/02\/28\/ligne-des-cevennes-en-aura-pendant1260\/"},"modified":"2026-09-01T16:12:10","modified_gmt":"2026-09-01T14:12:10","slug":"ligne-des-cevennes-en-aura-pendant1260","status":"publish","type":"post","link":"https:\/\/usagers-transports.haut-allier.eu\/index.php\/2026\/02\/28\/ligne-des-cevennes-en-aura-pendant1260\/","title":{"rendered":"Ligne des C\u00e9vennes : en AuRA, pendant les interruptions de trafic SNCF de 2 mois, d\u00e9brouillez vous !"},"content":{"rendered":"Pour ne pas \u00eatre vulgaire&#8230;\n\nSNCF Voyageurs et SNCF TER sont dans l&rsquo;obligation en cas de coupure du trafic pour travaux de proposer un moyen alternatif de d\u00e9placement. Dans les gorges de l&rsquo;Allier ce ne sont pas des bus de substitution car ceux-ci refusent d&rsquo;allonger leur parcours et d&rsquo;y descendre, ce ne sont pas non plus des minibus exp\u00e9riment\u00e9s en un temps, non, ce sont des taxis \u00e0 la demande, le fameux service TAD, <strong>qu&rsquo;il faut commander la veille<\/strong> de son d\u00e9placement au minimum. \n\nCe syst\u00e8me a fonctionn\u00e9 correctement durant des d\u00e9cennies, mais alors que les taxis command\u00e9s \u00e9taient choisis par SNCF TER (Occitanie ou Auvergne Rh\u00f4ne Alpes), les r\u00e9gions et la SNCF ont voulu sous-traiter ce service \u00e0 une soci\u00e9t\u00e9 priv\u00e9e nationale Allocab. D\u00e8s la premi\u00e8re ann\u00e9e du changement, il y a deux ans, de nombreux dysfonctionnements avaient eu lieu et nous les avions signal\u00e9 en s\u00e9ance publique \u00e0 Monsieur Fr\u00e9d\u00e9ric Aguilera, vice-pr\u00e9sident charg\u00e9 des transports \u00e0 la r\u00e9gion, et \u00e0 SNCF TER AuRA. Malgr\u00e9 les promesses, nous nous apercevons que les m\u00eames manquements persistent et qu&rsquo;aucune mesure n&rsquo;a \u00e9t\u00e9 prise.\n\nCela en dit long sur la consid\u00e9ration que nous portent cette r\u00e9gion et cette direction SNCF.\n\nMais \u00e9coutons plut\u00f4t le r\u00e9cent et \u00e9difiant r\u00e9cit de cette habitante de Monistrol d&rsquo;Allier :\n\n\n<blockquote>\n\n[rouge]\u00ab Ma r\u00e9clamation a \u00e9t\u00e9 envoy\u00e9e le 26\/02\/2026.[\/rouge]\n\n[rouge]Le taxi \u00e0 la demande Monistrol d&rsquo;Allier &#8211; Langeac a \u00e9t\u00e9 command\u00e9 le 24\/02 et valid\u00e9 par l&rsquo;agent TER AURA.[\/rouge]\n\n[rouge]Allocab annule la course le 25 vers midi. Raison invoqu\u00e9e : les taxis refusent de faire des courses de moins de 50 km. Apr\u00e8s discussion, Allocab indique qu&rsquo;il y a peut \u00eatre une solution et que je serai rappel\u00e9e dans l&rsquo;apr\u00e8s midi. [\/rouge]\n\n[rouge]Aucun rappel n&rsquo;a \u00e9t\u00e9 fait. Ce matin 26\/02, je rappelle Allocab qui me disent que la course ayant \u00e9t\u00e9 annul\u00e9e hier, il faut une nouvelle r\u00e9servation de la part de SNCF Aura. Cependant mon interlocuteur dit encore avoir peut \u00eatre une solution et qu&rsquo;il me rappelle, ce qui n&rsquo;a pas \u00e9t\u00e9 fait. [\/rouge]\n\n[rouge]J&rsquo;ai donc du faire le trajet Monistrol d&rsquo;Allier-Langeac avec un v\u00e9hicule personnel et r\u00e9organiser mon trajet retour depuis Paris, pr\u00e9vu le 1er mars.[\/rouge]\n\n[rouge]Si le service de taxi \u00e0 la demande ne fonctionne qu&rsquo;a partir de 50 km, il exclue les trajets depuis Chapeauroux, Alleyras ou Monistrol vers Langeac. De m\u00eame dans l&rsquo;autre sens, les trois gares sont distantes de moins de 50 km de Langogne.[\/rouge]\n\n[rouge]Deux solutions : obliger les taxis \u00e0 assurer ces courses ou mettre en place une relation en minibus Langogne- Langeac et retour comme c&rsquo;\u00e9tait le cas lors de pr\u00e9c\u00e9dentes coupures de ligne.[\/rouge]\n\n[rouge]Devant les annulations de taxi r\u00e9p\u00e9t\u00e9es lors des coupures de ligne des ann\u00e9es pr\u00e9c\u00e9dentes, je vous exhorte \u00e0 trouver une solution \u00e0 ce probl\u00e8me qui p\u00e9jore grandement le service attendu par les habitants de ces petites communes.\u00bb[\/rouge]\n<\/blockquote>\n\n\nLa r\u00e9ponse re\u00e7ue le 27 f\u00e9vrier dernier :\n\n<img loading=\"lazy\" decoding=\"async\" class=\" aligncenter size-full wp-image-5771\" src=\"http:\/\/5.45.101.177\/haut-allier\/usagers-transportse\/wp-content\/uploads\/2026\/02\/reponse-sncf-auvergne-rhone-alpes-a-reclamation.jpg\" alt=\"reponse-sncf-auvergne-rhone-alpes-a-reclamation.jpg\" align=\"center\" width=\"1058\" height=\"1496\" srcset=\"https:\/\/usagers-transports.haut-allier.eu\/wp-content\/uploads\/2026\/02\/reponse-sncf-auvergne-rhone-alpes-a-reclamation.jpg 1058w, https:\/\/usagers-transports.haut-allier.eu\/wp-content\/uploads\/2026\/02\/reponse-sncf-auvergne-rhone-alpes-a-reclamation-212x300.jpg 212w, https:\/\/usagers-transports.haut-allier.eu\/wp-content\/uploads\/2026\/02\/reponse-sncf-auvergne-rhone-alpes-a-reclamation-724x1024.jpg 724w, https:\/\/usagers-transports.haut-allier.eu\/wp-content\/uploads\/2026\/02\/reponse-sncf-auvergne-rhone-alpes-a-reclamation-768x1086.jpg 768w\" sizes=\"auto, (max-width: 1058px) 100vw, 1058px\" \/>\n\n<strong>On remarquera la r\u00e9ponse type balanc\u00e9e par la SNCF Auvergne Rh\u00f4ne Alpes qui nous parle de travaux sur des cat\u00e9naires alors qu&rsquo;aucune section n&rsquo;est \u00e9lectrifi\u00e9e sur la ligne des C\u00e9vennes.\n\nEt si ce n&rsquo;\u00e9tait que \u00e7a ! On serait immensemment ravis de conna\u00eetre le d\u00e9tail des travaux pour 2026 sur la r\u00e9gion AuRA et sur la ligne des C\u00e9vennes, alors que ces travaux avec coupure ont d\u00e9but\u00e9 ! En effet la carte des chantiers 2026 en Auvergne Rh\u00f4ne Alpes n&rsquo;a pas \u00e9t\u00e9 diffus\u00e9e cette ann\u00e9e alors qu&rsquo;elle l&rsquo;a \u00e9t\u00e9 en Occitanie. \n\nLa voici, ci-dessous d&rsquo;ailleurs :<\/strong>\n\n<img loading=\"lazy\" decoding=\"async\" class=\" aligncenter size-full wp-image-5772\" src=\"http:\/\/5.45.101.177\/haut-allier\/usagers-transportse\/wp-content\/uploads\/2026\/02\/occitanie-carte-des-principaux-chantiers-2026-r.jpg\" alt=\"occitanie-carte-des-principaux-chantiers-2026-r.jpg\" align=\"center\" width=\"1984\" height=\"1403\" srcset=\"https:\/\/usagers-transports.haut-allier.eu\/wp-content\/uploads\/2026\/02\/occitanie-carte-des-principaux-chantiers-2026-r.jpg 1984w, https:\/\/usagers-transports.haut-allier.eu\/wp-content\/uploads\/2026\/02\/occitanie-carte-des-principaux-chantiers-2026-r-300x212.jpg 300w, https:\/\/usagers-transports.haut-allier.eu\/wp-content\/uploads\/2026\/02\/occitanie-carte-des-principaux-chantiers-2026-r-1024x724.jpg 1024w, https:\/\/usagers-transports.haut-allier.eu\/wp-content\/uploads\/2026\/02\/occitanie-carte-des-principaux-chantiers-2026-r-768x543.jpg 768w, https:\/\/usagers-transports.haut-allier.eu\/wp-content\/uploads\/2026\/02\/occitanie-carte-des-principaux-chantiers-2026-r-1536x1086.jpg 1536w\" sizes=\"auto, (max-width: 1984px) 100vw, 1984px\" \/>\n\n<img loading=\"lazy\" decoding=\"async\" class=\" aligncenter size-full wp-image-5773\" src=\"http:\/\/5.45.101.177\/haut-allier\/usagers-transportse\/wp-content\/uploads\/2026\/02\/occitanie-carte-des-principaux-chantiers-2026-v.jpg\" alt=\"occitanie-carte-des-principaux-chantiers-2026-v.jpg\" align=\"center\" width=\"1984\" height=\"1403\" srcset=\"https:\/\/usagers-transports.haut-allier.eu\/wp-content\/uploads\/2026\/02\/occitanie-carte-des-principaux-chantiers-2026-v.jpg 1984w, https:\/\/usagers-transports.haut-allier.eu\/wp-content\/uploads\/2026\/02\/occitanie-carte-des-principaux-chantiers-2026-v-300x212.jpg 300w, https:\/\/usagers-transports.haut-allier.eu\/wp-content\/uploads\/2026\/02\/occitanie-carte-des-principaux-chantiers-2026-v-1024x724.jpg 1024w, https:\/\/usagers-transports.haut-allier.eu\/wp-content\/uploads\/2026\/02\/occitanie-carte-des-principaux-chantiers-2026-v-768x543.jpg 768w, https:\/\/usagers-transports.haut-allier.eu\/wp-content\/uploads\/2026\/02\/occitanie-carte-des-principaux-chantiers-2026-v-1536x1086.jpg 1536w\" sizes=\"auto, (max-width: 1984px) 100vw, 1984px\" \/>\n<p>&nbsp;<\/p>\n\n\t<figure class=\"wp-block-gallery columns-1 is-cropped wp-block-gallery-1 is-layout-flex wp-block-gallery-is-layout-flex\">\n\t\t<ul class=\"blocks-gallery-grid\">\n\t\t\t<li class=\"blocks-gallery-item\">\n\t\t\t\t<figure>\n\t\t\t\t\t\t\t\t\t\t\t<img loading=\"lazy\" decoding=\"async\" width=\"1500\" height=\"1080\" src=\"http:\/\/5.45.101.177\/haut-allier\/usagers-transportse\/wp-content\/uploads\/2026\/02\/logoearhpltpt.jpg\"\n\t\t\t\t\t\t alt=\"logoearhpltpt.jpg\"\n\t\t\t\t\t\t data-id=\"5774\"\n\t\t\t\t\t\t data-full-url=\"http:\/\/5.45.101.177\/haut-allier\/usagers-transportse\/wp-content\/uploads\/2026\/02\/logoearhpltpt.jpg\"\n\t\t\t\t\t\t data-link=\"http:\/\/5.45.101.177\/haut-allier\/usagers-transportse\/attachment-logoearhpltpt-jpg\/\"\n\t\t\t\t\t\t class=\"wp-image-5774\" srcset=\"https:\/\/usagers-transports.haut-allier.eu\/wp-content\/uploads\/2026\/02\/logoearhpltpt.jpg 1500w, https:\/\/usagers-transports.haut-allier.eu\/wp-content\/uploads\/2026\/02\/logoearhpltpt-300x216.jpg 300w, https:\/\/usagers-transports.haut-allier.eu\/wp-content\/uploads\/2026\/02\/logoearhpltpt-1024x737.jpg 1024w, https:\/\/usagers-transports.haut-allier.eu\/wp-content\/uploads\/2026\/02\/logoearhpltpt-768x553.jpg 768w\" sizes=\"auto, (max-width: 1500px) 100vw, 1500px\" \/>\n\t\t\t\t<\/figure>\n\t\t\t<\/li>\n\t\t<\/ul>\n\t<\/figure>\n","protected":false},"excerpt":{"rendered":"<p>Pour ne pas \u00eatre vulgaire&#8230; SNCF Voyageurs et SNCF TER sont dans l&rsquo;obligation en cas de coupure du<\/p>\n","protected":false},"author":2,"featured_media":5771,"comment_status":"open","ping_status":"open","sticky":false,"template":"","format":"standard","meta":{"footnotes":""},"categories":[3],"tags":[],"class_list":["post-1260","post","type-post","status-publish","format-standard","has-post-thumbnail","hentry","category-en-train"],"_links":{"self":[{"href":"https:\/\/usagers-transports.haut-allier.eu\/index.php\/wp-json\/wp\/v2\/posts\/1260","targetHints":{"allow":["GET"]}}],"collection":[{"href":"https:\/\/usagers-transports.haut-allier.eu\/index.php\/wp-json\/wp\/v2\/posts"}],"about":[{"href":"https:\/\/usagers-transports.haut-allier.eu\/index.php\/wp-json\/wp\/v2\/types\/post"}],"author":[{"embeddable":true,"href":"https:\/\/usagers-transports.haut-allier.eu\/index.php\/wp-json\/wp\/v2\/users\/2"}],"replies":[{"embeddable":true,"href":"https:\/\/usagers-transports.haut-allier.eu\/index.php\/wp-json\/wp\/v2\/comments?post=1260"}],"version-history":[{"count":1,"href":"https:\/\/usagers-transports.haut-allier.eu\/index.php\/wp-json\/wp\/v2\/posts\/1260\/revisions"}],"predecessor-version":[{"id":5775,"href":"https:\/\/usagers-transports.haut-allier.eu\/index.php\/wp-json\/wp\/v2\/posts\/1260\/revisions\/5775"}],"wp:featuredmedia":[{"embeddable":true,"href":"https:\/\/usagers-transports.haut-allier.eu\/index.php\/wp-json\/wp\/v2\/media\/5771"}],"wp:attachment":[{"href":"https:\/\/usagers-transports.haut-allier.eu\/index.php\/wp-json\/wp\/v2\/media?parent=1260"}],"wp:term":[{"taxonomy":"category","embeddable":true,"href":"https:\/\/usagers-transports.haut-allier.eu\/index.php\/wp-json\/wp\/v2\/categories?post=1260"},{"taxonomy":"post_tag","embeddable":true,"href":"https:\/\/usagers-transports.haut-allier.eu\/index.php\/wp-json\/wp\/v2\/tags?post=1260"}],"curies":[{"name":"wp","href":"https:\/\/api.w.org\/{rel}","templated":true}]}}