{"id":1261,"date":"2026-03-27T08:39:27","date_gmt":"2026-03-27T07:39:27","guid":{"rendered":"http:\/\/5.45.101.177\/haut-allier\/usagers-transportse\/index.php\/2026\/03\/27\/reservation-obligatoire-pour-les1261\/"},"modified":"2026-09-01T16:12:10","modified_gmt":"2026-09-01T14:12:10","slug":"reservation-obligatoire-pour-les1261","status":"publish","type":"post","link":"https:\/\/usagers-transports.haut-allier.eu\/index.php\/2026\/03\/27\/reservation-obligatoire-pour-les1261\/","title":{"rendered":"R\u00e9servation obligatoire pour les v\u00e9los dans les TER AuRA cet \u00e9t\u00e9 :\u00a0\u00e9craser une mouche avec un marteau !"},"content":{"rendered":"31 associations et collectifs de l\u2019ensemble du territoire de la R\u00e9gion Auvergne Rh\u00f4ne Alpes d\u00e9noncent la mise en place de la <a href=\"https:\/\/www.ter.sncf.com\/auvergne-rhone-alpes\/services-contacts\/voyager-avec-velo\/embarquement-velo\"><em>r\u00e9servation obligatoire<\/em><\/a> pour les v\u00e9los dans les TER d&rsquo;Auvergne-Rh\u00f4ne-Alpes du 1er mai au 27 septembre 2026.\n\nAu Collectif des Usagers des transports du Haut-Allier il y a longtemps que nous alertons sur ces mesures qui ont commenc\u00e9 dans d&rsquo;autres r\u00e9gions et qui s&rsquo;\u00e9tendent, sur proposition de la SNCF, masquant le manque d&rsquo;investissement dans les trains du quotidien de la part des collectivit\u00e9s r\u00e9gionales, et donc un nombre de rames et de places v\u00e9los compl\u00e8tement insuffisant partout dans les r\u00e9gions. Et \u00e7a commence par les r\u00e9servations pour le v\u00e9lo puis pour les places assises voire les guichets. Exemples :\n\n&#8211; <a href=\"https:\/\/usagers-transports.haut-allier.eu\/?la-reservation-obligatoire-dans,1130.html\">La r\u00e9servation obligatoire dans les TER est bien une r\u00e9duction de l\u2019offre<\/a>\n&#8211; <a href=\"https:\/\/usagers-transports.haut-allier.eu\/?train-et-reservation-obligatoire,1106.html\">Train et r\u00e9servation obligatoire : un frein \u00e0 la mobilit\u00e9, un tremplin pour la surveillance globale<\/a>\n&#8211; <a href=\"https:\/\/usagers-transports.haut-allier.eu\/?non-a-l-avionisation-des-ter-la,1121.html\">NON A L\u2019AVIONISATION DES TER &#038; A LA RESERVATION OBLIGATOIRE<\/a>\n&#8211; <a href=\"https:\/\/usagers-transports.haut-allier.eu\/?la-ligne-ter-nimes-le-grau-du-roi,1209.html\">A partir du 7 juin et tout l\u2019\u00e9t\u00e9 la ligne TER N\u00eemes &#8211; le Grau du Roi en r\u00e9servation obligatoire<\/a>\n&#8211; <a href=\"https:\/\/usagers-transports.haut-allier.eu\/?reservation-obligatoire-dans-les,1141.html\">R\u00e9servation obligatoire dans les TER : SNCF s\u2019abrite derri\u00e8re les R\u00e9gions et confirme sa responsabilit\u00e9<\/a>\n\nIl est donc normal que nous ayons apport\u00e9 notre signature \u00e0 ce communiqu\u00e9 de presse initi\u00e9 par l&rsquo;association ADTC de Grenoble :\n\nEn texte :\n\n<blockquote class=\"poesie\"><em>\nLe Conseil R\u00e9gional a valid\u00e9 un projet de r\u00e9servation obligatoire et payante g\u00e9n\u00e9ralis\u00e9e (1 \u20ac par train emprunt\u00e9) pour le transport de v\u00e9los \u00e0 bord de tous les TER Auvergne-Rh\u00f4ne-Alpes.\nDu 01\/05 au 27\/09\/2026, une r\u00e9servation v\u00e9lo \u00e0 1 \u20ac est obligatoire sur toutes les lignes TER Auvergne-Rh\u00f4ne-Alpes pour tous les voyageurs, except\u00e9 pour les abonn\u00e9s sur leur parcours d\u2019abonnement (dans la limite des places disponibles).\n\n<strong>P\u00e9riodes concern\u00e9es :<\/strong>\n    \u2022 Les week-ends, jours f\u00e9ri\u00e9s et le 15 mai en mai, juin et septembre\n    \u2022 Tous les jours du 1er juillet au 31 ao\u00fbt\n\n<strong>Une mesure bien excessive et inadapt\u00e9e<\/strong>\nConcr\u00e8tement, les usagers non abonn\u00e9s sont oblig\u00e9s de r\u00e9server pour voyager avec un v\u00e9lo dans un train quelle que soit la longueur du trajet par exemple entre Le-Grand-Lemps et Saint-Andr\u00e9-le-Gaz, entre Clermont-Ferrand et Thiers ou entre Grenoble-Universit\u00e9s-Gi\u00e8res et Echirolles.\nLa r\u00e9servation pour un v\u00e9lo pour les courts trajets est presque aussi \u00e9lev\u00e9e que le billet TER utilis\u00e9 sur la section concern\u00e9e ! \n\n<strong>Des complications inutiles<\/strong>\nLa r\u00e9servation pour les v\u00e9los impose d&rsquo;aller sur un site internet d\u00e9di\u00e9 sp\u00e9cifique, diff\u00e9rent de celui sur lequel on ach\u00e8te son billet de TER. Il est actuellement impossible d&rsquo;effectuer sa r\u00e9servation aux guichets et aux distributeurs en gare. Les modalit\u00e9s actuelles apparaissent constitutives d\u2019une in\u00e9galit\u00e9 de traitement des usagers : que de complications pour l&rsquo;usager !\n\n<strong>On p\u00e9nalise les usagers du quotidien<\/strong>\nSi un syst\u00e8me de r\u00e9servation facultative peut \u00eatre n\u00e9cessaire pour des trains o\u00f9 la fr\u00e9quentation de voyageurs touristiques avec v\u00e9lo est importante sur certaines lignes certains jours (notamment pour le cyclotourisme), cette mesure g\u00e9n\u00e9ralis\u00e9e \u00e0 toute la R\u00e9gion appliqu\u00e9e tous les jours, \u00e0 tous les trains, sur tout leur parcours et sans aucun discernement p\u00e9nalise tous les usagers\u00a0:\n    \u2022 Elle rajoute des contraintes pour les non-abonn\u00e9s (de plus en plus nombreux).\n    \u2022 Elle n&rsquo;apporte pas d&rsquo;am\u00e9liorations pour les nombreux usagers domicile-travail (en bonne partie abonn\u00e9e)\u00a0confront\u00e9s \u00e0 des trains satur\u00e9s en heures de pointe.\u00a0\n\nCette mesure ne r\u00e8gle rien pour les trains de pointe o\u00f9 le nombre d&rsquo;usagers avec ou sans v\u00e9los est \u00e9lev\u00e9.\n\nDe nombreux usagers ont besoin d\u2019emporter leur v\u00e9lo dans le train, notamment pour aller travailler. Il est inacceptable que la R\u00e9gion complique les d\u00e9placements par des mesures brutales, syst\u00e9matiques et inadapt\u00e9es aux vrais besoins des usagers.\n\n<strong>Les mesures pr\u00e9conis\u00e9es par nos associations et collectifs<\/strong>\n\nNous demandons qu\u2019une strat\u00e9gie \u00ab v\u00e9lo + train \u00bb soit travaill\u00e9e de concert avec les usagers pour\u00a0:\n    \u2022 Offrir des solutions aux usagers pour qu&rsquo;ils n&rsquo;aient pas besoin d&#8217;emporter leur v\u00e9lo dans le train\u00a0:\n        \u25e6 Acc\u00e9der aux consignes en gare sans surco\u00fbt (indiff\u00e9remment TER Auvergne-Rh\u00f4ne-Alpes et celles des collectivit\u00e9s).\n        \u25e6 D\u00e9ployer un service de v\u00e9los en location dans toutes les gares r\u00e9gionales qui soit accessible aux personnes munies d&rsquo;un billet TER et promouvoir les services d\u00e9j\u00e0 existants (notamment leur co\u00fbt apr\u00e8s d\u00e9duction de la participation de l\u2019employeur).\n        \u25e6 Toutes autres mesures favorisant le stationnement s\u00e9curis\u00e9 d&rsquo;un v\u00e9lo en gare de d\u00e9part et d&rsquo;arriv\u00e9e.\n    \u2022 Permettre aux usagers qui ont besoin d\u2019emporter leur v\u00e9lo dans le train (notamment les occasionnels ou les utilisateurs de v\u00e9los sp\u00e9cifiques) de le faire sans contrainte en augmentant la capacit\u00e9 et la fr\u00e9quence des trains (l&rsquo;offre TER stagne alors que la fr\u00e9quentation a augment\u00e9 de 25\u00a0% entre 2019 et 2024)\u00a0!\n\nNos associations et collectifs demandent l&rsquo;abandon de cette r\u00e9servation obligatoire dont l&rsquo;annonce est bien tardive et sans aucune concertation publique ou m\u00eame information lors des comit\u00e9s de mobilit\u00e9 de l&rsquo;automne 2025.\n\nAvec l&rsquo;augmentation des co\u00fbts des carburants, ce n&rsquo;est pas le moment de d\u00e9courager les d\u00e9placements v\u00e9lo + train !!! \n<\/em><\/blockquote>\n\nEn PDF :\n<a href=\"http:\/\/5.45.101.177\/haut-allier\/usagers-transportse\/wp-content\/uploads\/2026\/03\/20260325-cp-nonresavelosdanslestrains.pdf\">20260325-cp-nonresavelosdanslestrains.pdf<\/a>\n\n<p>&nbsp;<\/p>\n\n\t<figure class=\"wp-block-gallery columns-1 is-cropped wp-block-gallery-1 is-layout-flex wp-block-gallery-is-layout-flex\">\n\t\t<ul class=\"blocks-gallery-grid\">\n\t\t\t<li class=\"blocks-gallery-item\">\n\t\t\t\t<figure>\n\t\t\t\t\t\t\t\t\t\t\t<img loading=\"lazy\" decoding=\"async\" width=\"1088\" height=\"606\" src=\"http:\/\/5.45.101.177\/haut-allier\/usagers-transportse\/wp-content\/uploads\/2026\/03\/logorostlldara.jpg\"\n\t\t\t\t\t\t alt=\"logorostlldara.jpg\"\n\t\t\t\t\t\t data-id=\"5777\"\n\t\t\t\t\t\t data-full-url=\"http:\/\/5.45.101.177\/haut-allier\/usagers-transportse\/wp-content\/uploads\/2026\/03\/logorostlldara.jpg\"\n\t\t\t\t\t\t data-link=\"http:\/\/5.45.101.177\/haut-allier\/usagers-transportse\/attachment-logorostlldara-jpg\/\"\n\t\t\t\t\t\t class=\"wp-image-5777\" srcset=\"https:\/\/usagers-transports.haut-allier.eu\/wp-content\/uploads\/2026\/03\/logorostlldara.jpg 1088w, https:\/\/usagers-transports.haut-allier.eu\/wp-content\/uploads\/2026\/03\/logorostlldara-300x167.jpg 300w, https:\/\/usagers-transports.haut-allier.eu\/wp-content\/uploads\/2026\/03\/logorostlldara-1024x570.jpg 1024w, https:\/\/usagers-transports.haut-allier.eu\/wp-content\/uploads\/2026\/03\/logorostlldara-768x428.jpg 768w\" sizes=\"auto, (max-width: 1088px) 100vw, 1088px\" \/>\n\t\t\t\t<\/figure>\n\t\t\t<\/li>\n\t\t<\/ul>\n\t<\/figure>\n","protected":false},"excerpt":{"rendered":"<p>31 associations et collectifs de l\u2019ensemble du territoire de la R\u00e9gion Auvergne Rh\u00f4ne Alpes d\u00e9noncent la mise en<\/p>\n","protected":false},"author":2,"featured_media":5777,"comment_status":"open","ping_status":"open","sticky":false,"template":"","format":"standard","meta":{"footnotes":""},"categories":[5],"tags":[],"class_list":["post-1261","post","type-post","status-publish","format-standard","has-post-thumbnail","hentry","category-ensemble"],"_links":{"self":[{"href":"https:\/\/usagers-transports.haut-allier.eu\/index.php\/wp-json\/wp\/v2\/posts\/1261","targetHints":{"allow":["GET"]}}],"collection":[{"href":"https:\/\/usagers-transports.haut-allier.eu\/index.php\/wp-json\/wp\/v2\/posts"}],"about":[{"href":"https:\/\/usagers-transports.haut-allier.eu\/index.php\/wp-json\/wp\/v2\/types\/post"}],"author":[{"embeddable":true,"href":"https:\/\/usagers-transports.haut-allier.eu\/index.php\/wp-json\/wp\/v2\/users\/2"}],"replies":[{"embeddable":true,"href":"https:\/\/usagers-transports.haut-allier.eu\/index.php\/wp-json\/wp\/v2\/comments?post=1261"}],"version-history":[{"count":1,"href":"https:\/\/usagers-transports.haut-allier.eu\/index.php\/wp-json\/wp\/v2\/posts\/1261\/revisions"}],"predecessor-version":[{"id":5778,"href":"https:\/\/usagers-transports.haut-allier.eu\/index.php\/wp-json\/wp\/v2\/posts\/1261\/revisions\/5778"}],"wp:featuredmedia":[{"embeddable":true,"href":"https:\/\/usagers-transports.haut-allier.eu\/index.php\/wp-json\/wp\/v2\/media\/5777"}],"wp:attachment":[{"href":"https:\/\/usagers-transports.haut-allier.eu\/index.php\/wp-json\/wp\/v2\/media?parent=1261"}],"wp:term":[{"taxonomy":"category","embeddable":true,"href":"https:\/\/usagers-transports.haut-allier.eu\/index.php\/wp-json\/wp\/v2\/categories?post=1261"},{"taxonomy":"post_tag","embeddable":true,"href":"https:\/\/usagers-transports.haut-allier.eu\/index.php\/wp-json\/wp\/v2\/tags?post=1261"}],"curies":[{"name":"wp","href":"https:\/\/api.w.org\/{rel}","templated":true}]}}