{"id":1262,"date":"2026-03-27T12:13:20","date_gmt":"2026-03-27T11:13:20","guid":{"rendered":"http:\/\/5.45.101.177\/haut-allier\/usagers-transportse\/index.php\/2026\/03\/27\/les-24-amendements-a-loi-cadre-des1262\/"},"modified":"2026-09-01T16:12:10","modified_gmt":"2026-09-01T14:12:10","slug":"les-24-amendements-a-loi-cadre-des1262","status":"publish","type":"post","link":"https:\/\/usagers-transports.haut-allier.eu\/index.php\/2026\/03\/27\/les-24-amendements-a-loi-cadre-des1262\/","title":{"rendered":"Les 24 amendements \u00e0 loi-cadre des SANS TRAINS en COLERE seront d\u00e9fendus au S\u00e9nat"},"content":{"rendered":"Le collectif de la Col\u00e8re des Sans trains, dont nous faisons activement partie, a entrepris un chantier, salu\u00e9 par nombre de parlementaires, pour amender la loi-cadre sur le financement des transports, une coquille vide si on lit le texte original propos\u00e9 par le gouvernement. Ce sont 24 amendements que nous proposons aux s\u00e9nateurs dans un premier temps puisque le texte sera analys\u00e9 du 14 au 19 avril prochain au Palais Bourbon. Une fois adopt\u00e9 au S\u00e9nat c&rsquo;est \u00e0 l&rsquo;Assembl\u00e9e nationale qu&rsquo;il poursuivra son parcours peut-\u00eatre avant l&rsquo;\u00e9t\u00e9 mais rien de s\u00fbr. Nous reproposerons alors nos modifications aux d\u00e9put\u00e9s cette fois.\n\nOn pourra trouver le texte original, les amendements et leurs objectifs sur cette page ci :\n\n<a href=\"https:\/\/lessanstrainsencolere.org\/2026\/02\/15\/la-loi-cadre-transports-bla-bla\/\">La loi cadre transports : nos propositions\n<\/a>\n\nNous avons essay\u00e9 de sensibiliser les parties prenantes de ce groupe de travail au s\u00e9nat : le rapporteur de la loi, les s\u00e9nateurs de la commission environnement et transports, certains s\u00e9nateurs qui pr\u00e9senteront nos amendements ou les int\u00e8grerons \u00e0 leurs propositions, tous les groupes parlementaires du s\u00e9nat, et l&rsquo;association des R\u00e9gions de France.\n\nUn r\u00e9sum\u00e9 des soutiens se trouve ici :\n\n<a href=\"https:\/\/lessanstrainsencolere.org\/2026\/03\/20\/ils-presenteront-nos-amendements\/\">Ils pr\u00e9senteront nos amendements<\/a>\n\nCette loi-cadre est hyper importante vous l&rsquo;avez peut-\u00eatre compris puisque elle va conditionner le financement du r\u00e9seau ferr\u00e9, celui de sa modernisation et notamment celle des \u00ab\u00a0petites lignes\u00a0\u00bb qui constituent le r\u00e9seau vital de transports dans tous les territoires. Alors que les R\u00e9gions ont pris la position d\u00e9finitive de dire \u00e0 l&rsquo;Etat : la gestion et le financement du r\u00e9seau national c&rsquo;est vous et uniquement, on comprend son importance puisqu&rsquo;elle inscrira pour la premi\u00e8re fois dans le marbre et pour quelques dizaines d&rsquo;ann\u00e9es le fonctionnement du ferroviaire en France. Or dans le texte du gouvernement RIEN n&rsquo;\u00e9tait pr\u00e9vu justement pour la desserte des territoires ruraux et de montagne. D&rsquo;o\u00f9 notre mobilisation.\n\nVoici en r\u00e9sum\u00e9 notre travail, son objectif et les amendements :\n\n<a href=\"http:\/\/5.45.101.177\/haut-allier\/usagers-transportse\/wp-content\/uploads\/2026\/03\/loi-cadre-objectifs-amendements-sans-trains-v2.pdf\">loi-cadre-objectifs-amendements-sans-trains-v2.pdf<\/a>\n\nLes Sans train en Col\u00e8re organisent une conf\u00e9rence de presse le mardi 14 avril \u00e0 13h30 devant le s\u00e9nat avec les parlementaires qui nous soutiennent.\n\n<img loading=\"lazy\" decoding=\"async\" class=\" aligncenter size-full wp-image-5780\" src=\"http:\/\/5.45.101.177\/haut-allier\/usagers-transportse\/wp-content\/uploads\/2026\/03\/image-3.png\" alt=\"image-3.png\" align=\"center\" width=\"646\" height=\"708\" srcset=\"https:\/\/usagers-transports.haut-allier.eu\/wp-content\/uploads\/2026\/03\/image-3.png 646w, https:\/\/usagers-transports.haut-allier.eu\/wp-content\/uploads\/2026\/03\/image-3-274x300.png 274w\" sizes=\"auto, (max-width: 646px) 100vw, 646px\" \/><p>&nbsp;<\/p>\n\n\t<figure class=\"wp-block-gallery columns-1 is-cropped wp-block-gallery-1 is-layout-flex wp-block-gallery-is-layout-flex\">\n\t\t<ul class=\"blocks-gallery-grid\">\n\t\t\t<li class=\"blocks-gallery-item\">\n\t\t\t\t<figure>\n\t\t\t\t\t\t\t\t\t\t\t<img loading=\"lazy\" decoding=\"async\" width=\"960\" height=\"640\" src=\"http:\/\/5.45.101.177\/haut-allier\/usagers-transportse\/wp-content\/uploads\/2026\/03\/facade_palais_bourbon_3.jpg\"\n\t\t\t\t\t\t alt=\"facade_palais_bourbon_3.jpg\"\n\t\t\t\t\t\t data-id=\"5781\"\n\t\t\t\t\t\t data-full-url=\"http:\/\/5.45.101.177\/haut-allier\/usagers-transportse\/wp-content\/uploads\/2026\/03\/facade_palais_bourbon_3.jpg\"\n\t\t\t\t\t\t data-link=\"http:\/\/5.45.101.177\/haut-allier\/usagers-transportse\/attachment-facade_palais_bourbon_3-jpg\/\"\n\t\t\t\t\t\t class=\"wp-image-5781\" srcset=\"https:\/\/usagers-transports.haut-allier.eu\/wp-content\/uploads\/2026\/03\/facade_palais_bourbon_3.jpg 960w, https:\/\/usagers-transports.haut-allier.eu\/wp-content\/uploads\/2026\/03\/facade_palais_bourbon_3-300x200.jpg 300w, https:\/\/usagers-transports.haut-allier.eu\/wp-content\/uploads\/2026\/03\/facade_palais_bourbon_3-768x512.jpg 768w\" sizes=\"auto, (max-width: 960px) 100vw, 960px\" \/>\n\t\t\t\t<\/figure>\n\t\t\t<\/li>\n\t\t<\/ul>\n\t<\/figure>\n","protected":false},"excerpt":{"rendered":"<p>Le collectif de la Col\u00e8re des Sans trains, dont nous faisons activement partie, a entrepris un chantier, salu\u00e9<\/p>\n","protected":false},"author":2,"featured_media":5781,"comment_status":"open","ping_status":"open","sticky":false,"template":"","format":"standard","meta":{"footnotes":""},"categories":[5],"tags":[],"class_list":["post-1262","post","type-post","status-publish","format-standard","has-post-thumbnail","hentry","category-ensemble"],"_links":{"self":[{"href":"https:\/\/usagers-transports.haut-allier.eu\/index.php\/wp-json\/wp\/v2\/posts\/1262","targetHints":{"allow":["GET"]}}],"collection":[{"href":"https:\/\/usagers-transports.haut-allier.eu\/index.php\/wp-json\/wp\/v2\/posts"}],"about":[{"href":"https:\/\/usagers-transports.haut-allier.eu\/index.php\/wp-json\/wp\/v2\/types\/post"}],"author":[{"embeddable":true,"href":"https:\/\/usagers-transports.haut-allier.eu\/index.php\/wp-json\/wp\/v2\/users\/2"}],"replies":[{"embeddable":true,"href":"https:\/\/usagers-transports.haut-allier.eu\/index.php\/wp-json\/wp\/v2\/comments?post=1262"}],"version-history":[{"count":1,"href":"https:\/\/usagers-transports.haut-allier.eu\/index.php\/wp-json\/wp\/v2\/posts\/1262\/revisions"}],"predecessor-version":[{"id":5782,"href":"https:\/\/usagers-transports.haut-allier.eu\/index.php\/wp-json\/wp\/v2\/posts\/1262\/revisions\/5782"}],"wp:featuredmedia":[{"embeddable":true,"href":"https:\/\/usagers-transports.haut-allier.eu\/index.php\/wp-json\/wp\/v2\/media\/5781"}],"wp:attachment":[{"href":"https:\/\/usagers-transports.haut-allier.eu\/index.php\/wp-json\/wp\/v2\/media?parent=1262"}],"wp:term":[{"taxonomy":"category","embeddable":true,"href":"https:\/\/usagers-transports.haut-allier.eu\/index.php\/wp-json\/wp\/v2\/categories?post=1262"},{"taxonomy":"post_tag","embeddable":true,"href":"https:\/\/usagers-transports.haut-allier.eu\/index.php\/wp-json\/wp\/v2\/tags?post=1262"}],"curies":[{"name":"wp","href":"https:\/\/api.w.org\/{rel}","templated":true}]}}