{"id":1263,"date":"2026-03-30T09:55:10","date_gmt":"2026-03-30T07:55:10","guid":{"rendered":"http:\/\/5.45.101.177\/haut-allier\/usagers-transportse\/index.php\/2026\/03\/30\/occitanie-tous-les-ter-a-1eur-le1263\/"},"modified":"2026-09-01T16:12:11","modified_gmt":"2026-09-01T14:12:11","slug":"occitanie-tous-les-ter-a-1eur-le1263","status":"publish","type":"post","link":"https:\/\/usagers-transports.haut-allier.eu\/index.php\/2026\/03\/30\/occitanie-tous-les-ter-a-1eur-le1263\/","title":{"rendered":"Occitanie : tous les TER \u00e0 1\u20ac le week-end du 4 et 5 avril"},"content":{"rendered":"M\u00eame si la ligne des <strong>C\u00e9vennes<\/strong> est ferm\u00e9e pour menus travaux (on en a l&rsquo;habitude, et on ne sait pas encore lesquels) vous pouvez b\u00e9n\u00e9ficier du week-end prochain en train \u00e0 un euro sur tous les trains LiO c&rsquo;est-\u00e0-dire dans toute l&rsquo;Occitanie, en rejoignant le r\u00e9seau \u00e0 La Bastide Saint-Laurent les Bains.\n\nLes TER y circulent encore en effet jusqu&rsquo;\u00e0 N\u00eemes o\u00f9 vous pourrez prendre vos correspondances et aller o\u00f9 bon vous semble jusqu&rsquo;en Andorre, Pau, Agen, Avignon&#8230; 5 trains r\u00e9gionaux dans le sens descendant, 4 dans l&rsquo;autre sens.\n\nSi vous \u00eates <strong>c\u00f4t\u00e9 Causses<\/strong>, vous pouvez prendre le train TER quotidien (enfin presque, pas le dimanche) de B\u00e9ziers vers St Ch\u00e9ly \u00e0 6h37 et revenir de Saint-Ch\u00e9ly d&rsquo;Apcher \u00e0 11h30 vers B\u00e9ziers. Par contre vous pouvez revenir quand vous voulez, lundi par exemple puisque le train \u00e0 un euro (un par jour) y est install\u00e9 toute l&rsquo;ann\u00e9e.\n\n<strong>Les conditions : aucune, les billets sont ouverts \u00e0 tous et toutes.<\/strong>\n\nMais d\u00e9p\u00e9chez vous certaines lignes sont d\u00e9j\u00e0 compl\u00e8tes. Pas les C\u00e9vennes ni la ligne des Causses encore.\n\nLa carte du r\u00e9seau LiO :\n\n<img loading=\"lazy\" decoding=\"async\" class=\" aligncenter size-full wp-image-5783\" src=\"http:\/\/5.45.101.177\/haut-allier\/usagers-transportse\/wp-content\/uploads\/2026\/03\/occitanielio.jpg\" alt=\"occitanielio.jpg\" align=\"center\" width=\"1329\" height=\"691\" srcset=\"https:\/\/usagers-transports.haut-allier.eu\/wp-content\/uploads\/2026\/03\/occitanielio.jpg 1329w, https:\/\/usagers-transports.haut-allier.eu\/wp-content\/uploads\/2026\/03\/occitanielio-300x156.jpg 300w, https:\/\/usagers-transports.haut-allier.eu\/wp-content\/uploads\/2026\/03\/occitanielio-1024x532.jpg 1024w, https:\/\/usagers-transports.haut-allier.eu\/wp-content\/uploads\/2026\/03\/occitanielio-768x399.jpg 768w\" sizes=\"auto, (max-width: 1329px) 100vw, 1329px\" \/>\n\nBon voyage \u00e0 bas prix et merci \u00e0 la r\u00e9gion Occitanie.\n\nhttps:\/\/www.sncf-connect.com\/\n<p>&nbsp;<\/p>\n\n\t<figure class=\"wp-block-gallery columns-1 is-cropped wp-block-gallery-1 is-layout-flex wp-block-gallery-is-layout-flex\">\n\t\t<ul class=\"blocks-gallery-grid\">\n\t\t\t<li class=\"blocks-gallery-item\">\n\t\t\t\t<figure>\n\t\t\t\t\t\t\t\t\t\t\t<img loading=\"lazy\" decoding=\"async\" width=\"640\" height=\"500\" src=\"http:\/\/5.45.101.177\/haut-allier\/usagers-transportse\/wp-content\/uploads\/2026\/03\/640x500px_emailing_1er_we_avril.jpg\"\n\t\t\t\t\t\t alt=\"640x500px_emailing_1er_we_avril.jpg\"\n\t\t\t\t\t\t data-id=\"5784\"\n\t\t\t\t\t\t data-full-url=\"http:\/\/5.45.101.177\/haut-allier\/usagers-transportse\/wp-content\/uploads\/2026\/03\/640x500px_emailing_1er_we_avril.jpg\"\n\t\t\t\t\t\t data-link=\"http:\/\/5.45.101.177\/haut-allier\/usagers-transportse\/attachment-640x500px_emailing_1er_we_avril-jpg\/\"\n\t\t\t\t\t\t class=\"wp-image-5784\" srcset=\"https:\/\/usagers-transports.haut-allier.eu\/wp-content\/uploads\/2026\/03\/640x500px_emailing_1er_we_avril.jpg 640w, https:\/\/usagers-transports.haut-allier.eu\/wp-content\/uploads\/2026\/03\/640x500px_emailing_1er_we_avril-300x234.jpg 300w\" sizes=\"auto, (max-width: 640px) 100vw, 640px\" \/>\n\t\t\t\t<\/figure>\n\t\t\t<\/li>\n\t\t<\/ul>\n\t<\/figure>\n","protected":false},"excerpt":{"rendered":"<p>M\u00eame si la ligne des C\u00e9vennes est ferm\u00e9e pour menus travaux (on en a l&rsquo;habitude, et on ne<\/p>\n","protected":false},"author":2,"featured_media":5783,"comment_status":"closed","ping_status":"open","sticky":false,"template":"","format":"standard","meta":{"footnotes":""},"categories":[3],"tags":[],"class_list":["post-1263","post","type-post","status-publish","format-standard","has-post-thumbnail","hentry","category-en-train"],"_links":{"self":[{"href":"https:\/\/usagers-transports.haut-allier.eu\/index.php\/wp-json\/wp\/v2\/posts\/1263","targetHints":{"allow":["GET"]}}],"collection":[{"href":"https:\/\/usagers-transports.haut-allier.eu\/index.php\/wp-json\/wp\/v2\/posts"}],"about":[{"href":"https:\/\/usagers-transports.haut-allier.eu\/index.php\/wp-json\/wp\/v2\/types\/post"}],"author":[{"embeddable":true,"href":"https:\/\/usagers-transports.haut-allier.eu\/index.php\/wp-json\/wp\/v2\/users\/2"}],"replies":[{"embeddable":true,"href":"https:\/\/usagers-transports.haut-allier.eu\/index.php\/wp-json\/wp\/v2\/comments?post=1263"}],"version-history":[{"count":1,"href":"https:\/\/usagers-transports.haut-allier.eu\/index.php\/wp-json\/wp\/v2\/posts\/1263\/revisions"}],"predecessor-version":[{"id":5785,"href":"https:\/\/usagers-transports.haut-allier.eu\/index.php\/wp-json\/wp\/v2\/posts\/1263\/revisions\/5785"}],"wp:featuredmedia":[{"embeddable":true,"href":"https:\/\/usagers-transports.haut-allier.eu\/index.php\/wp-json\/wp\/v2\/media\/5783"}],"wp:attachment":[{"href":"https:\/\/usagers-transports.haut-allier.eu\/index.php\/wp-json\/wp\/v2\/media?parent=1263"}],"wp:term":[{"taxonomy":"category","embeddable":true,"href":"https:\/\/usagers-transports.haut-allier.eu\/index.php\/wp-json\/wp\/v2\/categories?post=1263"},{"taxonomy":"post_tag","embeddable":true,"href":"https:\/\/usagers-transports.haut-allier.eu\/index.php\/wp-json\/wp\/v2\/tags?post=1263"}],"curies":[{"name":"wp","href":"https:\/\/api.w.org\/{rel}","templated":true}]}}