{"id":1264,"date":"2026-04-01T11:21:07","date_gmt":"2026-04-01T09:21:07","guid":{"rendered":"http:\/\/5.45.101.177\/haut-allier\/usagers-transportse\/index.php\/2026\/04\/01\/massif-central-et-ligne-des1264\/"},"modified":"2026-09-01T16:12:13","modified_gmt":"2026-09-01T14:12:13","slug":"massif-central-et-ligne-des1264","status":"publish","type":"post","link":"https:\/\/usagers-transports.haut-allier.eu\/index.php\/2026\/04\/01\/massif-central-et-ligne-des1264\/","title":{"rendered":"Massif central et ligne des C\u00e9vennes : trains vapeur et touristiques en 2026"},"content":{"rendered":"Comme l&rsquo;an pass\u00e9 nombreux voyages organis\u00e9s par diverses associations avec le retour des beaux jours.\n  \n[fond rouge][blanc]Le C\u00e9venol Express les samedi 30 et dimanche 31 mai[\/blanc][\/fond rouge]\nOrganis\u00e9 par Trains \u00e0 Vapeur d&rsquo;Auvergne. \nLe 30, voyage sans vapeur, d\u00e9part de Clermont Fd \u00e0 6h25, arriv\u00e9e \u00e0 N\u00eemes \u00e0 12h08 avec des arr\u00eats \u00e0 Vic-le-comte Issoire Arvant Brioude Langeac\tMonistrol d&rsquo;Allier Langogne La Bastide-St-Laurent G\u00e9nolhac Al\u00e8s.\nLe 31, train vapeur tir\u00e9 par la locomotive 140C27 de la Gadeft, d\u00e9part de N\u00eemes \u00e0 9h50 et arriv\u00e9e \u00e0 Clermont \u00e0 21h02 avec les m\u00eames arr\u00eats dont celui de Langogne pour le repas \u00e0 la Table de Bistou.\nCo\u00fbt des 2 journ\u00e9es h\u00f4tel et restauration compris : 317 euros \/ personne avec visite du Mus\u00e9e de la Romanit\u00e9.\n\n[fond rouge][blanc]Les Gorges de l&rsquo;Allier \u00e0 toute vapeur le dimanche 21 juin et 2 ao\u00fbt [\/blanc][\/fond rouge]\nOrganis\u00e9 par Trains \u00e0 Vapeur d&rsquo;Auvergne. \nTrain \u00e0 vapeur entre Clermont Fd d\u00e9part 06h50 et Langogne 11h33 et le soir dans l&rsquo;autre sens d\u00e9part 15h45 arriv\u00e9e 20h59. Pas de mont\u00e9es possible \u00e0 Alleyras et Chapeauroux pour des raisons obscures.\nPrix du billet aller retour avec repas \u00e0 Langogne : 85 euros par personne.\n\n[fond rouge][blanc]Le Train du Tour de France jusqu&rsquo;au Lioran le mardi 14 juillet[\/blanc][\/fond rouge]\nOrganis\u00e9 par Trains \u00e0 Vapeur d&rsquo;Auvergne. \nEn train vapeur entre Clermont Fd d\u00e9part 0835 et la station du Lioran (Cantal) arriv\u00e9e 12h51. Retour \u00e0 18h40 arriv\u00e9e Clermont 22h21. Prix de l&rsquo;aller retour par personne : 55 euros. Gares desservies : Vic-le-comte Issoire Arvant Massiac Neussargues Murat. \n\n[fond rouge][blanc]Train Vapeur ligne des Causses Transloz\u00e9rienne et C\u00e9vennes le samedi 10 et dimanche 11 octobre[\/blanc][\/fond rouge]\nOrganis\u00e9 par Trains \u00e0 Vapeur d&rsquo;Auvergne. \nEn train vapeur le parcours : Clermont Arvant Neussargues Saint-Flour Viaduc de Garabit St Ch\u00e9ly d&rsquo;Apcher Aumont-Aubrac Marvejols Mende La Bastide-Puylaurent Langogne Chapeauroux Alleyras Monistrol d&rsquo;Allier Langeac Brioude Arvant Clermont. Le plus beau voyage qui soit dans le sud du Massif central entre Loz\u00e8re et Auvergne. Autres pr\u00e9cisions non disponibles. Surveiller leur site.\n\n<em>Le passage du train vapeur pr\u00e8s du barrage de Pout\u00e8s (Alleyras)<\/em>\n<img loading=\"lazy\" decoding=\"async\" class=\" aligncenter size-full wp-image-5786\" src=\"http:\/\/5.45.101.177\/haut-allier\/usagers-transportse\/wp-content\/uploads\/2026\/04\/vlcsnap-2024-05-28-10h42m24s397.png\" alt=\"vlcsnap-2024-05-28-10h42m24s397.png\" align=\"center\" width=\"1920\" height=\"1080\" srcset=\"https:\/\/usagers-transports.haut-allier.eu\/wp-content\/uploads\/2026\/04\/vlcsnap-2024-05-28-10h42m24s397.png 1920w, https:\/\/usagers-transports.haut-allier.eu\/wp-content\/uploads\/2026\/04\/vlcsnap-2024-05-28-10h42m24s397-300x169.png 300w, https:\/\/usagers-transports.haut-allier.eu\/wp-content\/uploads\/2026\/04\/vlcsnap-2024-05-28-10h42m24s397-1024x576.png 1024w, https:\/\/usagers-transports.haut-allier.eu\/wp-content\/uploads\/2026\/04\/vlcsnap-2024-05-28-10h42m24s397-768x432.png 768w, https:\/\/usagers-transports.haut-allier.eu\/wp-content\/uploads\/2026\/04\/vlcsnap-2024-05-28-10h42m24s397-1536x864.png 1536w\" sizes=\"auto, (max-width: 1920px) 100vw, 1920px\" \/>\n\nAutres voyages de cette association :\n<blockquote class=\"wp-embedded-content\" data-secret=\"W8KkylPgms\"><a href=\"https:\/\/www.trainvapeur-auvergne.com\/programme-annuel\/\">Programme \/ Billetterie<\/a><\/blockquote><iframe loading=\"lazy\" class=\"wp-embedded-content\" sandbox=\"allow-scripts\" security=\"restricted\" style=\"position: absolute; visibility: hidden;\" title=\"\u00ab\u00a0Programme \/ Billetterie\u00a0\u00bb \u2014 Train \u00e0 Vapeur d&amp;apos;Auvergne \/ Association de la 141R420\" src=\"https:\/\/www.trainvapeur-auvergne.com\/programme-annuel\/embed\/#?secret=RTw0mgsZFi#?secret=W8KkylPgms\" data-secret=\"W8KkylPgms\" width=\"600\" height=\"338\" frameborder=\"0\" marginwidth=\"0\" marginheight=\"0\" scrolling=\"no\"><\/iframe>\n\n<strong>A noter que le train touristique des gorges de l&rsquo;Allier n&rsquo;existe plus en tant que tel. Autrefois organis\u00e9 par le SMAT du haut-Allier (Syndicat mixte d&rsquo;am\u00e9nagement touristique qui n&rsquo;existe plus depuis l&rsquo;av\u00e8nement de la nouvelle \u00e9quipe Wauquiez \u00e0 la r\u00e9gion Auvergne Rh\u00f4ne Alpes), il circulait plut\u00f4t en semaine, il est remplac\u00e9 par les trains de l&rsquo;association ci-dessus. Autrement dit fini les arr\u00eats \u00e0 Alleyras et Chapeauroux. Pour un train des Gorges c&rsquo;est largement la honte.<\/strong>\n\nExplications alambiqu\u00e9es : https:\/\/www.lesgorgesdelallier.fr\/le-train-touristique-des-gorges-de-lallier\/\n\nL&rsquo;association <a href=\"http:\/\/www.ap2800.fr\/\"><strong>AP2800<\/strong><\/a> avec son \u00ab\u00a0train bleu\u00a0\u00bb de type X2800 et bas\u00e9e \u00e0 Langogne, quant \u00e0 elle pr\u00e9voit d&rsquo;organiser plusieurs trajets dans les gorges du haut Allier en 2026 :\n\n&#8211; le jeudi 14 mai\n&#8211; le mardi 14 juillet\n&#8211; le mardi 28 juillet\n&#8211; le mardi 11 ao\u00fbt\n&#8211; le mardi 18 ao\u00fbt\n\nPas plus de pr\u00e9cisions pour le moment.\n\n<em>Un train de type X2800 dans sa livr\u00e9e Massif central\n<\/em>\n<img loading=\"lazy\" decoding=\"async\" class=\" aligncenter size-full wp-image-5787\" src=\"http:\/\/5.45.101.177\/haut-allier\/usagers-transportse\/wp-content\/uploads\/2026\/04\/l_x2907_et_sa_nouvelle_peinture.jpg\" alt=\"l_x2907_et_sa_nouvelle_peinture.jpg\" align=\"center\" width=\"960\" height=\"720\" srcset=\"https:\/\/usagers-transports.haut-allier.eu\/wp-content\/uploads\/2026\/04\/l_x2907_et_sa_nouvelle_peinture.jpg 960w, https:\/\/usagers-transports.haut-allier.eu\/wp-content\/uploads\/2026\/04\/l_x2907_et_sa_nouvelle_peinture-300x225.jpg 300w, https:\/\/usagers-transports.haut-allier.eu\/wp-content\/uploads\/2026\/04\/l_x2907_et_sa_nouvelle_peinture-768x576.jpg 768w\" sizes=\"auto, (max-width: 960px) 100vw, 960px\" \/>\n<p>&nbsp;<\/p>\n\n\t<figure class=\"wp-block-gallery columns-1 is-cropped wp-block-gallery-1 is-layout-flex wp-block-gallery-is-layout-flex\">\n\t\t<ul class=\"blocks-gallery-grid\">\n\t\t\t<li class=\"blocks-gallery-item\">\n\t\t\t\t<figure>\n\t\t\t\t\t\t\t\t\t\t\t<img loading=\"lazy\" decoding=\"async\" width=\"1500\" height=\"843\" src=\"http:\/\/5.45.101.177\/haut-allier\/usagers-transportse\/wp-content\/uploads\/2026\/04\/vlcsnap-2026-04-01-11h19m39s261.jpg\"\n\t\t\t\t\t\t alt=\"vlcsnap-2026-04-01-11h19m39s261.jpg\"\n\t\t\t\t\t\t data-id=\"5788\"\n\t\t\t\t\t\t data-full-url=\"http:\/\/5.45.101.177\/haut-allier\/usagers-transportse\/wp-content\/uploads\/2026\/04\/vlcsnap-2026-04-01-11h19m39s261.jpg\"\n\t\t\t\t\t\t data-link=\"http:\/\/5.45.101.177\/haut-allier\/usagers-transportse\/attachment-vlcsnap-2026-04-01-11h19m39s261-jpg\/\"\n\t\t\t\t\t\t class=\"wp-image-5788\" srcset=\"https:\/\/usagers-transports.haut-allier.eu\/wp-content\/uploads\/2026\/04\/vlcsnap-2026-04-01-11h19m39s261.jpg 1500w, https:\/\/usagers-transports.haut-allier.eu\/wp-content\/uploads\/2026\/04\/vlcsnap-2026-04-01-11h19m39s261-300x169.jpg 300w, https:\/\/usagers-transports.haut-allier.eu\/wp-content\/uploads\/2026\/04\/vlcsnap-2026-04-01-11h19m39s261-1024x575.jpg 1024w, https:\/\/usagers-transports.haut-allier.eu\/wp-content\/uploads\/2026\/04\/vlcsnap-2026-04-01-11h19m39s261-768x432.jpg 768w\" sizes=\"auto, (max-width: 1500px) 100vw, 1500px\" \/>\n\t\t\t\t<\/figure>\n\t\t\t<\/li>\n\t\t<\/ul>\n\t<\/figure>\n","protected":false},"excerpt":{"rendered":"<p>Comme l&rsquo;an pass\u00e9 nombreux voyages organis\u00e9s par diverses associations avec le retour des beaux jours. [fond rouge][blanc]Le C\u00e9venol<\/p>\n","protected":false},"author":2,"featured_media":5786,"comment_status":"closed","ping_status":"open","sticky":false,"template":"","format":"standard","meta":{"footnotes":""},"categories":[3],"tags":[],"class_list":["post-1264","post","type-post","status-publish","format-standard","has-post-thumbnail","hentry","category-en-train"],"_links":{"self":[{"href":"https:\/\/usagers-transports.haut-allier.eu\/index.php\/wp-json\/wp\/v2\/posts\/1264","targetHints":{"allow":["GET"]}}],"collection":[{"href":"https:\/\/usagers-transports.haut-allier.eu\/index.php\/wp-json\/wp\/v2\/posts"}],"about":[{"href":"https:\/\/usagers-transports.haut-allier.eu\/index.php\/wp-json\/wp\/v2\/types\/post"}],"author":[{"embeddable":true,"href":"https:\/\/usagers-transports.haut-allier.eu\/index.php\/wp-json\/wp\/v2\/users\/2"}],"replies":[{"embeddable":true,"href":"https:\/\/usagers-transports.haut-allier.eu\/index.php\/wp-json\/wp\/v2\/comments?post=1264"}],"version-history":[{"count":1,"href":"https:\/\/usagers-transports.haut-allier.eu\/index.php\/wp-json\/wp\/v2\/posts\/1264\/revisions"}],"predecessor-version":[{"id":5789,"href":"https:\/\/usagers-transports.haut-allier.eu\/index.php\/wp-json\/wp\/v2\/posts\/1264\/revisions\/5789"}],"wp:featuredmedia":[{"embeddable":true,"href":"https:\/\/usagers-transports.haut-allier.eu\/index.php\/wp-json\/wp\/v2\/media\/5786"}],"wp:attachment":[{"href":"https:\/\/usagers-transports.haut-allier.eu\/index.php\/wp-json\/wp\/v2\/media?parent=1264"}],"wp:term":[{"taxonomy":"category","embeddable":true,"href":"https:\/\/usagers-transports.haut-allier.eu\/index.php\/wp-json\/wp\/v2\/categories?post=1264"},{"taxonomy":"post_tag","embeddable":true,"href":"https:\/\/usagers-transports.haut-allier.eu\/index.php\/wp-json\/wp\/v2\/tags?post=1264"}],"curies":[{"name":"wp","href":"https:\/\/api.w.org\/{rel}","templated":true}]}}