{"id":1265,"date":"2026-04-07T11:35:44","date_gmt":"2026-04-07T09:35:44","guid":{"rendered":"http:\/\/5.45.101.177\/haut-allier\/usagers-transportse\/index.php\/2026\/04\/07\/un-plan-ferroviaire-massif-central1265\/"},"modified":"2026-09-01T16:12:13","modified_gmt":"2026-09-01T14:12:13","slug":"un-plan-ferroviaire-massif-central1265","status":"publish","type":"post","link":"https:\/\/usagers-transports.haut-allier.eu\/index.php\/2026\/04\/07\/un-plan-ferroviaire-massif-central1265\/","title":{"rendered":"Un plan ferroviaire \u201cMassif central\u201d 2056 demand\u00e9 par les 3 r\u00e9gions concern\u00e9es"},"content":{"rendered":"Le Vice-pr\u00e9sident charg\u00e9 des transports Fr\u00e9d\u00e9ric Aguilera vient d\u2019annoncer lors de la derni\u00e8re pl\u00e9ni\u00e8re du conseil r\u00e9gional du 2 avril, une demande conjointe d&rsquo;Auvergne Rh\u00f4ne Alpes, Occitanie et Nouvelle Aquitaine, \u00e0 l\u2019Etat, pour l&rsquo;\u00e9laboration d\u2019un Plan Rail Massif central \u00e0 l\u2019horizon 2056 (!). Voici l\u2019extrait vid\u00e9o :\n\n<a href=\"http:\/\/5.45.101.177\/haut-allier\/usagers-transportse\/wp-content\/uploads\/2026\/04\/aguilera-pleniere-avril-2026-plan-rail-massif-central.mp4\">aguilera-pleniere-avril-2026-plan-rail-massif-central.mp4<\/a>\n\nLa r\u00e9gion Occitanie et son Vice-pr\u00e9sident charg\u00e9 des mobilit\u00e9s confirme \u00eatre \u00e0 l\u2019origine de la proposition, qui sera port\u00e9e par Monsieur Aguilera, son \u00e9quivalent en r\u00e9gion AuRA.\n\nBonne nouvelle, s&rsquo;il s&rsquo;agit bien d&rsquo;un plan sur 30 ans et non d&rsquo;une date de mise en service\u2026<p>&nbsp;<\/p>\n\n\t<figure class=\"wp-block-gallery columns-1 is-cropped wp-block-gallery-1 is-layout-flex wp-block-gallery-is-layout-flex\">\n\t\t<ul class=\"blocks-gallery-grid\">\n\t\t\t<li class=\"blocks-gallery-item\">\n\t\t\t\t<figure>\n\t\t\t\t\t\t\t\t\t\t\t<img loading=\"lazy\" decoding=\"async\" width=\"384\" height=\"228\" src=\"http:\/\/5.45.101.177\/haut-allier\/usagers-transportse\/wp-content\/uploads\/2026\/04\/vlcsnap-2026-04-07-11h09m46s135.jpg\"\n\t\t\t\t\t\t alt=\"vlcsnap-2026-04-07-11h09m46s135.jpg\"\n\t\t\t\t\t\t data-id=\"5791\"\n\t\t\t\t\t\t data-full-url=\"http:\/\/5.45.101.177\/haut-allier\/usagers-transportse\/wp-content\/uploads\/2026\/04\/vlcsnap-2026-04-07-11h09m46s135.jpg\"\n\t\t\t\t\t\t data-link=\"http:\/\/5.45.101.177\/haut-allier\/usagers-transportse\/attachment-vlcsnap-2026-04-07-11h09m46s135-jpg\/\"\n\t\t\t\t\t\t class=\"wp-image-5791\" srcset=\"https:\/\/usagers-transports.haut-allier.eu\/wp-content\/uploads\/2026\/04\/vlcsnap-2026-04-07-11h09m46s135.jpg 384w, https:\/\/usagers-transports.haut-allier.eu\/wp-content\/uploads\/2026\/04\/vlcsnap-2026-04-07-11h09m46s135-300x178.jpg 300w\" sizes=\"auto, (max-width: 384px) 100vw, 384px\" \/>\n\t\t\t\t<\/figure>\n\t\t\t<\/li>\n\t\t<\/ul>\n\t<\/figure>\n","protected":false},"excerpt":{"rendered":"<p>Le Vice-pr\u00e9sident charg\u00e9 des transports Fr\u00e9d\u00e9ric Aguilera vient d\u2019annoncer lors de la derni\u00e8re pl\u00e9ni\u00e8re du conseil r\u00e9gional du<\/p>\n","protected":false},"author":2,"featured_media":5791,"comment_status":"open","ping_status":"open","sticky":false,"template":"","format":"standard","meta":{"footnotes":""},"categories":[3],"tags":[],"class_list":["post-1265","post","type-post","status-publish","format-standard","has-post-thumbnail","hentry","category-en-train"],"_links":{"self":[{"href":"https:\/\/usagers-transports.haut-allier.eu\/index.php\/wp-json\/wp\/v2\/posts\/1265","targetHints":{"allow":["GET"]}}],"collection":[{"href":"https:\/\/usagers-transports.haut-allier.eu\/index.php\/wp-json\/wp\/v2\/posts"}],"about":[{"href":"https:\/\/usagers-transports.haut-allier.eu\/index.php\/wp-json\/wp\/v2\/types\/post"}],"author":[{"embeddable":true,"href":"https:\/\/usagers-transports.haut-allier.eu\/index.php\/wp-json\/wp\/v2\/users\/2"}],"replies":[{"embeddable":true,"href":"https:\/\/usagers-transports.haut-allier.eu\/index.php\/wp-json\/wp\/v2\/comments?post=1265"}],"version-history":[{"count":1,"href":"https:\/\/usagers-transports.haut-allier.eu\/index.php\/wp-json\/wp\/v2\/posts\/1265\/revisions"}],"predecessor-version":[{"id":5792,"href":"https:\/\/usagers-transports.haut-allier.eu\/index.php\/wp-json\/wp\/v2\/posts\/1265\/revisions\/5792"}],"wp:featuredmedia":[{"embeddable":true,"href":"https:\/\/usagers-transports.haut-allier.eu\/index.php\/wp-json\/wp\/v2\/media\/5791"}],"wp:attachment":[{"href":"https:\/\/usagers-transports.haut-allier.eu\/index.php\/wp-json\/wp\/v2\/media?parent=1265"}],"wp:term":[{"taxonomy":"category","embeddable":true,"href":"https:\/\/usagers-transports.haut-allier.eu\/index.php\/wp-json\/wp\/v2\/categories?post=1265"},{"taxonomy":"post_tag","embeddable":true,"href":"https:\/\/usagers-transports.haut-allier.eu\/index.php\/wp-json\/wp\/v2\/tags?post=1265"}],"curies":[{"name":"wp","href":"https:\/\/api.w.org\/{rel}","templated":true}]}}