{"id":1267,"date":"2026-04-09T13:30:06","date_gmt":"2026-04-09T11:30:06","guid":{"rendered":"http:\/\/5.45.101.177\/haut-allier\/usagers-transportse\/index.php\/2026\/04\/09\/jean-castex-pdg-de-la-sncf-visite1267\/"},"modified":"2026-09-01T16:12:13","modified_gmt":"2026-09-01T14:12:13","slug":"jean-castex-pdg-de-la-sncf-visite1267","status":"publish","type":"post","link":"https:\/\/usagers-transports.haut-allier.eu\/index.php\/2026\/04\/09\/jean-castex-pdg-de-la-sncf-visite1267\/","title":{"rendered":"Jean Castex PDG de la SNCF visite un chantier en Loz\u00e8re&#8230;"},"content":{"rendered":"Jean Castex champion des visites surprises auxquelles les usagers sont tenus \u00e0 l&rsquo;\u00e9cart, \u00e9tait donc pr\u00e8s de Labastide Puylaurens en Loz\u00e8re hier mercredi 8 avril pour voir de ses yeux les travaux d&rsquo;une entreprise sous-traitante de la SNCF concernant la paroi de Masm\u00e9jean (commune de La Bastide-Puylaurent), en bas de laquelle passe la ligne ferroviaire de La Bastide Saint-Laurent-les-Bains &#8211; Mende &#8211; Le Monastier. Diff\u00e9rents partenaires institutionnels \u00e9taient l\u00e0 mais pas les usagers. \n\n[fond noir][blanc]<strong>Les usagers qui lui auraient parl\u00e9 des coupures de trafic de 3 \u00e0 4 mois tous les ans depuis plus de 10 ans sur la ligne des C\u00e9vennes, les usagers qui lui auraient parl\u00e9 du service de trains ridicule sur cette ligne avec 3 AR par jour, et de celui de la ligne des Causses, 1 AR entre Clermont et B\u00e9ziers. Les usagers lui auraient aussi parl\u00e9 de leur d\u00e9sir du retour du train de nuit Paris Clermont Al\u00e8s N\u00eemes \/ Millau B\u00e9ziers \/ Aurillac. Ils lui auraient parl\u00e9 \u00e9galement de l&rsquo;absence de liaison Intercit\u00e9s entre Lyon et Bordeaux justement par le Massif central, ou encore des travaux de r\u00e9novation toujours pas entrepris de la voie double champignon entre Mende et Le Monastier. Mais sans doute conscient de tout \u00e7a il s&rsquo;est apparemment content\u00e9 de fuir nos demandes.<\/strong>[\/blanc][\/fond noir]\n\n<em>\u00ab\u00a0Ces travaux sont indispensables\u00a0\u00bb<\/em>, a-t-il d\u00e9clar\u00e9, <em>\u00ab\u00a0Il faut maintenir en vie ces lignes anciennes\u00a0\u00bb<\/em>. Oh les beaux voeux qui n&rsquo;engagent \u00e0 rien. Et d&#8217;embrayer sur les travaux indispensables face au changement climatique. Puis pour terminer une petite visite \u00e0 Arcelor Mital \u00e0 Saint-Ch\u00e9ly en compagnie de Carole Delga. \n\nTout va bien dans le Massif central. \n\n<em>Le lieu de la visite :\n<\/em>\n<img loading=\"lazy\" decoding=\"async\" class=\" aligncenter size-full wp-image-5793\" src=\"http:\/\/5.45.101.177\/haut-allier\/usagers-transportse\/wp-content\/uploads\/2026\/04\/logocastexvisite.jpg\" alt=\"logocastexvisite.jpg\" align=\"center\" width=\"858\" height=\"563\" srcset=\"https:\/\/usagers-transports.haut-allier.eu\/wp-content\/uploads\/2026\/04\/logocastexvisite.jpg 858w, https:\/\/usagers-transports.haut-allier.eu\/wp-content\/uploads\/2026\/04\/logocastexvisite-300x197.jpg 300w, https:\/\/usagers-transports.haut-allier.eu\/wp-content\/uploads\/2026\/04\/logocastexvisite-768x504.jpg 768w\" sizes=\"auto, (max-width: 858px) 100vw, 858px\" \/>\n\n\nAllez les fantastiques articles&#8230;\n&#8230; de Midi Libre :\nhttps:\/\/www.midilibre.fr\/2026\/04\/08\/il-faut-maintenir-en-vie-ces-lignes-anciennes-jean-castex-pdg-de-la-sncf-visite-un-chantier-de-securisation-de-la-ligne-de-train-des-cevennes-13315419.php\nCelui de Totem :\nhttps:\/\/www.radiototem.net\/la-visite-de-jean-castex-pour-la-sncf-en-lozere\nCelui de Ici Gard Loz\u00e8re :\nhttps:\/\/www.francebleu.fr\/emissions\/l-info-d-ici-ici-gard-lozere\/en-lozere-jean-castex-en-visite-sur-un-chantier-ferroviaire-strategique-4042163\n\n<em>[Photo d&rsquo;illustration de Radio France]\n<\/em>\n\n\n\n<p>&nbsp;<\/p>\n\n\t<figure class=\"wp-block-gallery columns-1 is-cropped wp-block-gallery-1 is-layout-flex wp-block-gallery-is-layout-flex\">\n\t\t<ul class=\"blocks-gallery-grid\">\n\t\t\t<li class=\"blocks-gallery-item\">\n\t\t\t\t<figure>\n\t\t\t\t\t\t\t\t\t\t\t<img loading=\"lazy\" decoding=\"async\" width=\"1000\" height=\"566\" src=\"http:\/\/5.45.101.177\/haut-allier\/usagers-transportse\/wp-content\/uploads\/2026\/04\/castex-lozere.jpg\"\n\t\t\t\t\t\t alt=\"castex-lozere.jpg\"\n\t\t\t\t\t\t data-id=\"5794\"\n\t\t\t\t\t\t data-full-url=\"http:\/\/5.45.101.177\/haut-allier\/usagers-transportse\/wp-content\/uploads\/2026\/04\/castex-lozere.jpg\"\n\t\t\t\t\t\t data-link=\"http:\/\/5.45.101.177\/haut-allier\/usagers-transportse\/attachment-castex-lozere-jpg\/\"\n\t\t\t\t\t\t class=\"wp-image-5794\" srcset=\"https:\/\/usagers-transports.haut-allier.eu\/wp-content\/uploads\/2026\/04\/castex-lozere.jpg 1000w, https:\/\/usagers-transports.haut-allier.eu\/wp-content\/uploads\/2026\/04\/castex-lozere-300x170.jpg 300w, https:\/\/usagers-transports.haut-allier.eu\/wp-content\/uploads\/2026\/04\/castex-lozere-768x435.jpg 768w\" sizes=\"auto, (max-width: 1000px) 100vw, 1000px\" \/>\n\t\t\t\t<\/figure>\n\t\t\t<\/li>\n\t\t<\/ul>\n\t<\/figure>\n","protected":false},"excerpt":{"rendered":"<p>Jean Castex champion des visites surprises auxquelles les usagers sont tenus \u00e0 l&rsquo;\u00e9cart, \u00e9tait donc pr\u00e8s de Labastide<\/p>\n","protected":false},"author":2,"featured_media":5793,"comment_status":"open","ping_status":"open","sticky":false,"template":"","format":"standard","meta":{"footnotes":""},"categories":[3],"tags":[],"class_list":["post-1267","post","type-post","status-publish","format-standard","has-post-thumbnail","hentry","category-en-train"],"_links":{"self":[{"href":"https:\/\/usagers-transports.haut-allier.eu\/index.php\/wp-json\/wp\/v2\/posts\/1267","targetHints":{"allow":["GET"]}}],"collection":[{"href":"https:\/\/usagers-transports.haut-allier.eu\/index.php\/wp-json\/wp\/v2\/posts"}],"about":[{"href":"https:\/\/usagers-transports.haut-allier.eu\/index.php\/wp-json\/wp\/v2\/types\/post"}],"author":[{"embeddable":true,"href":"https:\/\/usagers-transports.haut-allier.eu\/index.php\/wp-json\/wp\/v2\/users\/2"}],"replies":[{"embeddable":true,"href":"https:\/\/usagers-transports.haut-allier.eu\/index.php\/wp-json\/wp\/v2\/comments?post=1267"}],"version-history":[{"count":1,"href":"https:\/\/usagers-transports.haut-allier.eu\/index.php\/wp-json\/wp\/v2\/posts\/1267\/revisions"}],"predecessor-version":[{"id":5795,"href":"https:\/\/usagers-transports.haut-allier.eu\/index.php\/wp-json\/wp\/v2\/posts\/1267\/revisions\/5795"}],"wp:featuredmedia":[{"embeddable":true,"href":"https:\/\/usagers-transports.haut-allier.eu\/index.php\/wp-json\/wp\/v2\/media\/5793"}],"wp:attachment":[{"href":"https:\/\/usagers-transports.haut-allier.eu\/index.php\/wp-json\/wp\/v2\/media?parent=1267"}],"wp:term":[{"taxonomy":"category","embeddable":true,"href":"https:\/\/usagers-transports.haut-allier.eu\/index.php\/wp-json\/wp\/v2\/categories?post=1267"},{"taxonomy":"post_tag","embeddable":true,"href":"https:\/\/usagers-transports.haut-allier.eu\/index.php\/wp-json\/wp\/v2\/tags?post=1267"}],"curies":[{"name":"wp","href":"https:\/\/api.w.org\/{rel}","templated":true}]}}