{"id":1268,"date":"2026-04-12T11:58:26","date_gmt":"2026-04-12T09:58:26","guid":{"rendered":"http:\/\/5.45.101.177\/haut-allier\/usagers-transportse\/index.php\/2026\/04\/12\/ligne-des-cevennes-le-service-ter1268\/"},"modified":"2026-09-01T16:12:14","modified_gmt":"2026-09-01T14:12:14","slug":"ligne-des-cevennes-le-service-ter1268","status":"publish","type":"post","link":"https:\/\/usagers-transports.haut-allier.eu\/index.php\/2026\/04\/12\/ligne-des-cevennes-le-service-ter1268\/","title":{"rendered":"Ligne des C\u00e9vennes : le service TER reprend le 1er mai"},"content":{"rendered":"Apr\u00e8s des travaux qui auront dur\u00e9 9 semaines depuis le 23 f\u00e9vrier, une coupure l\u00e9g\u00e8rement plus courte cette ann\u00e9e.\n\n<strong>Opacit\u00e9 totale de la SNCF vis \u00e0 vis de ses financeurs, les r\u00e9gions et l&rsquo;Etat, on ne conna\u00eet toujours pas aujourd&rsquo;hui 12 avril, \u00e0 3 semaines de la reprise, les raisons exactes et o\u00f9 sont effectu\u00e9es ces op\u00e9rations.<\/strong>\n\nSNCF R\u00e9seau Auvergne Rh\u00f4ne Alpes n&rsquo;a en effet pas publi\u00e9 cette ann\u00e9e sa carte des travaux d\u00e9taill\u00e9e contrairement aux autres r\u00e9gions. Nous les avons contact\u00e9 d\u00e9but mars, ils nous la promettaient fin mars. Mais rien. Une opacit\u00e9 qui d\u00e9montre la politique de transparence de cette soci\u00e9t\u00e9 qui fait la pluie et le beau temps au sein du groupe SNCF.\n\nCelle d&rsquo;Occitanie :\nhttps:\/\/www.sncf-reseau.com\/fr\/cartes\/occitanie\/carte-principaux-chantiers-2026-en-occitanie\n\nCelle de Nouvelle Aquitaine :\nhttps:\/\/www.sncf-reseau.com\/fr\/cartes\/nouvelle-aquitaine\/carte-principaux-chantiers-2026-en-nouvelle-aquitaine\n\nCelle de Bourgogne Franche Comt\u00e9 :\nhttps:\/\/www.sncf-reseau.com\/fr\/cartes\/bourgogne-franche-comte\/carte-travaux-2026-en-bourgogne-franche-comte\n\nCelle de PACA :\nhttps:\/\/www.sncf-reseau.com\/fr\/cartes\/provence-alpes-cote-dazur\/carte-travaux-2026-en-provence-alpes-cote-dazur\n\nCette entit\u00e9 qui a pour charge l&rsquo;entretien et la modernisation du r\u00e9seau ferr\u00e9 fran\u00e7ais s&rsquo;est content\u00e9e d&rsquo;une carte tr\u00e8s tr\u00e8s incompl\u00e8te non diffus\u00e9e sur ses sites grand public, qu&rsquo;il faut chercher dans le m\u00e9andre de ses documents internes, et qui comporte uniquement les dates des travaux, ni l&#8217;emplacement exact, ni la nature, ni le montant ! La voici, en exclusivit\u00e9 :\n\n<img loading=\"lazy\" decoding=\"async\" class=\" aligncenter size-full wp-image-5796\" src=\"http:\/\/5.45.101.177\/haut-allier\/usagers-transportse\/wp-content\/uploads\/2026\/04\/carte_regionale_travaux_ter_auvergne-rhone-alpes_1_0.jpg\" alt=\"carte_regionale_travaux_ter_auvergne-rhone-alpes_1_0.jpg\" align=\"center\" width=\"1403\" height=\"1984\" srcset=\"https:\/\/usagers-transports.haut-allier.eu\/wp-content\/uploads\/2026\/04\/carte_regionale_travaux_ter_auvergne-rhone-alpes_1_0.jpg 1403w, https:\/\/usagers-transports.haut-allier.eu\/wp-content\/uploads\/2026\/04\/carte_regionale_travaux_ter_auvergne-rhone-alpes_1_0-212x300.jpg 212w, https:\/\/usagers-transports.haut-allier.eu\/wp-content\/uploads\/2026\/04\/carte_regionale_travaux_ter_auvergne-rhone-alpes_1_0-724x1024.jpg 724w, https:\/\/usagers-transports.haut-allier.eu\/wp-content\/uploads\/2026\/04\/carte_regionale_travaux_ter_auvergne-rhone-alpes_1_0-768x1086.jpg 768w, https:\/\/usagers-transports.haut-allier.eu\/wp-content\/uploads\/2026\/04\/carte_regionale_travaux_ter_auvergne-rhone-alpes_1_0-1086x1536.jpg 1086w\" sizes=\"auto, (max-width: 1403px) 100vw, 1403px\" \/>\n\nPar contre \u00e9videmment et comme \u00e0 l&rsquo;accoutum\u00e9e \u00e7a communique dans la presse \u00e0 tout va. Exemple il y a quelques jours pour annoncer une coupure de trafic routier vers Brioude, \u00e0 cause d&rsquo;un passage \u00e0 niveau.\n\nArticle de RCF :\nhttps:\/\/www.rcf.fr\/articles\/actualite\/sncf-dimportants-travaux-debutent-dans-le-brivadois\n\nDans lequel on apprend que <em>\u00ab\u00a0des op\u00e9rations de r\u00e9g\u00e9n\u00e9ration des voies sont en cours entre les gares de Brioude et de Langogne. Au total, 3 000 traverses [ce qui repr\u00e9sente environ 2000 m de voie NDLR] seront remplac\u00e9es. Des rails seront renouvel\u00e9s sur 4 kilom\u00e8tres.\u00a0\u00bb<\/em> La bonne affaire, sur 95 km de ligne p\u00e9tass\u00e9e, aux performances d\u00e9grad\u00e9es.\n\nUn article \u00e9galement insignifiant dans le Progr\u00e8s qui reprend le communiqu\u00e9 SNCF R\u00e9seau :\nhttps:\/\/www.leprogres.fr\/economie\/2026\/04\/04\/5-2-millions-de-travaux-sncf-entre-brioude-et-langogne\n\nEn ce qui concerne la reprise du trafic le 1er mai, vous esp\u00e9riez des am\u00e9liorations ? Non, non, toujours 3 allers retours en semaine et 2 allers retours le samedi. \n\n<strong>Rappel : si vous attendez le week-end du 2 mai et 3 mai sur Clermont N\u00eemes ce sera un euro gr\u00e2ce \u00e0 la r\u00e9gion Occitanie ! Les r\u00e9servations d\u00e9butent 10 jours avant.<\/strong> \n<p>&nbsp;<\/p>\n\n\t<figure class=\"wp-block-gallery columns-1 is-cropped wp-block-gallery-1 is-layout-flex wp-block-gallery-is-layout-flex\">\n\t\t<ul class=\"blocks-gallery-grid\">\n\t\t\t<li class=\"blocks-gallery-item\">\n\t\t\t\t<figure>\n\t\t\t\t\t\t\t\t\t\t\t<img loading=\"lazy\" decoding=\"async\" width=\"1490\" height=\"1628\" src=\"http:\/\/5.45.101.177\/haut-allier\/usagers-transportse\/wp-content\/uploads\/2026\/04\/train-cevenol-avril2026.jpg\"\n\t\t\t\t\t\t alt=\"train-cevenol-avril2026.jpg\"\n\t\t\t\t\t\t data-id=\"5797\"\n\t\t\t\t\t\t data-full-url=\"http:\/\/5.45.101.177\/haut-allier\/usagers-transportse\/wp-content\/uploads\/2026\/04\/train-cevenol-avril2026.jpg\"\n\t\t\t\t\t\t data-link=\"http:\/\/5.45.101.177\/haut-allier\/usagers-transportse\/attachment-train-cevenol-avril2026-jpg\/\"\n\t\t\t\t\t\t class=\"wp-image-5797\" srcset=\"https:\/\/usagers-transports.haut-allier.eu\/wp-content\/uploads\/2026\/04\/train-cevenol-avril2026.jpg 1490w, https:\/\/usagers-transports.haut-allier.eu\/wp-content\/uploads\/2026\/04\/train-cevenol-avril2026-275x300.jpg 275w, https:\/\/usagers-transports.haut-allier.eu\/wp-content\/uploads\/2026\/04\/train-cevenol-avril2026-937x1024.jpg 937w, https:\/\/usagers-transports.haut-allier.eu\/wp-content\/uploads\/2026\/04\/train-cevenol-avril2026-768x839.jpg 768w, https:\/\/usagers-transports.haut-allier.eu\/wp-content\/uploads\/2026\/04\/train-cevenol-avril2026-1406x1536.jpg 1406w\" sizes=\"auto, (max-width: 1490px) 100vw, 1490px\" \/>\n\t\t\t\t<\/figure>\n\t\t\t<\/li>\n\t\t<\/ul>\n\t<\/figure>\n","protected":false},"excerpt":{"rendered":"<p>Apr\u00e8s des travaux qui auront dur\u00e9 9 semaines depuis le 23 f\u00e9vrier, une coupure l\u00e9g\u00e8rement plus courte cette<\/p>\n","protected":false},"author":2,"featured_media":5796,"comment_status":"open","ping_status":"open","sticky":false,"template":"","format":"standard","meta":{"footnotes":""},"categories":[3],"tags":[],"class_list":["post-1268","post","type-post","status-publish","format-standard","has-post-thumbnail","hentry","category-en-train"],"_links":{"self":[{"href":"https:\/\/usagers-transports.haut-allier.eu\/index.php\/wp-json\/wp\/v2\/posts\/1268","targetHints":{"allow":["GET"]}}],"collection":[{"href":"https:\/\/usagers-transports.haut-allier.eu\/index.php\/wp-json\/wp\/v2\/posts"}],"about":[{"href":"https:\/\/usagers-transports.haut-allier.eu\/index.php\/wp-json\/wp\/v2\/types\/post"}],"author":[{"embeddable":true,"href":"https:\/\/usagers-transports.haut-allier.eu\/index.php\/wp-json\/wp\/v2\/users\/2"}],"replies":[{"embeddable":true,"href":"https:\/\/usagers-transports.haut-allier.eu\/index.php\/wp-json\/wp\/v2\/comments?post=1268"}],"version-history":[{"count":1,"href":"https:\/\/usagers-transports.haut-allier.eu\/index.php\/wp-json\/wp\/v2\/posts\/1268\/revisions"}],"predecessor-version":[{"id":5798,"href":"https:\/\/usagers-transports.haut-allier.eu\/index.php\/wp-json\/wp\/v2\/posts\/1268\/revisions\/5798"}],"wp:featuredmedia":[{"embeddable":true,"href":"https:\/\/usagers-transports.haut-allier.eu\/index.php\/wp-json\/wp\/v2\/media\/5796"}],"wp:attachment":[{"href":"https:\/\/usagers-transports.haut-allier.eu\/index.php\/wp-json\/wp\/v2\/media?parent=1268"}],"wp:term":[{"taxonomy":"category","embeddable":true,"href":"https:\/\/usagers-transports.haut-allier.eu\/index.php\/wp-json\/wp\/v2\/categories?post=1268"},{"taxonomy":"post_tag","embeddable":true,"href":"https:\/\/usagers-transports.haut-allier.eu\/index.php\/wp-json\/wp\/v2\/tags?post=1268"}],"curies":[{"name":"wp","href":"https:\/\/api.w.org\/{rel}","templated":true}]}}