{"id":1270,"date":"2026-04-20T08:34:03","date_gmt":"2026-04-20T06:34:03","guid":{"rendered":"http:\/\/5.45.101.177\/haut-allier\/usagers-transportse\/index.php\/2026\/04\/20\/pour-la-ligne-ales-besseges1270\/"},"modified":"2026-09-01T16:12:15","modified_gmt":"2026-09-01T14:12:15","slug":"pour-la-ligne-ales-besseges1270","status":"publish","type":"post","link":"https:\/\/usagers-transports.haut-allier.eu\/index.php\/2026\/04\/20\/pour-la-ligne-ales-besseges1270\/","title":{"rendered":"Pour la ligne Al\u00e8s Bess\u00e8ges : r\u00e9union publique le 25 avril \u00e0 Moli\u00e8res sur C\u00e8ze"},"content":{"rendered":"La ligne Al\u00e8s Bess\u00e8ges est une branche de la ligne des C\u00e9vennes et son avenir nous int\u00e9resse en tant que tel.\n\nLe Collectif pour la r\u00e9novation de la ligne Al\u00e8s-Bess\u00e8ges vous donne rendez-vous [fond jaune]samedi 25 avril \u00e0 Moli\u00e8res-sur-C\u00e8ze[\/fond jaune].\n\nNous vous informerons des prochaines \u00e9tapes et des travaux \u00e0 venir.\n\nLa r\u00e9union publique sera pr\u00e9c\u00e9d\u00e9e d&rsquo;une marche ferroviaire entre l&rsquo;arr\u00eat de Gammal et la gare de Moli\u00e8res-sur-C\u00e8ze.\n\n[fond jaune]Programme :[\/fond jaune]\n\nMarche de la halte de Gammal \u00e0 Moli\u00e8res-sur-C\u00e8ze (Gard)\nPr\u00e9voir des chaussures adapt\u00e9es. Pour les non marcheurs, ou si mauvais temps, rdv directement salle Sainte Barbe \u00e0 Moli\u00e8res-sur-C\u00e8ze\n\n&#8211; 9h00 &#8211; RDV au parking de la halte de Gammal\n\n&#8211; 9h30 &#8211; D\u00e9part de la marche ferroviaire (pr\u00e9voir chaussures adapt\u00e9es)\n\n&#8211; 10h30 &#8211; Arriv\u00e9e \u00e0 la halte de Moli\u00e8res-sur-C\u00e8ze &#8211; Jonction vers le village\nR\u00e9union publique &#8211; Salle Sainte Barbe \u00e0 Moli\u00e8res-sur-C\u00e8ze\n\n&#8211; 11h00 \u00e0 13h00 &#8211; O\u00f9 en est on ? Situation aujourd&rsquo;hui et\nprochaines \u00e9tapes pr\u00e9sent\u00e9es par le Collectif. Pr\u00e9sentation de la\nr\u00e9ussite de la r\u00e9novation de la ligne Montr\u00e9jeau-Luchon (31)\nEchanges avec la salle en pr\u00e9sence des \u00e9lus et des habitants\nEt pour terminer, verre de l\u2019amiti\u00e9 et possibilit\u00e9 de se restaurer au food truck cheminot.\n\nLe Collectif vous invite \u00e0 participer \u00e0 cette matin\u00e9e revendicative qui marquera le d\u00e9but d\u2019une nouvelle phase.\n\nHabitants, \u00e9lus, de Bess\u00e8ges \u00e0 Al\u00e8s, des C\u00e9vennes et du Gard, venez nombreux !\n\n<img loading=\"lazy\" decoding=\"async\" class=\" aligncenter size-full wp-image-5805\" src=\"http:\/\/5.45.101.177\/haut-allier\/usagers-transportse\/wp-content\/uploads\/2026\/04\/659140308_1696719967958356_1085583717539805147_n.jpg\" alt=\"659140308_1696719967958356_1085583717539805147_n.jpg\" align=\"center\" width=\"679\" height=\"960\" srcset=\"https:\/\/usagers-transports.haut-allier.eu\/wp-content\/uploads\/2026\/04\/659140308_1696719967958356_1085583717539805147_n.jpg 679w, https:\/\/usagers-transports.haut-allier.eu\/wp-content\/uploads\/2026\/04\/659140308_1696719967958356_1085583717539805147_n-212x300.jpg 212w\" sizes=\"auto, (max-width: 679px) 100vw, 679px\" \/>\n\n<em>La gare de Moli\u00e8res sur C\u00e8ze fut un temps&#8230;\n<\/em>\n<img loading=\"lazy\" decoding=\"async\" class=\" aligncenter size-full wp-image-5806\" src=\"http:\/\/5.45.101.177\/haut-allier\/usagers-transportse\/wp-content\/uploads\/2026\/04\/1387359828-30-molieres-1.jpg\" alt=\"1387359828-30-molieres-1.jpg\" align=\"center\" width=\"1024\" height=\"661\" srcset=\"https:\/\/usagers-transports.haut-allier.eu\/wp-content\/uploads\/2026\/04\/1387359828-30-molieres-1.jpg 1024w, https:\/\/usagers-transports.haut-allier.eu\/wp-content\/uploads\/2026\/04\/1387359828-30-molieres-1-300x194.jpg 300w, https:\/\/usagers-transports.haut-allier.eu\/wp-content\/uploads\/2026\/04\/1387359828-30-molieres-1-768x496.jpg 768w\" sizes=\"auto, (max-width: 1024px) 100vw, 1024px\" \/><p>&nbsp;<\/p>\n\n\t<figure class=\"wp-block-gallery columns-1 is-cropped wp-block-gallery-1 is-layout-flex wp-block-gallery-is-layout-flex\">\n\t\t<ul class=\"blocks-gallery-grid\">\n\t\t\t<li class=\"blocks-gallery-item\">\n\t\t\t\t<figure>\n\t\t\t\t\t\t\t\t\t\t\t<img loading=\"lazy\" decoding=\"async\" width=\"608\" height=\"345\" src=\"http:\/\/5.45.101.177\/haut-allier\/usagers-transportse\/wp-content\/uploads\/2026\/04\/logoabmsc.jpg\"\n\t\t\t\t\t\t alt=\"logoabmsc.jpg\"\n\t\t\t\t\t\t data-id=\"5807\"\n\t\t\t\t\t\t data-full-url=\"http:\/\/5.45.101.177\/haut-allier\/usagers-transportse\/wp-content\/uploads\/2026\/04\/logoabmsc.jpg\"\n\t\t\t\t\t\t data-link=\"http:\/\/5.45.101.177\/haut-allier\/usagers-transportse\/attachment-logoabmsc-jpg\/\"\n\t\t\t\t\t\t class=\"wp-image-5807\" srcset=\"https:\/\/usagers-transports.haut-allier.eu\/wp-content\/uploads\/2026\/04\/logoabmsc.jpg 608w, https:\/\/usagers-transports.haut-allier.eu\/wp-content\/uploads\/2026\/04\/logoabmsc-300x170.jpg 300w\" sizes=\"auto, (max-width: 608px) 100vw, 608px\" \/>\n\t\t\t\t<\/figure>\n\t\t\t<\/li>\n\t\t<\/ul>\n\t<\/figure>\n","protected":false},"excerpt":{"rendered":"<p>La ligne Al\u00e8s Bess\u00e8ges est une branche de la ligne des C\u00e9vennes et son avenir nous int\u00e9resse en<\/p>\n","protected":false},"author":2,"featured_media":5805,"comment_status":"open","ping_status":"open","sticky":false,"template":"","format":"standard","meta":{"footnotes":""},"categories":[3],"tags":[],"class_list":["post-1270","post","type-post","status-publish","format-standard","has-post-thumbnail","hentry","category-en-train"],"_links":{"self":[{"href":"https:\/\/usagers-transports.haut-allier.eu\/index.php\/wp-json\/wp\/v2\/posts\/1270","targetHints":{"allow":["GET"]}}],"collection":[{"href":"https:\/\/usagers-transports.haut-allier.eu\/index.php\/wp-json\/wp\/v2\/posts"}],"about":[{"href":"https:\/\/usagers-transports.haut-allier.eu\/index.php\/wp-json\/wp\/v2\/types\/post"}],"author":[{"embeddable":true,"href":"https:\/\/usagers-transports.haut-allier.eu\/index.php\/wp-json\/wp\/v2\/users\/2"}],"replies":[{"embeddable":true,"href":"https:\/\/usagers-transports.haut-allier.eu\/index.php\/wp-json\/wp\/v2\/comments?post=1270"}],"version-history":[{"count":1,"href":"https:\/\/usagers-transports.haut-allier.eu\/index.php\/wp-json\/wp\/v2\/posts\/1270\/revisions"}],"predecessor-version":[{"id":5808,"href":"https:\/\/usagers-transports.haut-allier.eu\/index.php\/wp-json\/wp\/v2\/posts\/1270\/revisions\/5808"}],"wp:featuredmedia":[{"embeddable":true,"href":"https:\/\/usagers-transports.haut-allier.eu\/index.php\/wp-json\/wp\/v2\/media\/5805"}],"wp:attachment":[{"href":"https:\/\/usagers-transports.haut-allier.eu\/index.php\/wp-json\/wp\/v2\/media?parent=1270"}],"wp:term":[{"taxonomy":"category","embeddable":true,"href":"https:\/\/usagers-transports.haut-allier.eu\/index.php\/wp-json\/wp\/v2\/categories?post=1270"},{"taxonomy":"post_tag","embeddable":true,"href":"https:\/\/usagers-transports.haut-allier.eu\/index.php\/wp-json\/wp\/v2\/tags?post=1270"}],"curies":[{"name":"wp","href":"https:\/\/api.w.org\/{rel}","templated":true}]}}