{"id":1271,"date":"2026-04-21T18:28:25","date_gmt":"2026-04-21T16:28:25","guid":{"rendered":"http:\/\/5.45.101.177\/haut-allier\/usagers-transportse\/index.php\/2026\/04\/21\/ligne-des-cevennes-cote-occitanie1271\/"},"modified":"2026-09-01T16:12:15","modified_gmt":"2026-09-01T14:12:15","slug":"ligne-des-cevennes-cote-occitanie1271","status":"publish","type":"post","link":"https:\/\/usagers-transports.haut-allier.eu\/index.php\/2026\/04\/21\/ligne-des-cevennes-cote-occitanie1271\/","title":{"rendered":"Ligne des C\u00e9vennes : c\u00f4t\u00e9 Occitanie, on r\u00e9nove, on conforte, on am\u00e9liore"},"content":{"rendered":"Alors qu&rsquo;au nord, en r\u00e9gion Auvergne Rh\u00f4ne Alpes, on attend toujours la publication de la carte des travaux effectu\u00e9s pr\u00e9cis\u00e9ment cette ann\u00e9e entre Langogne et Arvant, c&rsquo;est la seule r\u00e9gion \u00e0 ne pas l&rsquo;avoir fait, au sud, entre Langogne et N\u00eemes, SNCF R\u00e9seau et la r\u00e9gion Occitanie m\u00eanent de grands travaux (3,2 M\u20ac) nous apprend aujourd&rsquo;hui <a href=\"https:\/\/www.midilibre.fr\/2026\/04\/21\/sur-la-ligne-sncf-du-cevenol-un-chantier-denvergure-de-confortement-de-murs-de-soutenement-sachevera-fin-avril-a-nimes-13336583.php\"><em>MidiLibre<\/em><\/a>.\n\n<em>\u00ab\u00a0L\u00e0, avant la r\u00e9ouverture de la ligne ferroviaire le 30 avril, en soir\u00e9e, une course contre la montre est d\u00e9j\u00e0 lanc\u00e9e.\u00a0\u00bb<\/em> Le confortement de murs de sout\u00e8nement concerne les communes de Saint-C\u00e9cile d\u2019Andorge et de V\u00e9z\u00e9nobres au Mas des Gardies. Il s\u2019agit de retenir par ailleurs des blocs de pierres \u00e0 l\u2019aide de grillages et de nettoyer les voies. Des renouvellements de rails et de traverses sont d\u2019actualit\u00e9 \u00e0 Boucoiran, Al\u00e8s et La Grand-Combe.\n\nMais ce n&rsquo;est pas tout : SNCF R\u00e9seau se r\u00e9soud enfin \u00e0 effectuer des travaux DE NUIT, ce que nous demandons depuis longtemps, en octobre et en novembre, 3 000 traverses seront chang\u00e9es en Loz\u00e8re, entre La Bastide et Langogne.  \n\nAvant le 30 avril c&rsquo;est aussi un chantier d&rsquo;ampleur du c\u00f4t\u00e9 de N\u00eemes avec, pr\u00e8s du quartier nord de la rue de Porte Canci\u00e8re prolong\u00e9e, des travaux men\u00e9s pour renforcer et s\u00e9curiser les murs de sout\u00e8nement sur pr\u00e8s de 400m.\n\nNous reprenons Midi Libre :\n\n<blockquote class=\"poesie\">\n<em>Emmanuelle Arnaud, directrice de la ligne TER, a partag\u00e9 son enthousiasme de pouvoir compter sur une ligne exploitable et s\u00e9curis\u00e9e prochainement. \u00ab\u00a0C\u2019est une ligne importante dans notre r\u00e9gion. Il faut assurer la maintenance de ces infrastructures, ce qui n\u00e9cessite un investissement, de l\u2019engagement\u00a0\u00bb, a soulign\u00e9 pour sa part Jean-Luc Gibelin, vice-pr\u00e9sident \u00e0 la R\u00e9gion charg\u00e9 des transports.<\/em>\n<\/blockquote>\n\nCela fait plaisir de voir la symbiose qui r\u00e8gne entre une r\u00e9gion volontariste et un op\u00e9rateur qui joue le jeu \u00e0 fond, pour moderniser un axe de vie, la ligne des C\u00e9vennes. Nous demandons la m\u00eame harmonie, le m\u00eame volontarisme, le m\u00eame engagement, c\u00f4t\u00e9 Auvergne Rh\u00f4ne Alpes. Il a beaucoup de mal \u00e0 arriver. Beaucoup.\n\n<em>Le chantier aux portes de N\u00eemes (photo : Midi Libre MikaelAnisset) <\/em> \n<img loading=\"lazy\" decoding=\"async\" class=\" aligncenter size-full wp-image-5809\" src=\"http:\/\/5.45.101.177\/haut-allier\/usagers-transportse\/wp-content\/uploads\/2026\/04\/imagemlcldc.jpg\" alt=\"imagemlcldc.jpg\" align=\"center\" width=\"885\" height=\"500\" srcset=\"https:\/\/usagers-transports.haut-allier.eu\/wp-content\/uploads\/2026\/04\/imagemlcldc.jpg 885w, https:\/\/usagers-transports.haut-allier.eu\/wp-content\/uploads\/2026\/04\/imagemlcldc-300x169.jpg 300w, https:\/\/usagers-transports.haut-allier.eu\/wp-content\/uploads\/2026\/04\/imagemlcldc-768x434.jpg 768w\" sizes=\"auto, (max-width: 885px) 100vw, 885px\" \/>\n\nOn pourra consulter aussi l&rsquo;article plus complet sur les travaux de N\u00eemes d&rsquo;Objectif Gard :\nhttps:\/\/www.objectifgard.com\/gard\/nimes-un-soutien-double-pour-le-cevenol-162933.php\n\n<p>&nbsp;<\/p>\n\n\t<figure class=\"wp-block-gallery columns-1 is-cropped wp-block-gallery-1 is-layout-flex wp-block-gallery-is-layout-flex\">\n\t\t<ul class=\"blocks-gallery-grid\">\n\t\t\t<li class=\"blocks-gallery-item\">\n\t\t\t\t<figure>\n\t\t\t\t\t\t\t\t\t\t\t<img loading=\"lazy\" decoding=\"async\" width=\"387\" height=\"393\" src=\"http:\/\/5.45.101.177\/haut-allier\/usagers-transportse\/wp-content\/uploads\/2026\/04\/cartereseauoccitanie2026zoom.jpg.png\"\n\t\t\t\t\t\t alt=\"cartereseauoccitanie2026zoom.jpg.png\"\n\t\t\t\t\t\t data-id=\"5810\"\n\t\t\t\t\t\t data-full-url=\"http:\/\/5.45.101.177\/haut-allier\/usagers-transportse\/wp-content\/uploads\/2026\/04\/cartereseauoccitanie2026zoom.jpg.png\"\n\t\t\t\t\t\t data-link=\"http:\/\/5.45.101.177\/haut-allier\/usagers-transportse\/attachment-cartereseauoccitanie2026zoom-jpg-png\/\"\n\t\t\t\t\t\t class=\"wp-image-5810\" srcset=\"https:\/\/usagers-transports.haut-allier.eu\/wp-content\/uploads\/2026\/04\/cartereseauoccitanie2026zoom.jpg.png 387w, https:\/\/usagers-transports.haut-allier.eu\/wp-content\/uploads\/2026\/04\/cartereseauoccitanie2026zoom.jpg-295x300.png 295w\" sizes=\"auto, (max-width: 387px) 100vw, 387px\" \/>\n\t\t\t\t<\/figure>\n\t\t\t<\/li>\n\t\t<\/ul>\n\t<\/figure>\n","protected":false},"excerpt":{"rendered":"<p>Alors qu&rsquo;au nord, en r\u00e9gion Auvergne Rh\u00f4ne Alpes, on attend toujours la publication de la carte des travaux<\/p>\n","protected":false},"author":2,"featured_media":5809,"comment_status":"open","ping_status":"open","sticky":false,"template":"","format":"standard","meta":{"footnotes":""},"categories":[3],"tags":[],"class_list":["post-1271","post","type-post","status-publish","format-standard","has-post-thumbnail","hentry","category-en-train"],"_links":{"self":[{"href":"https:\/\/usagers-transports.haut-allier.eu\/index.php\/wp-json\/wp\/v2\/posts\/1271","targetHints":{"allow":["GET"]}}],"collection":[{"href":"https:\/\/usagers-transports.haut-allier.eu\/index.php\/wp-json\/wp\/v2\/posts"}],"about":[{"href":"https:\/\/usagers-transports.haut-allier.eu\/index.php\/wp-json\/wp\/v2\/types\/post"}],"author":[{"embeddable":true,"href":"https:\/\/usagers-transports.haut-allier.eu\/index.php\/wp-json\/wp\/v2\/users\/2"}],"replies":[{"embeddable":true,"href":"https:\/\/usagers-transports.haut-allier.eu\/index.php\/wp-json\/wp\/v2\/comments?post=1271"}],"version-history":[{"count":1,"href":"https:\/\/usagers-transports.haut-allier.eu\/index.php\/wp-json\/wp\/v2\/posts\/1271\/revisions"}],"predecessor-version":[{"id":5811,"href":"https:\/\/usagers-transports.haut-allier.eu\/index.php\/wp-json\/wp\/v2\/posts\/1271\/revisions\/5811"}],"wp:featuredmedia":[{"embeddable":true,"href":"https:\/\/usagers-transports.haut-allier.eu\/index.php\/wp-json\/wp\/v2\/media\/5809"}],"wp:attachment":[{"href":"https:\/\/usagers-transports.haut-allier.eu\/index.php\/wp-json\/wp\/v2\/media?parent=1271"}],"wp:term":[{"taxonomy":"category","embeddable":true,"href":"https:\/\/usagers-transports.haut-allier.eu\/index.php\/wp-json\/wp\/v2\/categories?post=1271"},{"taxonomy":"post_tag","embeddable":true,"href":"https:\/\/usagers-transports.haut-allier.eu\/index.php\/wp-json\/wp\/v2\/tags?post=1271"}],"curies":[{"name":"wp","href":"https:\/\/api.w.org\/{rel}","templated":true}]}}