{"id":1272,"date":"2026-04-30T17:07:03","date_gmt":"2026-04-30T15:07:03","guid":{"rendered":"http:\/\/5.45.101.177\/haut-allier\/usagers-transportse\/index.php\/2026\/04\/30\/nouvelle-etape-pour-la-reouverture1272\/"},"modified":"2026-09-01T16:12:15","modified_gmt":"2026-09-01T14:12:15","slug":"nouvelle-etape-pour-la-reouverture1272","status":"publish","type":"post","link":"https:\/\/usagers-transports.haut-allier.eu\/index.php\/2026\/04\/30\/nouvelle-etape-pour-la-reouverture1272\/","title":{"rendered":"Nouvelle \u00e9tape pour la r\u00e9ouverture de la ligne Al\u00e8s-Bess\u00e8ges"},"content":{"rendered":"Le pr\u00e9fet du Gard a initi\u00e9 une consultation publique d&rsquo;une dur\u00e9e de trois mois (du 4 mai au 5 ao\u00fbt) concernant la premi\u00e8re phase du projet de r\u00e9ouverture ferroviaire entre Al\u00e8s et Bess\u00e8ges. Cette d\u00e9marche administrative vise \u00e0 recueillir l&rsquo;avis des habitants avant toute d\u00e9cision de travaux.\n\n[blanc][fond rouge]<strong>D\u00e9tails de la consultation<\/strong>[\/fond rouge][\/blanc]\n\nZone concern\u00e9e : Le tron\u00e7on Al\u00e8s-Saint-Ambroix, couvrant les communes d&rsquo;Al\u00e8s, Les Mages, Rousson, Saint-Ambroix, Saint-Julien-de-Cassagnas, Saint-Privat-des-Vieux et Salindres.\n\nObjectif : Obtenir une autorisation environnementale pour cette premi\u00e8re \u00e9tape, pilot\u00e9e par la R\u00e9gion Occitanie.\n\nModalit\u00e9s : Le dossier est consultable en ligne et \u00e0 la mairie de Salindres. Les citoyens peuvent y d\u00e9poser leurs observations.\n\nR\u00e9unions publiques :\nOuverture : Lundi 18 mai \u00e0 18 h (salle polyvalente de Salindres).\nCl\u00f4ture : 4 ao\u00fbt \u00e0 18 h (salle Le Tremplin \u00e0 Saint-Ambroix).\n\nR\u00e9sultat : Le rapport final du commissaire enqu\u00eateur sera publi\u00e9 trois semaines apr\u00e8s la fin de la consultation.\n\n[fond rouge][blanc]<strong>Contexte et enjeux<\/strong>[\/blanc][\/fond rouge]\n\nSuspendue en 2012, cette ligne fait l&rsquo;objet de retards r\u00e9p\u00e9t\u00e9s. Bien que le projet reprenne du service, le Collectif de d\u00e9fense exprime une inqui\u00e9tude face au nouveau calendrier, qui pr\u00e9voit une mise en service compl\u00e8te seulement en 2030.\n\nPour ses partisans <a href=\"https:\/\/usagers-transports.haut-allier.eu\/?pour-la-ligne-ales-besseges,1270.html\">r\u00e9unis le 25 avril<\/a> dernier \u00e0 Moli\u00e8res-sur-C\u00e8ze, cette r\u00e9ouverture est un levier majeur de mobilit\u00e9 dans un territoire souvent d\u00e9pendant de la voiture. Elle promet de r\u00e9duire les temps de trajet et d&rsquo;offrir une alternative \u00e9cologique, faisant de cette consultation une \u00e9tape d\u00e9cisive pour concr\u00e9tiser enfin le projet.\n\n<em>[En logo la gare de Saint-Ambroix]<\/em>\n<p>&nbsp;<\/p>\n\n\t<figure class=\"wp-block-gallery columns-1 is-cropped wp-block-gallery-1 is-layout-flex wp-block-gallery-is-layout-flex\">\n\t\t<ul class=\"blocks-gallery-grid\">\n\t\t\t<li class=\"blocks-gallery-item\">\n\t\t\t\t<figure>\n\t\t\t\t\t\t\t\t\t\t\t<img loading=\"lazy\" decoding=\"async\" width=\"738\" height=\"538\" src=\"http:\/\/5.45.101.177\/haut-allier\/usagers-transportse\/wp-content\/uploads\/2026\/04\/gareambroix.jpg\"\n\t\t\t\t\t\t alt=\"gareambroix.jpg\"\n\t\t\t\t\t\t data-id=\"5812\"\n\t\t\t\t\t\t data-full-url=\"http:\/\/5.45.101.177\/haut-allier\/usagers-transportse\/wp-content\/uploads\/2026\/04\/gareambroix.jpg\"\n\t\t\t\t\t\t data-link=\"http:\/\/5.45.101.177\/haut-allier\/usagers-transportse\/attachment-gareambroix-jpg\/\"\n\t\t\t\t\t\t class=\"wp-image-5812\" srcset=\"https:\/\/usagers-transports.haut-allier.eu\/wp-content\/uploads\/2026\/04\/gareambroix.jpg 738w, https:\/\/usagers-transports.haut-allier.eu\/wp-content\/uploads\/2026\/04\/gareambroix-300x219.jpg 300w\" sizes=\"auto, (max-width: 738px) 100vw, 738px\" \/>\n\t\t\t\t<\/figure>\n\t\t\t<\/li>\n\t\t<\/ul>\n\t<\/figure>\n","protected":false},"excerpt":{"rendered":"<p>Le pr\u00e9fet du Gard a initi\u00e9 une consultation publique d&rsquo;une dur\u00e9e de trois mois (du 4 mai au<\/p>\n","protected":false},"author":2,"featured_media":5812,"comment_status":"open","ping_status":"open","sticky":false,"template":"","format":"standard","meta":{"footnotes":""},"categories":[3],"tags":[],"class_list":["post-1272","post","type-post","status-publish","format-standard","has-post-thumbnail","hentry","category-en-train"],"_links":{"self":[{"href":"https:\/\/usagers-transports.haut-allier.eu\/index.php\/wp-json\/wp\/v2\/posts\/1272","targetHints":{"allow":["GET"]}}],"collection":[{"href":"https:\/\/usagers-transports.haut-allier.eu\/index.php\/wp-json\/wp\/v2\/posts"}],"about":[{"href":"https:\/\/usagers-transports.haut-allier.eu\/index.php\/wp-json\/wp\/v2\/types\/post"}],"author":[{"embeddable":true,"href":"https:\/\/usagers-transports.haut-allier.eu\/index.php\/wp-json\/wp\/v2\/users\/2"}],"replies":[{"embeddable":true,"href":"https:\/\/usagers-transports.haut-allier.eu\/index.php\/wp-json\/wp\/v2\/comments?post=1272"}],"version-history":[{"count":1,"href":"https:\/\/usagers-transports.haut-allier.eu\/index.php\/wp-json\/wp\/v2\/posts\/1272\/revisions"}],"predecessor-version":[{"id":5813,"href":"https:\/\/usagers-transports.haut-allier.eu\/index.php\/wp-json\/wp\/v2\/posts\/1272\/revisions\/5813"}],"wp:featuredmedia":[{"embeddable":true,"href":"https:\/\/usagers-transports.haut-allier.eu\/index.php\/wp-json\/wp\/v2\/media\/5812"}],"wp:attachment":[{"href":"https:\/\/usagers-transports.haut-allier.eu\/index.php\/wp-json\/wp\/v2\/media?parent=1272"}],"wp:term":[{"taxonomy":"category","embeddable":true,"href":"https:\/\/usagers-transports.haut-allier.eu\/index.php\/wp-json\/wp\/v2\/categories?post=1272"},{"taxonomy":"post_tag","embeddable":true,"href":"https:\/\/usagers-transports.haut-allier.eu\/index.php\/wp-json\/wp\/v2\/tags?post=1272"}],"curies":[{"name":"wp","href":"https:\/\/api.w.org\/{rel}","templated":true}]}}