{"id":1274,"date":"2026-05-01T22:34:08","date_gmt":"2026-05-01T20:34:08","guid":{"rendered":"http:\/\/5.45.101.177\/haut-allier\/usagers-transportse\/index.php\/2026\/05\/01\/ligne-des-cevennes-en-images-la1274\/"},"modified":"2026-09-01T16:12:20","modified_gmt":"2026-09-01T14:12:20","slug":"ligne-des-cevennes-en-images-la1274","status":"publish","type":"post","link":"https:\/\/usagers-transports.haut-allier.eu\/index.php\/2026\/05\/01\/ligne-des-cevennes-en-images-la1274\/","title":{"rendered":"Ligne des C\u00e9vennes : en images la reprise des circulations"},"content":{"rendered":"&#8230;apr\u00e8s deux mois de coupure pour travaux, importants en Occitanie et de l&rsquo;ordre de quelques p\u00e9tassages en Auvergne Rh\u00f4ne Alpes.\n\nL&rsquo;arriv\u00e9e du TER AuRA 873994 gare de N\u00eemes Centre le 1er mai pour l&#8217;embarquement \u00e0 16h59.\n\n<a href=\"http:\/\/5.45.101.177\/haut-allier\/usagers-transportse\/wp-content\/uploads\/2026\/05\/youcut_20260501_172113010.mp4\">youcut_20260501_172113010.mp4<\/a>\n\nL&rsquo;arriv\u00e9e en gare d&rsquo;Al\u00e8s \n\n<a href=\"http:\/\/5.45.101.177\/haut-allier\/usagers-transportse\/wp-content\/uploads\/2026\/05\/youcut_20260501_173711755.mp4\">youcut_20260501_173711755.mp4<\/a>\n\nEn gare de la Grand combe La Pise\n\n<a href=\"http:\/\/5.45.101.177\/haut-allier\/usagers-transportse\/wp-content\/uploads\/2026\/05\/youcut_20260501_180819549.mp4\">youcut_20260501_180819549.mp4<\/a>\n\nSur le viaduc de Chamborigaud \n\n<a href=\"http:\/\/5.45.101.177\/haut-allier\/usagers-transportse\/wp-content\/uploads\/2026\/05\/youcut_20260501_184107377.mp4\">youcut_20260501_184107377.mp4<\/a>\n\nVillefort la gare\n\n<a href=\"http:\/\/5.45.101.177\/haut-allier\/usagers-transportse\/wp-content\/uploads\/2026\/05\/youcut_20260501_190040998.mp4\">youcut_20260501_190040998.mp4<\/a>\n\nBarrage du Rachas\n\n<a href=\"http:\/\/5.45.101.177\/haut-allier\/usagers-transportse\/wp-content\/uploads\/2026\/05\/vid_20260501_190858.mp4\">vid_20260501_190858.mp4<\/a>\n\nLa Bastide Saint Laurent les Bains \n\n<img loading=\"lazy\" decoding=\"async\" class=\" aligncenter size-full wp-image-5820\" src=\"http:\/\/5.45.101.177\/haut-allier\/usagers-transportse\/wp-content\/uploads\/2026\/05\/img_20260501_191908-scaled.jpg\" alt=\"img_20260501_191908.jpg\" align=\"center\" width=\"2560\" height=\"1440\" srcset=\"https:\/\/usagers-transports.haut-allier.eu\/wp-content\/uploads\/2026\/05\/img_20260501_191908-scaled.jpg 2560w, https:\/\/usagers-transports.haut-allier.eu\/wp-content\/uploads\/2026\/05\/img_20260501_191908-300x169.jpg 300w, https:\/\/usagers-transports.haut-allier.eu\/wp-content\/uploads\/2026\/05\/img_20260501_191908-1024x576.jpg 1024w, https:\/\/usagers-transports.haut-allier.eu\/wp-content\/uploads\/2026\/05\/img_20260501_191908-768x432.jpg 768w, https:\/\/usagers-transports.haut-allier.eu\/wp-content\/uploads\/2026\/05\/img_20260501_191908-1536x864.jpg 1536w, https:\/\/usagers-transports.haut-allier.eu\/wp-content\/uploads\/2026\/05\/img_20260501_191908-2048x1152.jpg 2048w\" sizes=\"auto, (max-width: 2560px) 100vw, 2560px\" \/>\n\nLuc Loz\u00e8re \n\n<doc 4294|center>\n\nCroisement avec le train C\u00e9venol descendant \u00e0 Langogne\n\n<img loading=\"lazy\" decoding=\"async\" class=\" aligncenter size-full wp-image-5821\" src=\"http:\/\/5.45.101.177\/haut-allier\/usagers-transportse\/wp-content\/uploads\/2026\/05\/img_20260501_194011-scaled.jpg\" alt=\"img_20260501_194011.jpg\" align=\"center\" width=\"2560\" height=\"1440\" srcset=\"https:\/\/usagers-transports.haut-allier.eu\/wp-content\/uploads\/2026\/05\/img_20260501_194011-scaled.jpg 2560w, https:\/\/usagers-transports.haut-allier.eu\/wp-content\/uploads\/2026\/05\/img_20260501_194011-300x169.jpg 300w, https:\/\/usagers-transports.haut-allier.eu\/wp-content\/uploads\/2026\/05\/img_20260501_194011-1024x576.jpg 1024w, https:\/\/usagers-transports.haut-allier.eu\/wp-content\/uploads\/2026\/05\/img_20260501_194011-768x432.jpg 768w, https:\/\/usagers-transports.haut-allier.eu\/wp-content\/uploads\/2026\/05\/img_20260501_194011-1536x864.jpg 1536w, https:\/\/usagers-transports.haut-allier.eu\/wp-content\/uploads\/2026\/05\/img_20260501_194011-2048x1152.jpg 2048w\" sizes=\"auto, (max-width: 2560px) 100vw, 2560px\" \/>\n\nNous voil\u00e0 dans les gorges sauvages de l&rsquo;Allier\n\n<a href=\"http:\/\/5.45.101.177\/haut-allier\/usagers-transportse\/wp-content\/uploads\/2026\/05\/vid_20260501_195747.mp4\">vid_20260501_195747.mp4<\/a>\n\nA Chapeauroux \n\n<a href=\"http:\/\/5.45.101.177\/haut-allier\/usagers-transportse\/wp-content\/uploads\/2026\/05\/vid_20260501_200905.mp4\">vid_20260501_200905.mp4<\/a>\n\nAu loin Vabres (Alleyras)\n\n<a href=\"http:\/\/5.45.101.177\/haut-allier\/usagers-transportse\/wp-content\/uploads\/2026\/05\/vid_20260501_202517.mp4\">vid_20260501_202517.mp4<\/a>\n\nArriv\u00e9e \u00e0 Alleyras. On quitte le TER\n\n<a href=\"http:\/\/5.45.101.177\/haut-allier\/usagers-transportse\/wp-content\/uploads\/2026\/05\/vid_20260501_202933.mp4\">vid_20260501_202933.mp4<\/a>\n\n\n<p>&nbsp;<\/p>\n\n\t<figure class=\"wp-block-gallery columns-1 is-cropped wp-block-gallery-1 is-layout-flex wp-block-gallery-is-layout-flex\">\n\t\t<ul class=\"blocks-gallery-grid\">\n\t\t\t<li class=\"blocks-gallery-item\">\n\t\t\t\t<figure>\n\t\t\t\t\t\t\t\t\t\t\t<img loading=\"lazy\" decoding=\"async\" width=\"879\" height=\"732\" src=\"http:\/\/5.45.101.177\/haut-allier\/usagers-transportse\/wp-content\/uploads\/2026\/05\/1000007774.jpg\"\n\t\t\t\t\t\t alt=\"1000007774.jpg\"\n\t\t\t\t\t\t data-id=\"5826\"\n\t\t\t\t\t\t data-full-url=\"http:\/\/5.45.101.177\/haut-allier\/usagers-transportse\/wp-content\/uploads\/2026\/05\/1000007774.jpg\"\n\t\t\t\t\t\t data-link=\"http:\/\/5.45.101.177\/haut-allier\/usagers-transportse\/attachment-1000007774-jpg\/\"\n\t\t\t\t\t\t class=\"wp-image-5826\" srcset=\"https:\/\/usagers-transports.haut-allier.eu\/wp-content\/uploads\/2026\/05\/1000007774.jpg 879w, https:\/\/usagers-transports.haut-allier.eu\/wp-content\/uploads\/2026\/05\/1000007774-300x250.jpg 300w, https:\/\/usagers-transports.haut-allier.eu\/wp-content\/uploads\/2026\/05\/1000007774-768x640.jpg 768w\" sizes=\"auto, (max-width: 879px) 100vw, 879px\" \/>\n\t\t\t\t<\/figure>\n\t\t\t<\/li>\n\t\t<\/ul>\n\t<\/figure>\n","protected":false},"excerpt":{"rendered":"<p>&#8230;apr\u00e8s deux mois de coupure pour travaux, importants en Occitanie et de l&rsquo;ordre de quelques p\u00e9tassages en Auvergne<\/p>\n","protected":false},"author":2,"featured_media":5826,"comment_status":"open","ping_status":"open","sticky":false,"template":"","format":"standard","meta":{"footnotes":""},"categories":[3],"tags":[],"class_list":["post-1274","post","type-post","status-publish","format-standard","has-post-thumbnail","hentry","category-en-train"],"_links":{"self":[{"href":"https:\/\/usagers-transports.haut-allier.eu\/index.php\/wp-json\/wp\/v2\/posts\/1274","targetHints":{"allow":["GET"]}}],"collection":[{"href":"https:\/\/usagers-transports.haut-allier.eu\/index.php\/wp-json\/wp\/v2\/posts"}],"about":[{"href":"https:\/\/usagers-transports.haut-allier.eu\/index.php\/wp-json\/wp\/v2\/types\/post"}],"author":[{"embeddable":true,"href":"https:\/\/usagers-transports.haut-allier.eu\/index.php\/wp-json\/wp\/v2\/users\/2"}],"replies":[{"embeddable":true,"href":"https:\/\/usagers-transports.haut-allier.eu\/index.php\/wp-json\/wp\/v2\/comments?post=1274"}],"version-history":[{"count":1,"href":"https:\/\/usagers-transports.haut-allier.eu\/index.php\/wp-json\/wp\/v2\/posts\/1274\/revisions"}],"predecessor-version":[{"id":5827,"href":"https:\/\/usagers-transports.haut-allier.eu\/index.php\/wp-json\/wp\/v2\/posts\/1274\/revisions\/5827"}],"wp:featuredmedia":[{"embeddable":true,"href":"https:\/\/usagers-transports.haut-allier.eu\/index.php\/wp-json\/wp\/v2\/media\/5826"}],"wp:attachment":[{"href":"https:\/\/usagers-transports.haut-allier.eu\/index.php\/wp-json\/wp\/v2\/media?parent=1274"}],"wp:term":[{"taxonomy":"category","embeddable":true,"href":"https:\/\/usagers-transports.haut-allier.eu\/index.php\/wp-json\/wp\/v2\/categories?post=1274"},{"taxonomy":"post_tag","embeddable":true,"href":"https:\/\/usagers-transports.haut-allier.eu\/index.php\/wp-json\/wp\/v2\/tags?post=1274"}],"curies":[{"name":"wp","href":"https:\/\/api.w.org\/{rel}","templated":true}]}}