{"id":1275,"date":"2026-05-13T09:34:08","date_gmt":"2026-05-13T07:34:08","guid":{"rendered":"http:\/\/5.45.101.177\/haut-allier\/usagers-transportse\/index.php\/2026\/05\/13\/ligne-des-causses-assemblee1275\/"},"modified":"2026-09-01T16:12:20","modified_gmt":"2026-09-01T14:12:20","slug":"ligne-des-causses-assemblee1275","status":"publish","type":"post","link":"https:\/\/usagers-transports.haut-allier.eu\/index.php\/2026\/05\/13\/ligne-des-causses-assemblee1275\/","title":{"rendered":"Ligne des Causses : Assembl\u00e9e g\u00e9n\u00e9rale du Comit\u00e9 pluraliste le 23 mai \u00e0 Saint-Rome de Cernon"},"content":{"rendered":"Communiqu\u00e9 du Comit\u00e9 pluraliste de r\u00e9habilitation, de d\u00e9fense et de promotion de la ligne SNCF B\u00e9ziers Millau Neussargues Clermont-Ferrand Paris :\n\n\u00c0 la suite de la temp\u00eate Nils qui a provoqu\u00e9 l\u2019interruption des circulations ferroviaires pour travaux, nous avons d\u00fb annuler notre Assembl\u00e9e G\u00e9n\u00e9rale initialement pr\u00e9vue le 21 f\u00e9vrier 2026. Aussi, nous vous proposons cette nouvelle date pour notre assembl\u00e9e annuelle :\n\n<strong>SAMEDI 23 MAI 2026 DE 9H 30 \u00e0 11H30 \u00e0 ST ROME-DE-CERNON, SALLE DES FETES<\/strong>\n\nNous pr\u00e9senterons les bilans d\u2019activit\u00e9 et financier et nous ferons le point sur la situation actuelle de notre ligne B\u00e9ziers \u2013 Neussargues &#8211; Clermont-Ferrand \u2013 Paris ainsi que de nos objectifs et initiatives \u00e0 venir.\n\nD\u00e9roulement de la matin\u00e9e : \n8h30 Accueil-caf\u00e9. Remise des cartes 2026. \n9h30 d\u00e9but des travaux. \nUn ap\u00e9ro cl\u00f4turera notre AG. \nLe repas sera tir\u00e9 du sac.\n\nD\u00e9placement : \nPour se rendre \u00e0 St Rome, covoiturage possible, contacter pour le Cantal Michel Leron 06 89 44 98 06, pour la Loz\u00e8re Maurice Ambec 06 70 59 50 85 et pour l\u2019Aveyron Yves B\u00e9ral 06 10 38 77 48 ou Fred Laur 06 85 33 66 29.\nPour l\u2019H\u00e9rault train \u00e0 1 \u20ac, D\u00e9part B\u00e9ziers 6h37, Magalas 6h51, B\u00e9darieux 7h13, Le Bousquet d\u2019Orb 7h24, Lunas 7h28, Les Cabrils 7h36, Ceilhes 7h42, Montpaon 7h50, Tournemire 8h08, Arriv\u00e9e St Rome de Cernon 8h15. \nRetour d\u00e9part St Rome-de-Cernon 13h47, arriv\u00e9e B\u00e9ziers 15h22 \n\n\n<p>&nbsp;<\/p>\n\n\t<figure class=\"wp-block-gallery columns-1 is-cropped wp-block-gallery-1 is-layout-flex wp-block-gallery-is-layout-flex\">\n\t\t<ul class=\"blocks-gallery-grid\">\n\t\t\t<li class=\"blocks-gallery-item\">\n\t\t\t\t<figure>\n\t\t\t\t\t\t\t\t\t\t\t<img loading=\"lazy\" decoding=\"async\" width=\"687\" height=\"391\" src=\"http:\/\/5.45.101.177\/haut-allier\/usagers-transportse\/wp-content\/uploads\/2026\/05\/complur.jpg\"\n\t\t\t\t\t\t alt=\"complur.jpg\"\n\t\t\t\t\t\t data-id=\"5828\"\n\t\t\t\t\t\t data-full-url=\"http:\/\/5.45.101.177\/haut-allier\/usagers-transportse\/wp-content\/uploads\/2026\/05\/complur.jpg\"\n\t\t\t\t\t\t data-link=\"http:\/\/5.45.101.177\/haut-allier\/usagers-transportse\/attachment-complur-jpg\/\"\n\t\t\t\t\t\t class=\"wp-image-5828\" srcset=\"https:\/\/usagers-transports.haut-allier.eu\/wp-content\/uploads\/2026\/05\/complur.jpg 687w, https:\/\/usagers-transports.haut-allier.eu\/wp-content\/uploads\/2026\/05\/complur-300x171.jpg 300w\" sizes=\"auto, (max-width: 687px) 100vw, 687px\" \/>\n\t\t\t\t<\/figure>\n\t\t\t<\/li>\n\t\t<\/ul>\n\t<\/figure>\n","protected":false},"excerpt":{"rendered":"<p>Communiqu\u00e9 du Comit\u00e9 pluraliste de r\u00e9habilitation, de d\u00e9fense et de promotion de la ligne SNCF B\u00e9ziers Millau Neussargues<\/p>\n","protected":false},"author":2,"featured_media":5828,"comment_status":"open","ping_status":"open","sticky":false,"template":"","format":"standard","meta":{"footnotes":""},"categories":[2],"tags":[],"class_list":["post-1275","post","type-post","status-publish","format-standard","has-post-thumbnail","hentry","category-infos"],"_links":{"self":[{"href":"https:\/\/usagers-transports.haut-allier.eu\/index.php\/wp-json\/wp\/v2\/posts\/1275","targetHints":{"allow":["GET"]}}],"collection":[{"href":"https:\/\/usagers-transports.haut-allier.eu\/index.php\/wp-json\/wp\/v2\/posts"}],"about":[{"href":"https:\/\/usagers-transports.haut-allier.eu\/index.php\/wp-json\/wp\/v2\/types\/post"}],"author":[{"embeddable":true,"href":"https:\/\/usagers-transports.haut-allier.eu\/index.php\/wp-json\/wp\/v2\/users\/2"}],"replies":[{"embeddable":true,"href":"https:\/\/usagers-transports.haut-allier.eu\/index.php\/wp-json\/wp\/v2\/comments?post=1275"}],"version-history":[{"count":1,"href":"https:\/\/usagers-transports.haut-allier.eu\/index.php\/wp-json\/wp\/v2\/posts\/1275\/revisions"}],"predecessor-version":[{"id":5829,"href":"https:\/\/usagers-transports.haut-allier.eu\/index.php\/wp-json\/wp\/v2\/posts\/1275\/revisions\/5829"}],"wp:featuredmedia":[{"embeddable":true,"href":"https:\/\/usagers-transports.haut-allier.eu\/index.php\/wp-json\/wp\/v2\/media\/5828"}],"wp:attachment":[{"href":"https:\/\/usagers-transports.haut-allier.eu\/index.php\/wp-json\/wp\/v2\/media?parent=1275"}],"wp:term":[{"taxonomy":"category","embeddable":true,"href":"https:\/\/usagers-transports.haut-allier.eu\/index.php\/wp-json\/wp\/v2\/categories?post=1275"},{"taxonomy":"post_tag","embeddable":true,"href":"https:\/\/usagers-transports.haut-allier.eu\/index.php\/wp-json\/wp\/v2\/tags?post=1275"}],"curies":[{"name":"wp","href":"https:\/\/api.w.org\/{rel}","templated":true}]}}