{"id":1276,"date":"2026-05-15T10:14:25","date_gmt":"2026-05-15T08:14:25","guid":{"rendered":"http:\/\/5.45.101.177\/haut-allier\/usagers-transportse\/index.php\/2026\/05\/15\/l-auvergne-ce-cul-de-sac1276\/"},"modified":"2026-09-01T16:12:22","modified_gmt":"2026-09-01T14:12:22","slug":"l-auvergne-ce-cul-de-sac1276","status":"publish","type":"post","link":"https:\/\/usagers-transports.haut-allier.eu\/index.php\/2026\/05\/15\/l-auvergne-ce-cul-de-sac1276\/","title":{"rendered":"L&rsquo;Auvergne, ce cul de sac ferroviaire"},"content":{"rendered":"Si l&rsquo;on vient en train depuis le nord, Paris ou au del\u00e0, l&rsquo;acc\u00e8s en train est facile, cadenc\u00e9, avec une plage horaire correcte, depuis tr\u00e8s t\u00f4t le matin jusqu\u00e0 tard le soir. On peut ainsi atteindre Vichy, Clermont Ferrand facilement, voire Issoire ou Brioude. Par contre si par malheur sa destination est hors de cet axe, c&rsquo;est une autre affaire. \n\nQue ce soit au nord ouest vers Montlu\u00e7on, \u00e0 l&rsquo;ouest vers Volvic, \u00e0 l&rsquo;est vers Paray le Monial, vers Lezoux &#8211; Thiers, au sud est vers Le Puy en Velay, au sud vers Langogne et N\u00eemes, ou vers Millau B\u00e9ziers, au sud ouest vers Aurillac et Toulouse, partout, dans toutes ces directions, l&rsquo;offre est squeletique, ind\u00e9cente, non adapt\u00e9e, en nombre de trains et en \u00e9tendue horaire du service. \n\nC&rsquo;est \u00e7a le cul de sac ferroviaire auvergnat. Une fois arriv\u00e9 le voyageur est coinc\u00e9. Oblig\u00e9 de prendre un h\u00f4tel \u00e0 Vichy, Clermont, Issoire ou Brioude pour attendre le lendemain et prendre les quelques rares trains pour poursuivre, souvent \u00e0 vitesse de mulet vu l&rsquo;\u00e9tat des voies. Si encore le train de nuit Paris &#8211; Clermont &#8211; Al\u00e8s N\u00eemes \/ Millau B\u00e9ziers \/ Aurillac existait encore on pourrait poursuivre sur ces directions et arriver \u00e0 bon port. Ce n&rsquo;est plus le cas depuis 2003.\n\nLa publication hier de la <a href=\"https:\/\/aurail.eu\/?p=1033\"><em>carte de l&rsquo;\u00e9tat des dessertes ferroviaires en Auvergne<\/em><\/a> par le collectif AuRAil est \u00e9clairante et fait parfaitement ressortir le scandale du service propos\u00e9 aux habitants du massif central par l&rsquo;Etat et la r\u00e9gion Auvergne Rh\u00f4ne Alpes.\n\nVoici cette carte (cliquer pour agrandir) :\n\n<img loading=\"lazy\" decoding=\"async\" class=\" aligncenter size-full wp-image-5830\" src=\"http:\/\/5.45.101.177\/haut-allier\/usagers-transportse\/wp-content\/uploads\/2026\/05\/etat-service-ferroviaire-auvergne-mai2026aurail-vff-scaled.jpg\" alt=\"etat-service-ferroviaire-auvergne-mai2026aurail-vff.jpg\" align=\"center\" width=\"1811\" height=\"2560\" srcset=\"https:\/\/usagers-transports.haut-allier.eu\/wp-content\/uploads\/2026\/05\/etat-service-ferroviaire-auvergne-mai2026aurail-vff-scaled.jpg 1811w, https:\/\/usagers-transports.haut-allier.eu\/wp-content\/uploads\/2026\/05\/etat-service-ferroviaire-auvergne-mai2026aurail-vff-212x300.jpg 212w, https:\/\/usagers-transports.haut-allier.eu\/wp-content\/uploads\/2026\/05\/etat-service-ferroviaire-auvergne-mai2026aurail-vff-724x1024.jpg 724w, https:\/\/usagers-transports.haut-allier.eu\/wp-content\/uploads\/2026\/05\/etat-service-ferroviaire-auvergne-mai2026aurail-vff-768x1086.jpg 768w, https:\/\/usagers-transports.haut-allier.eu\/wp-content\/uploads\/2026\/05\/etat-service-ferroviaire-auvergne-mai2026aurail-vff-1086x1536.jpg 1086w, https:\/\/usagers-transports.haut-allier.eu\/wp-content\/uploads\/2026\/05\/etat-service-ferroviaire-auvergne-mai2026aurail-vff-1448x2048.jpg 1448w\" sizes=\"auto, (max-width: 1811px) 100vw, 1811px\" \/>\n\nDe quoi illustrer parfaitement la manifestation des Sans trains en Col\u00e8re du 30 mai \u00e0 Clermont devant la gare \u00e0 14h00, dont le slogan est : <em>\u00ab\u00a0Plus de trains pour le Massif central\u00a0\u00bb et \u00ab\u00a0Stoppons le cul de sac ferroviaire de Clermont Fd\u00a0\u00bb<\/em>.\n\n       <p>&nbsp;<\/p>\n\n\t<figure class=\"wp-block-gallery columns-1 is-cropped wp-block-gallery-1 is-layout-flex wp-block-gallery-is-layout-flex\">\n\t\t<ul class=\"blocks-gallery-grid\">\n\t\t\t<li class=\"blocks-gallery-item\">\n\t\t\t\t<figure>\n\t\t\t\t\t\t\t\t\t\t\t<img loading=\"lazy\" decoding=\"async\" width=\"1243\" height=\"1014\" src=\"http:\/\/5.45.101.177\/haut-allier\/usagers-transportse\/wp-content\/uploads\/2026\/05\/etat-service-ferroviaire-auvergne-mai2026aurail-vf-2000-logo.jpg\"\n\t\t\t\t\t\t alt=\"etat-service-ferroviaire-auvergne-mai2026aurail-vf-2000-logo.jpg\"\n\t\t\t\t\t\t data-id=\"5831\"\n\t\t\t\t\t\t data-full-url=\"http:\/\/5.45.101.177\/haut-allier\/usagers-transportse\/wp-content\/uploads\/2026\/05\/etat-service-ferroviaire-auvergne-mai2026aurail-vf-2000-logo.jpg\"\n\t\t\t\t\t\t data-link=\"http:\/\/5.45.101.177\/haut-allier\/usagers-transportse\/attachment-etat-service-ferroviaire-auvergne-mai2026aurail-vf-2000-logo-jpg\/\"\n\t\t\t\t\t\t class=\"wp-image-5831\" srcset=\"https:\/\/usagers-transports.haut-allier.eu\/wp-content\/uploads\/2026\/05\/etat-service-ferroviaire-auvergne-mai2026aurail-vf-2000-logo.jpg 1243w, https:\/\/usagers-transports.haut-allier.eu\/wp-content\/uploads\/2026\/05\/etat-service-ferroviaire-auvergne-mai2026aurail-vf-2000-logo-300x245.jpg 300w, https:\/\/usagers-transports.haut-allier.eu\/wp-content\/uploads\/2026\/05\/etat-service-ferroviaire-auvergne-mai2026aurail-vf-2000-logo-1024x835.jpg 1024w, https:\/\/usagers-transports.haut-allier.eu\/wp-content\/uploads\/2026\/05\/etat-service-ferroviaire-auvergne-mai2026aurail-vf-2000-logo-768x627.jpg 768w\" sizes=\"auto, (max-width: 1243px) 100vw, 1243px\" \/>\n\t\t\t\t<\/figure>\n\t\t\t<\/li>\n\t\t<\/ul>\n\t<\/figure>\n","protected":false},"excerpt":{"rendered":"<p>Si l&rsquo;on vient en train depuis le nord, Paris ou au del\u00e0, l&rsquo;acc\u00e8s en train est facile, cadenc\u00e9,<\/p>\n","protected":false},"author":2,"featured_media":5830,"comment_status":"open","ping_status":"open","sticky":false,"template":"","format":"standard","meta":{"footnotes":""},"categories":[8],"tags":[],"class_list":["post-1276","post","type-post","status-publish","format-standard","has-post-thumbnail","hentry","category-communiques"],"_links":{"self":[{"href":"https:\/\/usagers-transports.haut-allier.eu\/index.php\/wp-json\/wp\/v2\/posts\/1276","targetHints":{"allow":["GET"]}}],"collection":[{"href":"https:\/\/usagers-transports.haut-allier.eu\/index.php\/wp-json\/wp\/v2\/posts"}],"about":[{"href":"https:\/\/usagers-transports.haut-allier.eu\/index.php\/wp-json\/wp\/v2\/types\/post"}],"author":[{"embeddable":true,"href":"https:\/\/usagers-transports.haut-allier.eu\/index.php\/wp-json\/wp\/v2\/users\/2"}],"replies":[{"embeddable":true,"href":"https:\/\/usagers-transports.haut-allier.eu\/index.php\/wp-json\/wp\/v2\/comments?post=1276"}],"version-history":[{"count":1,"href":"https:\/\/usagers-transports.haut-allier.eu\/index.php\/wp-json\/wp\/v2\/posts\/1276\/revisions"}],"predecessor-version":[{"id":5832,"href":"https:\/\/usagers-transports.haut-allier.eu\/index.php\/wp-json\/wp\/v2\/posts\/1276\/revisions\/5832"}],"wp:featuredmedia":[{"embeddable":true,"href":"https:\/\/usagers-transports.haut-allier.eu\/index.php\/wp-json\/wp\/v2\/media\/5830"}],"wp:attachment":[{"href":"https:\/\/usagers-transports.haut-allier.eu\/index.php\/wp-json\/wp\/v2\/media?parent=1276"}],"wp:term":[{"taxonomy":"category","embeddable":true,"href":"https:\/\/usagers-transports.haut-allier.eu\/index.php\/wp-json\/wp\/v2\/categories?post=1276"},{"taxonomy":"post_tag","embeddable":true,"href":"https:\/\/usagers-transports.haut-allier.eu\/index.php\/wp-json\/wp\/v2\/tags?post=1276"}],"curies":[{"name":"wp","href":"https:\/\/api.w.org\/{rel}","templated":true}]}}