{"id":1277,"date":"2026-05-15T20:21:22","date_gmt":"2026-05-15T18:21:22","guid":{"rendered":"http:\/\/5.45.101.177\/haut-allier\/usagers-transportse\/index.php\/2026\/05\/15\/ligne-des-causses-plus-de-trains1277\/"},"modified":"2026-09-01T16:12:23","modified_gmt":"2026-09-01T14:12:23","slug":"ligne-des-causses-plus-de-trains1277","status":"publish","type":"post","link":"https:\/\/usagers-transports.haut-allier.eu\/index.php\/2026\/05\/15\/ligne-des-causses-plus-de-trains1277\/","title":{"rendered":"Ligne des Causses : plus de trains du 1er juin au 3 juillet 2026"},"content":{"rendered":"En guise de cadeau pour c\u00e9l\u00e9brer comme il se doit cette fin de printemps, SNCF R\u00e9seau ferme la ligne B\u00e9ziers Neussargues du 1er juin au 3 juillet pour travaux.\n\nExtrait du communiqu\u00e9 :\n\n<blockquote class=\"poesie\">\n\n<em>\nDu 1er juin au 3 juillet 2026, des travaux de modernisation et de s\u00e9curisation seront r\u00e9alis\u00e9s sur la ligne ferroviaire entre B\u00e9ziers et Saint-Ch\u00e9ly-d\u2019Apcher.\n\nPendant cette p\u00e9riode, la circulation des trains sera interrompue entre Neussargues et B\u00e9ziers et remplac\u00e9e par des navettes routi\u00e8res Intercit\u00e9s.\n\nCes travaux concernent notamment :\n\n\u2714\ufe0f la s\u00e9curisation de parois rocheuses\n\u2714\ufe0f la r\u00e9novation de ponts, tunnels et ouvrages d\u2019art\n\u2714\ufe0f le confortement de plusieurs infrastructures ferroviaires\n<\/em>\n\n<\/blockquote>\n\nDans quelles zones ? On sait pas. Au sud de Millau ? On sait pas. Etc.\n\nPas de travaux de remplacement des rails double-champignon bien entendu. La voie, tellement au top de la modernit\u00e9, on n&rsquo;y touche pas. Des fois qu&rsquo;elle s&rsquo;\u00e9croulerait de vieillesse lors des manipulations&#8230; \n\n<p>&nbsp;<\/p>\n\n\t<figure class=\"wp-block-gallery columns-1 is-cropped wp-block-gallery-1 is-layout-flex wp-block-gallery-is-layout-flex\">\n\t\t<ul class=\"blocks-gallery-grid\">\n\t\t\t<li class=\"blocks-gallery-item\">\n\t\t\t\t<figure>\n\t\t\t\t\t\t\t\t\t\t\t<img loading=\"lazy\" decoding=\"async\" width=\"960\" height=\"540\" src=\"http:\/\/5.45.101.177\/haut-allier\/usagers-transportse\/wp-content\/uploads\/2026\/05\/697792527_998592746191050_868773780816821862_n.jpg\"\n\t\t\t\t\t\t alt=\"697792527_998592746191050_868773780816821862_n.jpg\"\n\t\t\t\t\t\t data-id=\"5833\"\n\t\t\t\t\t\t data-full-url=\"http:\/\/5.45.101.177\/haut-allier\/usagers-transportse\/wp-content\/uploads\/2026\/05\/697792527_998592746191050_868773780816821862_n.jpg\"\n\t\t\t\t\t\t data-link=\"http:\/\/5.45.101.177\/haut-allier\/usagers-transportse\/attachment-697792527_998592746191050_868773780816821862_n-jpg\/\"\n\t\t\t\t\t\t class=\"wp-image-5833\" srcset=\"https:\/\/usagers-transports.haut-allier.eu\/wp-content\/uploads\/2026\/05\/697792527_998592746191050_868773780816821862_n.jpg 960w, https:\/\/usagers-transports.haut-allier.eu\/wp-content\/uploads\/2026\/05\/697792527_998592746191050_868773780816821862_n-300x169.jpg 300w, https:\/\/usagers-transports.haut-allier.eu\/wp-content\/uploads\/2026\/05\/697792527_998592746191050_868773780816821862_n-768x432.jpg 768w\" sizes=\"auto, (max-width: 960px) 100vw, 960px\" \/>\n\t\t\t\t<\/figure>\n\t\t\t<\/li>\n\t\t<\/ul>\n\t<\/figure>\n","protected":false},"excerpt":{"rendered":"<p>En guise de cadeau pour c\u00e9l\u00e9brer comme il se doit cette fin de printemps, SNCF R\u00e9seau ferme la<\/p>\n","protected":false},"author":2,"featured_media":5833,"comment_status":"open","ping_status":"open","sticky":false,"template":"","format":"standard","meta":{"footnotes":""},"categories":[3],"tags":[],"class_list":["post-1277","post","type-post","status-publish","format-standard","has-post-thumbnail","hentry","category-en-train"],"_links":{"self":[{"href":"https:\/\/usagers-transports.haut-allier.eu\/index.php\/wp-json\/wp\/v2\/posts\/1277","targetHints":{"allow":["GET"]}}],"collection":[{"href":"https:\/\/usagers-transports.haut-allier.eu\/index.php\/wp-json\/wp\/v2\/posts"}],"about":[{"href":"https:\/\/usagers-transports.haut-allier.eu\/index.php\/wp-json\/wp\/v2\/types\/post"}],"author":[{"embeddable":true,"href":"https:\/\/usagers-transports.haut-allier.eu\/index.php\/wp-json\/wp\/v2\/users\/2"}],"replies":[{"embeddable":true,"href":"https:\/\/usagers-transports.haut-allier.eu\/index.php\/wp-json\/wp\/v2\/comments?post=1277"}],"version-history":[{"count":1,"href":"https:\/\/usagers-transports.haut-allier.eu\/index.php\/wp-json\/wp\/v2\/posts\/1277\/revisions"}],"predecessor-version":[{"id":5834,"href":"https:\/\/usagers-transports.haut-allier.eu\/index.php\/wp-json\/wp\/v2\/posts\/1277\/revisions\/5834"}],"wp:featuredmedia":[{"embeddable":true,"href":"https:\/\/usagers-transports.haut-allier.eu\/index.php\/wp-json\/wp\/v2\/media\/5833"}],"wp:attachment":[{"href":"https:\/\/usagers-transports.haut-allier.eu\/index.php\/wp-json\/wp\/v2\/media?parent=1277"}],"wp:term":[{"taxonomy":"category","embeddable":true,"href":"https:\/\/usagers-transports.haut-allier.eu\/index.php\/wp-json\/wp\/v2\/categories?post=1277"},{"taxonomy":"post_tag","embeddable":true,"href":"https:\/\/usagers-transports.haut-allier.eu\/index.php\/wp-json\/wp\/v2\/tags?post=1277"}],"curies":[{"name":"wp","href":"https:\/\/api.w.org\/{rel}","templated":true}]}}