{"id":1278,"date":"2026-05-23T08:29:28","date_gmt":"2026-05-23T06:29:28","guid":{"rendered":"http:\/\/5.45.101.177\/haut-allier\/usagers-transportse\/index.php\/2026\/05\/23\/ligne-ales-besseges-consultation1278\/"},"modified":"2026-09-01T16:12:23","modified_gmt":"2026-09-01T14:12:23","slug":"ligne-ales-besseges-consultation1278","status":"publish","type":"post","link":"https:\/\/usagers-transports.haut-allier.eu\/index.php\/2026\/05\/23\/ligne-ales-besseges-consultation1278\/","title":{"rendered":"Ligne Al\u00e8s Bess\u00e8ges : consultation publique et annonces de la r\u00e9gion Occitanie"},"content":{"rendered":"L&rsquo;enqu\u00eate d&rsquo;utilit\u00e9 publique est d\u00e9marr\u00e9e jusqu&rsquo;au 5 ao\u00fbt pour la 1\u00e8re phase de la r\u00e9ouverture aux voyageurs de la ligne Al\u00e8s-Bess\u00e8ges. Nous devons tous signer en masse afin d&rsquo;acc\u00e9l\u00e9rer la mise en travaux.\n\nLe site de la consultation :\nhttps:\/\/www.democratie-active.fr\/reouverture-ales-besseges\/\n\nLe site anon\u00e7ant la consultation :\nhttps:\/\/www.gard.gouv.fr\/Publications\/Enquetes-publiques\/Enquetes-publiques-publiees-en-2026\/Consultation-du-public-pour-la-reouverture-aux-voyageurs-de-la-ligne-Ales-Besseges-1ere-phase\n\n[fond rouge][blanc]<strong>Ouverture de Saint Ambroix Bess\u00e8ges en 2030<\/strong>[\/blanc][\/fond rouge]\n\n<em>\u00ab\u00a0En 2028, il y aura l\u2019ouverture de la ligne Al\u00e8s \u2013 Saint-Ambroix, en 2030, l&rsquo;ouverture de la ligne Saint-Ambroix \u2013 Bess\u00e8ges. Ce sera la possibilit\u00e9 d\u2019avoir un transport efficace jusqu\u2019\u00e0 Bess\u00e8ges et c\u2019est un d\u00e9cloisonnement de cette vall\u00e9e. C\u2019\u00e9tait aussi une demande de 2016 et nous faisons tout pour l\u2019honorer.\u00a0\u00bb<\/em> dixit Jean-Luc Gibelin au cours d&rsquo;une interview donn\u00e9e \u00e0 Objectif Gard. Ainsi seront dissip\u00e9es les questionnements de beaucoup sur l&rsquo;avenir du projet apr\u00e8s la r\u00e9ouverture d&rsquo;Al\u00e8s Saint-Ambroix.\n\nNous appr\u00e9cions beaucoup la r\u00e9ponse faite au journal qui lui demandait si le r\u00e9seau ferroviaire qui repr\u00e9sente un investissement lourd pour la R\u00e9gion rapportait de l\u2019argent ? La voici :\n\n<em>\u00ab\u00a0Non, \u00e7a ne rapporte pas d\u2019argent. C\u2019est quelque chose qui co\u00fbte, mais c\u2019est un choix politique fort. C\u2019est une marque de fabrique de la R\u00e9gion et nous sommes tr\u00e8s fiers de le mettre en \u0153uvre.\u00a0\u00bb<\/em>\n\nC&rsquo;est ce qui fait la diff\u00e9rence entre les r\u00e9gions volontaristes et les autres. Suivez notre regard.\n\nL&rsquo;article d&rsquo;Objectif Gard en entier :\nhttps:\/\/www.objectifgard.com\/gard\/linterview-jean-luc-gibelin-on-ouvrira-les-lignes-ales-saint-ambroix-en-2028-et-saint-ambroix-besseges-en-2030-164070.php\n\n<p>&nbsp;<\/p>\n\n\t<figure class=\"wp-block-gallery columns-1 is-cropped wp-block-gallery-1 is-layout-flex wp-block-gallery-is-layout-flex\">\n\t\t<ul class=\"blocks-gallery-grid\">\n\t\t\t<li class=\"blocks-gallery-item\">\n\t\t\t\t<figure>\n\t\t\t\t\t\t\t\t\t\t\t<img loading=\"lazy\" decoding=\"async\" width=\"713\" height=\"493\" src=\"http:\/\/5.45.101.177\/haut-allier\/usagers-transportse\/wp-content\/uploads\/2026\/05\/68c0be8e-dd37-48f3-8e1f-28b5df216288.jpg\"\n\t\t\t\t\t\t alt=\"68c0be8e-dd37-48f3-8e1f-28b5df216288.jpg\"\n\t\t\t\t\t\t data-id=\"5835\"\n\t\t\t\t\t\t data-full-url=\"http:\/\/5.45.101.177\/haut-allier\/usagers-transportse\/wp-content\/uploads\/2026\/05\/68c0be8e-dd37-48f3-8e1f-28b5df216288.jpg\"\n\t\t\t\t\t\t data-link=\"http:\/\/5.45.101.177\/haut-allier\/usagers-transportse\/attachment-68c0be8e-dd37-48f3-8e1f-28b5df216288-jpg\/\"\n\t\t\t\t\t\t class=\"wp-image-5835\" srcset=\"https:\/\/usagers-transports.haut-allier.eu\/wp-content\/uploads\/2026\/05\/68c0be8e-dd37-48f3-8e1f-28b5df216288.jpg 713w, https:\/\/usagers-transports.haut-allier.eu\/wp-content\/uploads\/2026\/05\/68c0be8e-dd37-48f3-8e1f-28b5df216288-300x207.jpg 300w\" sizes=\"auto, (max-width: 713px) 100vw, 713px\" \/>\n\t\t\t\t<\/figure>\n\t\t\t<\/li>\n\t\t<\/ul>\n\t<\/figure>\n","protected":false},"excerpt":{"rendered":"<p>L&rsquo;enqu\u00eate d&rsquo;utilit\u00e9 publique est d\u00e9marr\u00e9e jusqu&rsquo;au 5 ao\u00fbt pour la 1\u00e8re phase de la r\u00e9ouverture aux voyageurs de<\/p>\n","protected":false},"author":4,"featured_media":5835,"comment_status":"open","ping_status":"open","sticky":false,"template":"","format":"standard","meta":{"footnotes":""},"categories":[3],"tags":[],"class_list":["post-1278","post","type-post","status-publish","format-standard","has-post-thumbnail","hentry","category-en-train"],"_links":{"self":[{"href":"https:\/\/usagers-transports.haut-allier.eu\/index.php\/wp-json\/wp\/v2\/posts\/1278","targetHints":{"allow":["GET"]}}],"collection":[{"href":"https:\/\/usagers-transports.haut-allier.eu\/index.php\/wp-json\/wp\/v2\/posts"}],"about":[{"href":"https:\/\/usagers-transports.haut-allier.eu\/index.php\/wp-json\/wp\/v2\/types\/post"}],"author":[{"embeddable":true,"href":"https:\/\/usagers-transports.haut-allier.eu\/index.php\/wp-json\/wp\/v2\/users\/4"}],"replies":[{"embeddable":true,"href":"https:\/\/usagers-transports.haut-allier.eu\/index.php\/wp-json\/wp\/v2\/comments?post=1278"}],"version-history":[{"count":1,"href":"https:\/\/usagers-transports.haut-allier.eu\/index.php\/wp-json\/wp\/v2\/posts\/1278\/revisions"}],"predecessor-version":[{"id":5836,"href":"https:\/\/usagers-transports.haut-allier.eu\/index.php\/wp-json\/wp\/v2\/posts\/1278\/revisions\/5836"}],"wp:featuredmedia":[{"embeddable":true,"href":"https:\/\/usagers-transports.haut-allier.eu\/index.php\/wp-json\/wp\/v2\/media\/5835"}],"wp:attachment":[{"href":"https:\/\/usagers-transports.haut-allier.eu\/index.php\/wp-json\/wp\/v2\/media?parent=1278"}],"wp:term":[{"taxonomy":"category","embeddable":true,"href":"https:\/\/usagers-transports.haut-allier.eu\/index.php\/wp-json\/wp\/v2\/categories?post=1278"},{"taxonomy":"post_tag","embeddable":true,"href":"https:\/\/usagers-transports.haut-allier.eu\/index.php\/wp-json\/wp\/v2\/tags?post=1278"}],"curies":[{"name":"wp","href":"https:\/\/api.w.org\/{rel}","templated":true}]}}