{"id":1279,"date":"2026-05-31T08:23:28","date_gmt":"2026-05-31T06:23:28","guid":{"rendered":"http:\/\/5.45.101.177\/haut-allier\/usagers-transportse\/index.php\/2026\/05\/31\/toutes-les-lignes-ter-d-occitanie1279\/"},"modified":"2026-09-01T16:12:23","modified_gmt":"2026-09-01T14:12:23","slug":"toutes-les-lignes-ter-d-occitanie1279","status":"publish","type":"post","link":"https:\/\/usagers-transports.haut-allier.eu\/index.php\/2026\/05\/31\/toutes-les-lignes-ter-d-occitanie1279\/","title":{"rendered":"Toutes les lignes TER d&rsquo;Occitanie \u00e0 1 euro exceptionnellement les 13 et 14 juin"},"content":{"rendered":"Ce mois de juin ce n&rsquo;est pas le premier week-end du mois mais les samedi 13 et dimanche 14 juin que tous les trains de la r\u00e9gion Occitanie seront au tarif d&rsquo;un euro.\n\nLa date a \u00e9t\u00e9 choisie pour c\u00e9l\u00e9brer les 90 ans de l&rsquo;adoption de la loi cr\u00e9ant les cong\u00e9s pay\u00e9s et, \u00e0 cette occasion, vous permettre de voyager \u00e0 tr\u00e8s bas prix.\n\nUne condition : acheter son billet via internet ou aux guichets :\n<a href=\"https:\/\/ter.sncf-voyageurs.com\/c.ashx?m=10233&#038;cde=3vhSMXk6gbb7c518&#038;i=3011017&#038;ue=3299000541010038995&#038;sid=153884&#038;env=2&#038;idcol=38995&#038;r=3\">ter sncf voyageurs<\/a>\nou via \nSNCF Connect \n\n[blanc][fond bleu marine]<strong>Attention les ventes seront ouvertes \u00e0 partir du 3 juin et les billets partent tr\u00e8s vite !<\/strong>[\/fond bleu marine][\/blanc]\n\nConditions de l&rsquo;offre :\n\n&#8211; Le nombre de places est limit\u00e9.\n&#8211; Le billet \u00e0 1\u20ac est valable uniquement pour le Train liO s\u00e9lectionn\u00e9 lors de l&rsquo;achat, \u00e0 la date et \u00e0 l\u2019heure indiqu\u00e9es sur votre billet.\n     \nToutes les lignes TER LiO sont concern\u00e9es y compris les trains LiO qui desservent des gares hors r\u00e9gion. Exemples : Clermont-Ferrand, Avignon, Agen, Aurillac, etc.\n\n[fond noir][blanc]<strong>Rappel :<\/strong> [\/blanc][\/fond noir]\nLes trains LiO circulant sur les lignes B\u00e9ziers &#8211; St Ch\u00e9ly d&rsquo;Apcher et Marvejols &#8211; Mende &#8211; La Bastide sont au prix de un euro toute l&rsquo;ann\u00e9e.\n\nProfitez de la politique volontariste de la r\u00e9gion Ocitanie pour le train, et bonnes escapades !\n<p>&nbsp;<\/p>\n\n\t<figure class=\"wp-block-gallery columns-1 is-cropped wp-block-gallery-1 is-layout-flex wp-block-gallery-is-layout-flex\">\n\t\t<ul class=\"blocks-gallery-grid\">\n\t\t\t<li class=\"blocks-gallery-item\">\n\t\t\t\t<figure>\n\t\t\t\t\t\t\t\t\t\t\t<img loading=\"lazy\" decoding=\"async\" width=\"640\" height=\"500\" src=\"http:\/\/5.45.101.177\/haut-allier\/usagers-transportse\/wp-content\/uploads\/2026\/05\/640x500px_emailing_1er_we_juin_1.jpg\"\n\t\t\t\t\t\t alt=\"640x500px_emailing_1er_we_juin_1.jpg\"\n\t\t\t\t\t\t data-id=\"5837\"\n\t\t\t\t\t\t data-full-url=\"http:\/\/5.45.101.177\/haut-allier\/usagers-transportse\/wp-content\/uploads\/2026\/05\/640x500px_emailing_1er_we_juin_1.jpg\"\n\t\t\t\t\t\t data-link=\"http:\/\/5.45.101.177\/haut-allier\/usagers-transportse\/attachment-640x500px_emailing_1er_we_juin_1-jpg\/\"\n\t\t\t\t\t\t class=\"wp-image-5837\" srcset=\"https:\/\/usagers-transports.haut-allier.eu\/wp-content\/uploads\/2026\/05\/640x500px_emailing_1er_we_juin_1.jpg 640w, https:\/\/usagers-transports.haut-allier.eu\/wp-content\/uploads\/2026\/05\/640x500px_emailing_1er_we_juin_1-300x234.jpg 300w\" sizes=\"auto, (max-width: 640px) 100vw, 640px\" \/>\n\t\t\t\t<\/figure>\n\t\t\t<\/li>\n\t\t<\/ul>\n\t<\/figure>\n","protected":false},"excerpt":{"rendered":"<p>Ce mois de juin ce n&rsquo;est pas le premier week-end du mois mais les samedi 13 et dimanche<\/p>\n","protected":false},"author":4,"featured_media":5837,"comment_status":"open","ping_status":"open","sticky":false,"template":"","format":"standard","meta":{"footnotes":""},"categories":[3],"tags":[],"class_list":["post-1279","post","type-post","status-publish","format-standard","has-post-thumbnail","hentry","category-en-train"],"_links":{"self":[{"href":"https:\/\/usagers-transports.haut-allier.eu\/index.php\/wp-json\/wp\/v2\/posts\/1279","targetHints":{"allow":["GET"]}}],"collection":[{"href":"https:\/\/usagers-transports.haut-allier.eu\/index.php\/wp-json\/wp\/v2\/posts"}],"about":[{"href":"https:\/\/usagers-transports.haut-allier.eu\/index.php\/wp-json\/wp\/v2\/types\/post"}],"author":[{"embeddable":true,"href":"https:\/\/usagers-transports.haut-allier.eu\/index.php\/wp-json\/wp\/v2\/users\/4"}],"replies":[{"embeddable":true,"href":"https:\/\/usagers-transports.haut-allier.eu\/index.php\/wp-json\/wp\/v2\/comments?post=1279"}],"version-history":[{"count":1,"href":"https:\/\/usagers-transports.haut-allier.eu\/index.php\/wp-json\/wp\/v2\/posts\/1279\/revisions"}],"predecessor-version":[{"id":5838,"href":"https:\/\/usagers-transports.haut-allier.eu\/index.php\/wp-json\/wp\/v2\/posts\/1279\/revisions\/5838"}],"wp:featuredmedia":[{"embeddable":true,"href":"https:\/\/usagers-transports.haut-allier.eu\/index.php\/wp-json\/wp\/v2\/media\/5837"}],"wp:attachment":[{"href":"https:\/\/usagers-transports.haut-allier.eu\/index.php\/wp-json\/wp\/v2\/media?parent=1279"}],"wp:term":[{"taxonomy":"category","embeddable":true,"href":"https:\/\/usagers-transports.haut-allier.eu\/index.php\/wp-json\/wp\/v2\/categories?post=1279"},{"taxonomy":"post_tag","embeddable":true,"href":"https:\/\/usagers-transports.haut-allier.eu\/index.php\/wp-json\/wp\/v2\/tags?post=1279"}],"curies":[{"name":"wp","href":"https:\/\/api.w.org\/{rel}","templated":true}]}}