{"id":128,"date":"2014-04-11T06:28:18","date_gmt":"2014-04-11T04:28:18","guid":{"rendered":"http:\/\/5.45.101.177\/haut-allier\/usagers-transportse\/index.php\/2014\/04\/11\/auvergne-de-nouvelles-destinations128\/"},"modified":"2014-04-11T06:28:18","modified_gmt":"2014-04-11T04:28:18","slug":"auvergne-de-nouvelles-destinations128","status":"publish","type":"post","link":"https:\/\/usagers-transports.haut-allier.eu\/index.php\/2014\/04\/11\/auvergne-de-nouvelles-destinations128\/","title":{"rendered":"Auvergne : de nouvelles destinations avec les bus Eurolines"},"content":{"rendered":"<p>Depuis d\u00e9but avril de nombreuses destinations au d\u00e9part et \u00e0 l&rsquo;arriv\u00e9e de Clermont-Ferrand ont \u00e9t\u00e9 cr\u00e9\u00e9es chez ce transporteur qui fait figure de pionnier en France.<br \/>\n&nbsp;<\/p>\n<p><strong>Les trajets possibles d\u00e9sormais depuis l&rsquo;Auvergne<\/strong><br \/>\n&nbsp;<\/p>\n<table>\n<tbody>\n<tr class='row_even'>\n<td><em>destination<\/em> <\/td>\n<td><em>prix Aller<\/em> <\/td>\n<td><em>fr\u00e9quence<\/em><\/td>\n<\/tr>\n<tr class='row_odd'>\n<td>Clermont Ferrand &#8211; Narbonne <\/td>\n<td>39 euros <\/td>\n<td>tous les lundis<\/td>\n<\/tr>\n<tr class='row_even'>\n<td>Clermont-Ferrand &#8211; Perpignan <\/td>\n<td>45 euros <\/td>\n<td>tous les lundis<\/td>\n<\/tr>\n<tr class='row_odd'>\n<td>Clermont-Ferrand &#8211; Avignon <\/td>\n<td>28 euros <\/td>\n<td>tous les lundis<\/td>\n<\/tr>\n<tr class='row_even'>\n<td>Clermont-Ferrand &#8211; Montpellier <\/td>\n<td>36 euros <\/td>\n<td>tous les lundis<\/td>\n<\/tr>\n<tr class='row_odd'>\n<td>Clermont-Ferrand &#8211; Chamb\u00e9ry <\/td>\n<td>25 euros environ <\/td>\n<td>tous les dim mer et ven<\/td>\n<\/tr>\n<tr class='row_even'>\n<td>Clermont-Ferrand &#8211; Grenoble <\/td>\n<td>20 euros environ <\/td>\n<td>tous les dim mer et ven<\/td>\n<\/tr>\n<tr class='row_odd'>\n<td>Clermont-Ferrand &#8211; Mont\u00e9limar <\/td>\n<td>24 euros <\/td>\n<td>tous les lundis<\/td>\n<\/tr>\n<tr class='row_even'>\n<td>Clermont-Ferrand &#8211; Valence <\/td>\n<td>23 euros <\/td>\n<td>tous les lundis<\/td>\n<\/tr>\n<\/tbody>\n<\/table>\n<p>Voil\u00e0 qui peut \u00eatre tr\u00e8s utile \u00e0 des prix int\u00e9ressants.<br \/>\n&nbsp;<br \/>\nLe site <a href=\"http:\/\/www.eurolines.fr\/fr\/destinations-voyage-bus\/destinations-voyage-bus-france\/\">Eurolines<\/a><\/p>\n","protected":false},"excerpt":{"rendered":"<p>Depuis d\u00e9but avril de nombreuses destinations au d\u00e9part et \u00e0 l&rsquo;arriv\u00e9e de Clermont-Ferrand ont \u00e9t\u00e9 cr\u00e9\u00e9es chez ce<\/p>\n","protected":false},"author":1,"featured_media":0,"comment_status":"closed","ping_status":"open","sticky":false,"template":"","format":"standard","meta":{"footnotes":""},"categories":[4],"tags":[],"class_list":["post-128","post","type-post","status-publish","format-standard","hentry","category-en-bus"],"_links":{"self":[{"href":"https:\/\/usagers-transports.haut-allier.eu\/index.php\/wp-json\/wp\/v2\/posts\/128","targetHints":{"allow":["GET"]}}],"collection":[{"href":"https:\/\/usagers-transports.haut-allier.eu\/index.php\/wp-json\/wp\/v2\/posts"}],"about":[{"href":"https:\/\/usagers-transports.haut-allier.eu\/index.php\/wp-json\/wp\/v2\/types\/post"}],"author":[{"embeddable":true,"href":"https:\/\/usagers-transports.haut-allier.eu\/index.php\/wp-json\/wp\/v2\/users\/1"}],"replies":[{"embeddable":true,"href":"https:\/\/usagers-transports.haut-allier.eu\/index.php\/wp-json\/wp\/v2\/comments?post=128"}],"version-history":[{"count":0,"href":"https:\/\/usagers-transports.haut-allier.eu\/index.php\/wp-json\/wp\/v2\/posts\/128\/revisions"}],"wp:attachment":[{"href":"https:\/\/usagers-transports.haut-allier.eu\/index.php\/wp-json\/wp\/v2\/media?parent=128"}],"wp:term":[{"taxonomy":"category","embeddable":true,"href":"https:\/\/usagers-transports.haut-allier.eu\/index.php\/wp-json\/wp\/v2\/categories?post=128"},{"taxonomy":"post_tag","embeddable":true,"href":"https:\/\/usagers-transports.haut-allier.eu\/index.php\/wp-json\/wp\/v2\/tags?post=128"}],"curies":[{"name":"wp","href":"https:\/\/api.w.org\/{rel}","templated":true}]}}