{"id":1280,"date":"2026-05-31T11:37:30","date_gmt":"2026-05-31T09:37:30","guid":{"rendered":"http:\/\/5.45.101.177\/haut-allier\/usagers-transportse\/index.php\/2026\/05\/31\/colere-des-sans-trains-le1280\/"},"modified":"2026-09-01T16:12:52","modified_gmt":"2026-09-01T14:12:52","slug":"colere-des-sans-trains-le1280","status":"publish","type":"post","link":"https:\/\/usagers-transports.haut-allier.eu\/index.php\/2026\/05\/31\/colere-des-sans-trains-le1280\/","title":{"rendered":"Col\u00e8re des Sans Trains : le rassemblement du 30 mai \u00e0 Clermont Ferrand"},"content":{"rendered":"Environ 150 personnes, nous sommes loin du millier du 31 janvier \u00e0 Limoges, et cel\u00e0 principalement \u00e0 cause de la date impos\u00e9e et d&rsquo;une gr\u00e8ve surprise de la CGT Haute-Loire (enfin c&rsquo;est pas s\u00fbr, chaque section se renvoyant la balle) annonc\u00e9e la veille qui eut pour cons\u00e9quence la suppression de tous les trains au sud de Clermont l&rsquo;apr\u00e8s midi, emp\u00eachant le retour de ceux qui avaient pr\u00e9vu leur venue depuis la Loz\u00e8re, la Haute-Loire, le Cantal et le Limousin. Une gr\u00e8ve \u00ab\u00a0pour les conditions de travail\u00a0\u00bb programm\u00e9e, bien \u00e9trangement, \u00e0 partir du 30 mai.\n\n\n<hr \/>\n\n\n\n<blockquote class=\"poesie\">\n[fond bleu][blanc]<em> <strong>Un mot d&rsquo;explication sur cet article.<\/strong> [\/blanc][\/fond bleu]\n[fond bleu][blanc]C&rsquo;est un article de ressenti, il n&rsquo;a pas plu \u00e0 tout le monde. Surtout au sein du \u00ab\u00a0comit\u00e9 d&rsquo;organisation op\u00e9rationel\u00a0\u00bb (5 personnes) dont nous avons fait partie d\u00e8s le d\u00e9but mais duquel nous nous sommes retir\u00e9s le 6 mai suite au refus majoritaire de prendre en compte les mesures n\u00e9cessaires pour ne pas se faire envahir, une nouvelle fois, par un syndicat corporatiste dont nous connaissions le comportement. Persuad\u00e9s que nous courrions vers un succ\u00e8s tr\u00e8s mod\u00e9r\u00e9 alors qu&rsquo;il fallait un grand rassemblement de masse, associatif, divers, dans la veine de celui de Limoges. Nos craintes ne se sont pas d\u00e9menties.[\/blanc][\/fond bleu]\n[fond bleu][blanc]Et pourtant nous nous sommes investis largement, bien qu&rsquo;en retrait, en temps pass\u00e9 et financi\u00e8rement, sur l&rsquo;\u00e9v\u00e8nement : invitation \u00e0 tous les \u00e9lus et aux organisations d&rsquo;usagers du massif central, avec rappel. Large diffusion \u00e0 la presse avec rappel. Confection et distribution de 2000 flyers la semaine pr\u00e9c\u00e9dent, r\u00e9alisation de 50 drapeaux de la Col\u00e8re des Sans Trains et autres travaux demand\u00e9s par le comit\u00e9 d&rsquo;organisation.[\/blanc][\/fond bleu]\n[fond bleu][blanc]Nous ne pouvions \u00e9crire un article b\u00e9atifiant et mi\u00e8vre. Nous n&rsquo;en retirons d&rsquo;ailleurs pas un mot. <strong>Non ce rassemblement n&rsquo;a pas \u00e9t\u00e9 celui que nous souhaitions<\/strong>.<\/em>[\/blanc][\/fond bleu]\n<\/blockquote>\n\n\n<hr \/>\n\n\nPour parfaire ajoutons une certaine r\u00e9cup\u00e9ration de ce syndicat s&rsquo;attribuant sur des affiches et des communiqu\u00e9s l&rsquo;initiative de la journ\u00e9e, comportement et communication sur les r\u00e9seaux et ailleurs qui, \u00e9videmment fit office de repoussoir pour beaucoup, \u00e9lus et usagers.\n\nL&rsquo;initiative de ce rassemblement en dehors de la Col\u00e8re des Sans Trains, en dehors d&rsquo;AuRAil, en dehors du Collectif des usagers du Haut-Allier, s&rsquo;inscrivait dans un week-end de mobilisation national de la D\u00e9route des Routes et de l&rsquo;Alliance Ecologique et sociale. Il nous a \u00e9t\u00e9 impos\u00e9 mais nous avons fait \u00e9v\u00e8nement commun par solidarit\u00e9 avec des mouvements que nous apr\u00e9cions.\n\nBilan : aucun m\u00e9dias nationaux pr\u00e9sents \u00e0 part RFI, une participation citoyenne tr\u00e8s tr\u00e8s l\u00e9g\u00e8re, il y avait en effet 4 \u00e9v\u00e8nements d&rsquo;importance en m\u00eame temps sur Clermont Ferrand. Nous nous sommes retrouv\u00e9s entre militants devant la gare. Foire d&#8217;empoigne entre le syndicat sus-cit\u00e9, quelques membres du collectif et quelques autres qui s&rsquo;auto-invit\u00e8rent au micro d&rsquo;une sono un peu p\u00e9nible, pour les sempiternels discours d&rsquo;auto-satisfaction et les d\u00e9clarations. Le tout d&rsquo;un int\u00e9r\u00eat redoutable.\n\nLe positif : quelques bons articles dans la presse pour faire avancer nos objectifs. On pourra les retrouver sur le site de la <a href=\"https:\/\/lessanstrainsencolere.org\/dans-la-presse\/\"><em>Col\u00e8re des Sans Trains<\/em><\/a>.\n\nLe message que les usagers veulent porter aupr\u00e8s des d\u00e9cideurs nationaux, locaux, afin de d\u00e9fendre leurs int\u00e9r\u00eats, doit \u00eatre clair et sans \u00e9quivoque, il ne peut tol\u00e9rer de brouillage par les d\u00e9fenses corporatistes outranci\u00e8res notamment mais pas que, il faudra peut-\u00eatre aussi surpasser quelques \u00e9gos et \u00e9loigner quelques profiteurs, la preuve en a \u00e9t\u00e9 apport\u00e9e lors de cette journ\u00e9e un peu \u00e9puisante.\n\nImmense merci en particulier \u00e0 tous ceux et celles qui ont fait des centaines de kilom\u00e8tres en voiture ou en bus pour cette manifestation d\u00e9di\u00e9e \u00e0 la d\u00e9fense des trains dans le massif central. Nous pensons \u00e0 ceux venus de la Loz\u00e8re, de la Ni\u00e8vre, du Lot, de la Haute-Vienne\u2026\n\nMerci aux quelques \u00e9lus, toujours les m\u00eames, pr\u00e9sents, qui travaillent avec nous pour tenter de r\u00e9soudre les probl\u00e8mes de mobilit\u00e9 des citoyens, la s\u00e9natrice Marion Canal\u00e8s, la d\u00e9put\u00e9e Christine Pir\u00e8s-Beaune, la conseill\u00e8re r\u00e9gionale Anna Aubois, la d\u00e9put\u00e9e Mariane Maximi\u2026 et \u00e0 ceux qui ont pris la peine de s\u2019excuser.\n\nMerci \u00e0 nos partenaires d\u2019un jour : Solidaires, l\u2019Alliance \u00e9cologique et sociale, Sud Rail, le Collectif Pour les services publics, GreenPeace\u2026 Pardon aux oubli\u00e9s.\n\nQuelques photos :\n\n<img loading=\"lazy\" decoding=\"async\" class=\" aligncenter size-full wp-image-5839\" src=\"http:\/\/5.45.101.177\/haut-allier\/usagers-transportse\/wp-content\/uploads\/2026\/05\/vlcsnap-2026-05-31-09h54m57s823.jpg\" alt=\"vlcsnap-2026-05-31-09h54m57s823.jpg\" align=\"center\" width=\"1920\" height=\"1080\" srcset=\"https:\/\/usagers-transports.haut-allier.eu\/wp-content\/uploads\/2026\/05\/vlcsnap-2026-05-31-09h54m57s823.jpg 1920w, https:\/\/usagers-transports.haut-allier.eu\/wp-content\/uploads\/2026\/05\/vlcsnap-2026-05-31-09h54m57s823-300x169.jpg 300w, https:\/\/usagers-transports.haut-allier.eu\/wp-content\/uploads\/2026\/05\/vlcsnap-2026-05-31-09h54m57s823-1024x576.jpg 1024w, https:\/\/usagers-transports.haut-allier.eu\/wp-content\/uploads\/2026\/05\/vlcsnap-2026-05-31-09h54m57s823-768x432.jpg 768w, https:\/\/usagers-transports.haut-allier.eu\/wp-content\/uploads\/2026\/05\/vlcsnap-2026-05-31-09h54m57s823-1536x864.jpg 1536w\" sizes=\"auto, (max-width: 1920px) 100vw, 1920px\" \/>\n<img loading=\"lazy\" decoding=\"async\" class=\" aligncenter size-full wp-image-5840\" src=\"http:\/\/5.45.101.177\/haut-allier\/usagers-transportse\/wp-content\/uploads\/2026\/05\/vlcsnap-2026-05-31-09h55m58s038.jpg\" alt=\"vlcsnap-2026-05-31-09h55m58s038.jpg\" align=\"center\" width=\"1920\" height=\"1080\" srcset=\"https:\/\/usagers-transports.haut-allier.eu\/wp-content\/uploads\/2026\/05\/vlcsnap-2026-05-31-09h55m58s038.jpg 1920w, https:\/\/usagers-transports.haut-allier.eu\/wp-content\/uploads\/2026\/05\/vlcsnap-2026-05-31-09h55m58s038-300x169.jpg 300w, https:\/\/usagers-transports.haut-allier.eu\/wp-content\/uploads\/2026\/05\/vlcsnap-2026-05-31-09h55m58s038-1024x576.jpg 1024w, https:\/\/usagers-transports.haut-allier.eu\/wp-content\/uploads\/2026\/05\/vlcsnap-2026-05-31-09h55m58s038-768x432.jpg 768w, https:\/\/usagers-transports.haut-allier.eu\/wp-content\/uploads\/2026\/05\/vlcsnap-2026-05-31-09h55m58s038-1536x864.jpg 1536w\" sizes=\"auto, (max-width: 1920px) 100vw, 1920px\" \/>\n<img loading=\"lazy\" decoding=\"async\" class=\" aligncenter size-full wp-image-5841\" src=\"http:\/\/5.45.101.177\/haut-allier\/usagers-transportse\/wp-content\/uploads\/2026\/05\/vlcsnap-2026-05-31-09h56m31s850.jpg\" alt=\"vlcsnap-2026-05-31-09h56m31s850.jpg\" align=\"center\" width=\"1920\" height=\"1080\" srcset=\"https:\/\/usagers-transports.haut-allier.eu\/wp-content\/uploads\/2026\/05\/vlcsnap-2026-05-31-09h56m31s850.jpg 1920w, https:\/\/usagers-transports.haut-allier.eu\/wp-content\/uploads\/2026\/05\/vlcsnap-2026-05-31-09h56m31s850-300x169.jpg 300w, https:\/\/usagers-transports.haut-allier.eu\/wp-content\/uploads\/2026\/05\/vlcsnap-2026-05-31-09h56m31s850-1024x576.jpg 1024w, https:\/\/usagers-transports.haut-allier.eu\/wp-content\/uploads\/2026\/05\/vlcsnap-2026-05-31-09h56m31s850-768x432.jpg 768w, https:\/\/usagers-transports.haut-allier.eu\/wp-content\/uploads\/2026\/05\/vlcsnap-2026-05-31-09h56m31s850-1536x864.jpg 1536w\" sizes=\"auto, (max-width: 1920px) 100vw, 1920px\" \/>\n<img loading=\"lazy\" decoding=\"async\" class=\" aligncenter size-full wp-image-5842\" src=\"http:\/\/5.45.101.177\/haut-allier\/usagers-transportse\/wp-content\/uploads\/2026\/05\/vlcsnap-2026-05-31-09h58m00s881.jpg\" alt=\"vlcsnap-2026-05-31-09h58m00s881.jpg\" align=\"center\" width=\"1920\" height=\"1080\" srcset=\"https:\/\/usagers-transports.haut-allier.eu\/wp-content\/uploads\/2026\/05\/vlcsnap-2026-05-31-09h58m00s881.jpg 1920w, https:\/\/usagers-transports.haut-allier.eu\/wp-content\/uploads\/2026\/05\/vlcsnap-2026-05-31-09h58m00s881-300x169.jpg 300w, https:\/\/usagers-transports.haut-allier.eu\/wp-content\/uploads\/2026\/05\/vlcsnap-2026-05-31-09h58m00s881-1024x576.jpg 1024w, https:\/\/usagers-transports.haut-allier.eu\/wp-content\/uploads\/2026\/05\/vlcsnap-2026-05-31-09h58m00s881-768x432.jpg 768w, https:\/\/usagers-transports.haut-allier.eu\/wp-content\/uploads\/2026\/05\/vlcsnap-2026-05-31-09h58m00s881-1536x864.jpg 1536w\" sizes=\"auto, (max-width: 1920px) 100vw, 1920px\" \/>\n<img loading=\"lazy\" decoding=\"async\" class=\" aligncenter size-full wp-image-5843\" src=\"http:\/\/5.45.101.177\/haut-allier\/usagers-transportse\/wp-content\/uploads\/2026\/05\/vlcsnap-2026-05-31-09h59m56s205.jpg\" alt=\"vlcsnap-2026-05-31-09h59m56s205.jpg\" align=\"center\" width=\"1920\" height=\"1080\" srcset=\"https:\/\/usagers-transports.haut-allier.eu\/wp-content\/uploads\/2026\/05\/vlcsnap-2026-05-31-09h59m56s205.jpg 1920w, https:\/\/usagers-transports.haut-allier.eu\/wp-content\/uploads\/2026\/05\/vlcsnap-2026-05-31-09h59m56s205-300x169.jpg 300w, https:\/\/usagers-transports.haut-allier.eu\/wp-content\/uploads\/2026\/05\/vlcsnap-2026-05-31-09h59m56s205-1024x576.jpg 1024w, https:\/\/usagers-transports.haut-allier.eu\/wp-content\/uploads\/2026\/05\/vlcsnap-2026-05-31-09h59m56s205-768x432.jpg 768w, https:\/\/usagers-transports.haut-allier.eu\/wp-content\/uploads\/2026\/05\/vlcsnap-2026-05-31-09h59m56s205-1536x864.jpg 1536w\" sizes=\"auto, (max-width: 1920px) 100vw, 1920px\" \/>\n<img loading=\"lazy\" decoding=\"async\" class=\" aligncenter size-full wp-image-5844\" src=\"http:\/\/5.45.101.177\/haut-allier\/usagers-transportse\/wp-content\/uploads\/2026\/05\/vlcsnap-2026-05-31-09h59m15s948.jpg\" alt=\"vlcsnap-2026-05-31-09h59m15s948.jpg\" align=\"center\" width=\"1920\" height=\"1080\" srcset=\"https:\/\/usagers-transports.haut-allier.eu\/wp-content\/uploads\/2026\/05\/vlcsnap-2026-05-31-09h59m15s948.jpg 1920w, https:\/\/usagers-transports.haut-allier.eu\/wp-content\/uploads\/2026\/05\/vlcsnap-2026-05-31-09h59m15s948-300x169.jpg 300w, https:\/\/usagers-transports.haut-allier.eu\/wp-content\/uploads\/2026\/05\/vlcsnap-2026-05-31-09h59m15s948-1024x576.jpg 1024w, https:\/\/usagers-transports.haut-allier.eu\/wp-content\/uploads\/2026\/05\/vlcsnap-2026-05-31-09h59m15s948-768x432.jpg 768w, https:\/\/usagers-transports.haut-allier.eu\/wp-content\/uploads\/2026\/05\/vlcsnap-2026-05-31-09h59m15s948-1536x864.jpg 1536w\" sizes=\"auto, (max-width: 1920px) 100vw, 1920px\" \/>\n<img loading=\"lazy\" decoding=\"async\" class=\" aligncenter size-full wp-image-5845\" src=\"http:\/\/5.45.101.177\/haut-allier\/usagers-transportse\/wp-content\/uploads\/2026\/05\/vlcsnap-2026-05-31-10h00m59s025.jpg\" alt=\"vlcsnap-2026-05-31-10h00m59s025.jpg\" align=\"center\" width=\"1920\" height=\"1080\" srcset=\"https:\/\/usagers-transports.haut-allier.eu\/wp-content\/uploads\/2026\/05\/vlcsnap-2026-05-31-10h00m59s025.jpg 1920w, https:\/\/usagers-transports.haut-allier.eu\/wp-content\/uploads\/2026\/05\/vlcsnap-2026-05-31-10h00m59s025-300x169.jpg 300w, https:\/\/usagers-transports.haut-allier.eu\/wp-content\/uploads\/2026\/05\/vlcsnap-2026-05-31-10h00m59s025-1024x576.jpg 1024w, https:\/\/usagers-transports.haut-allier.eu\/wp-content\/uploads\/2026\/05\/vlcsnap-2026-05-31-10h00m59s025-768x432.jpg 768w, https:\/\/usagers-transports.haut-allier.eu\/wp-content\/uploads\/2026\/05\/vlcsnap-2026-05-31-10h00m59s025-1536x864.jpg 1536w\" sizes=\"auto, (max-width: 1920px) 100vw, 1920px\" \/>\n<img loading=\"lazy\" decoding=\"async\" class=\" aligncenter size-full wp-image-5846\" src=\"http:\/\/5.45.101.177\/haut-allier\/usagers-transportse\/wp-content\/uploads\/2026\/05\/vlcsnap-2026-05-31-10h00m16s781.jpg\" alt=\"vlcsnap-2026-05-31-10h00m16s781.jpg\" align=\"center\" width=\"1920\" height=\"1080\" srcset=\"https:\/\/usagers-transports.haut-allier.eu\/wp-content\/uploads\/2026\/05\/vlcsnap-2026-05-31-10h00m16s781.jpg 1920w, https:\/\/usagers-transports.haut-allier.eu\/wp-content\/uploads\/2026\/05\/vlcsnap-2026-05-31-10h00m16s781-300x169.jpg 300w, https:\/\/usagers-transports.haut-allier.eu\/wp-content\/uploads\/2026\/05\/vlcsnap-2026-05-31-10h00m16s781-1024x576.jpg 1024w, https:\/\/usagers-transports.haut-allier.eu\/wp-content\/uploads\/2026\/05\/vlcsnap-2026-05-31-10h00m16s781-768x432.jpg 768w, https:\/\/usagers-transports.haut-allier.eu\/wp-content\/uploads\/2026\/05\/vlcsnap-2026-05-31-10h00m16s781-1536x864.jpg 1536w\" sizes=\"auto, (max-width: 1920px) 100vw, 1920px\" \/>\n<img loading=\"lazy\" decoding=\"async\" class=\" aligncenter size-full wp-image-5847\" src=\"http:\/\/5.45.101.177\/haut-allier\/usagers-transportse\/wp-content\/uploads\/2026\/05\/vlcsnap-2026-05-31-10h03m46s246.jpg\" alt=\"vlcsnap-2026-05-31-10h03m46s246.jpg\" align=\"center\" width=\"1920\" height=\"1080\" srcset=\"https:\/\/usagers-transports.haut-allier.eu\/wp-content\/uploads\/2026\/05\/vlcsnap-2026-05-31-10h03m46s246.jpg 1920w, https:\/\/usagers-transports.haut-allier.eu\/wp-content\/uploads\/2026\/05\/vlcsnap-2026-05-31-10h03m46s246-300x169.jpg 300w, https:\/\/usagers-transports.haut-allier.eu\/wp-content\/uploads\/2026\/05\/vlcsnap-2026-05-31-10h03m46s246-1024x576.jpg 1024w, https:\/\/usagers-transports.haut-allier.eu\/wp-content\/uploads\/2026\/05\/vlcsnap-2026-05-31-10h03m46s246-768x432.jpg 768w, https:\/\/usagers-transports.haut-allier.eu\/wp-content\/uploads\/2026\/05\/vlcsnap-2026-05-31-10h03m46s246-1536x864.jpg 1536w\" sizes=\"auto, (max-width: 1920px) 100vw, 1920px\" \/>\n<img loading=\"lazy\" decoding=\"async\" class=\" aligncenter size-full wp-image-5848\" src=\"http:\/\/5.45.101.177\/haut-allier\/usagers-transportse\/wp-content\/uploads\/2026\/05\/vlcsnap-2026-05-31-10h06m08s237.jpg\" alt=\"vlcsnap-2026-05-31-10h06m08s237.jpg\" align=\"center\" width=\"1920\" height=\"1080\" srcset=\"https:\/\/usagers-transports.haut-allier.eu\/wp-content\/uploads\/2026\/05\/vlcsnap-2026-05-31-10h06m08s237.jpg 1920w, https:\/\/usagers-transports.haut-allier.eu\/wp-content\/uploads\/2026\/05\/vlcsnap-2026-05-31-10h06m08s237-300x169.jpg 300w, https:\/\/usagers-transports.haut-allier.eu\/wp-content\/uploads\/2026\/05\/vlcsnap-2026-05-31-10h06m08s237-1024x576.jpg 1024w, https:\/\/usagers-transports.haut-allier.eu\/wp-content\/uploads\/2026\/05\/vlcsnap-2026-05-31-10h06m08s237-768x432.jpg 768w, https:\/\/usagers-transports.haut-allier.eu\/wp-content\/uploads\/2026\/05\/vlcsnap-2026-05-31-10h06m08s237-1536x864.jpg 1536w\" sizes=\"auto, (max-width: 1920px) 100vw, 1920px\" \/>\n<img loading=\"lazy\" decoding=\"async\" class=\" aligncenter size-full wp-image-5849\" src=\"http:\/\/5.45.101.177\/haut-allier\/usagers-transportse\/wp-content\/uploads\/2026\/05\/vlcsnap-2026-05-31-10h05m19s655.jpg\" alt=\"vlcsnap-2026-05-31-10h05m19s655.jpg\" align=\"center\" width=\"1920\" height=\"1080\" srcset=\"https:\/\/usagers-transports.haut-allier.eu\/wp-content\/uploads\/2026\/05\/vlcsnap-2026-05-31-10h05m19s655.jpg 1920w, https:\/\/usagers-transports.haut-allier.eu\/wp-content\/uploads\/2026\/05\/vlcsnap-2026-05-31-10h05m19s655-300x169.jpg 300w, https:\/\/usagers-transports.haut-allier.eu\/wp-content\/uploads\/2026\/05\/vlcsnap-2026-05-31-10h05m19s655-1024x576.jpg 1024w, https:\/\/usagers-transports.haut-allier.eu\/wp-content\/uploads\/2026\/05\/vlcsnap-2026-05-31-10h05m19s655-768x432.jpg 768w, https:\/\/usagers-transports.haut-allier.eu\/wp-content\/uploads\/2026\/05\/vlcsnap-2026-05-31-10h05m19s655-1536x864.jpg 1536w\" sizes=\"auto, (max-width: 1920px) 100vw, 1920px\" \/>\n<img loading=\"lazy\" decoding=\"async\" class=\" aligncenter size-full wp-image-5850\" src=\"http:\/\/5.45.101.177\/haut-allier\/usagers-transportse\/wp-content\/uploads\/2026\/05\/img_20260530_153357-scaled.jpg\" alt=\"img_20260530_153357.jpg\" align=\"center\" width=\"2560\" height=\"1440\" srcset=\"https:\/\/usagers-transports.haut-allier.eu\/wp-content\/uploads\/2026\/05\/img_20260530_153357-scaled.jpg 2560w, https:\/\/usagers-transports.haut-allier.eu\/wp-content\/uploads\/2026\/05\/img_20260530_153357-300x169.jpg 300w, https:\/\/usagers-transports.haut-allier.eu\/wp-content\/uploads\/2026\/05\/img_20260530_153357-1024x576.jpg 1024w, https:\/\/usagers-transports.haut-allier.eu\/wp-content\/uploads\/2026\/05\/img_20260530_153357-768x432.jpg 768w, https:\/\/usagers-transports.haut-allier.eu\/wp-content\/uploads\/2026\/05\/img_20260530_153357-1536x864.jpg 1536w, https:\/\/usagers-transports.haut-allier.eu\/wp-content\/uploads\/2026\/05\/img_20260530_153357-2048x1152.jpg 2048w\" sizes=\"auto, (max-width: 2560px) 100vw, 2560px\" \/>\n<img loading=\"lazy\" decoding=\"async\" class=\" aligncenter size-full wp-image-5851\" src=\"http:\/\/5.45.101.177\/haut-allier\/usagers-transportse\/wp-content\/uploads\/2026\/05\/img_20260530_153128-scaled.jpg\" alt=\"img_20260530_153128.jpg\" align=\"center\" width=\"2560\" height=\"1440\" srcset=\"https:\/\/usagers-transports.haut-allier.eu\/wp-content\/uploads\/2026\/05\/img_20260530_153128-scaled.jpg 2560w, https:\/\/usagers-transports.haut-allier.eu\/wp-content\/uploads\/2026\/05\/img_20260530_153128-300x169.jpg 300w, https:\/\/usagers-transports.haut-allier.eu\/wp-content\/uploads\/2026\/05\/img_20260530_153128-1024x576.jpg 1024w, https:\/\/usagers-transports.haut-allier.eu\/wp-content\/uploads\/2026\/05\/img_20260530_153128-768x432.jpg 768w, https:\/\/usagers-transports.haut-allier.eu\/wp-content\/uploads\/2026\/05\/img_20260530_153128-1536x864.jpg 1536w, https:\/\/usagers-transports.haut-allier.eu\/wp-content\/uploads\/2026\/05\/img_20260530_153128-2048x1152.jpg 2048w\" sizes=\"auto, (max-width: 2560px) 100vw, 2560px\" \/>\n<img loading=\"lazy\" decoding=\"async\" class=\" aligncenter size-full wp-image-5852\" src=\"http:\/\/5.45.101.177\/haut-allier\/usagers-transportse\/wp-content\/uploads\/2026\/05\/img_20260530_153048-scaled.jpg\" alt=\"img_20260530_153048.jpg\" align=\"center\" width=\"2560\" height=\"1440\" srcset=\"https:\/\/usagers-transports.haut-allier.eu\/wp-content\/uploads\/2026\/05\/img_20260530_153048-scaled.jpg 2560w, https:\/\/usagers-transports.haut-allier.eu\/wp-content\/uploads\/2026\/05\/img_20260530_153048-300x169.jpg 300w, https:\/\/usagers-transports.haut-allier.eu\/wp-content\/uploads\/2026\/05\/img_20260530_153048-1024x576.jpg 1024w, https:\/\/usagers-transports.haut-allier.eu\/wp-content\/uploads\/2026\/05\/img_20260530_153048-768x432.jpg 768w, https:\/\/usagers-transports.haut-allier.eu\/wp-content\/uploads\/2026\/05\/img_20260530_153048-1536x864.jpg 1536w, https:\/\/usagers-transports.haut-allier.eu\/wp-content\/uploads\/2026\/05\/img_20260530_153048-2048x1152.jpg 2048w\" sizes=\"auto, (max-width: 2560px) 100vw, 2560px\" \/>\n<img loading=\"lazy\" decoding=\"async\" class=\" aligncenter size-full wp-image-5853\" src=\"http:\/\/5.45.101.177\/haut-allier\/usagers-transportse\/wp-content\/uploads\/2026\/05\/img_20260530_152859-scaled.jpg\" alt=\"img_20260530_152859.jpg\" align=\"center\" width=\"2560\" height=\"1440\" srcset=\"https:\/\/usagers-transports.haut-allier.eu\/wp-content\/uploads\/2026\/05\/img_20260530_152859-scaled.jpg 2560w, https:\/\/usagers-transports.haut-allier.eu\/wp-content\/uploads\/2026\/05\/img_20260530_152859-300x169.jpg 300w, https:\/\/usagers-transports.haut-allier.eu\/wp-content\/uploads\/2026\/05\/img_20260530_152859-1024x576.jpg 1024w, https:\/\/usagers-transports.haut-allier.eu\/wp-content\/uploads\/2026\/05\/img_20260530_152859-768x432.jpg 768w, https:\/\/usagers-transports.haut-allier.eu\/wp-content\/uploads\/2026\/05\/img_20260530_152859-1536x864.jpg 1536w, https:\/\/usagers-transports.haut-allier.eu\/wp-content\/uploads\/2026\/05\/img_20260530_152859-2048x1152.jpg 2048w\" sizes=\"auto, (max-width: 2560px) 100vw, 2560px\" \/>\n<img loading=\"lazy\" decoding=\"async\" class=\" aligncenter size-full wp-image-5854\" src=\"http:\/\/5.45.101.177\/haut-allier\/usagers-transportse\/wp-content\/uploads\/2026\/05\/img_20260530_151303-scaled.jpg\" alt=\"img_20260530_151303.jpg\" align=\"center\" width=\"2560\" height=\"1440\" srcset=\"https:\/\/usagers-transports.haut-allier.eu\/wp-content\/uploads\/2026\/05\/img_20260530_151303-scaled.jpg 2560w, https:\/\/usagers-transports.haut-allier.eu\/wp-content\/uploads\/2026\/05\/img_20260530_151303-300x169.jpg 300w, https:\/\/usagers-transports.haut-allier.eu\/wp-content\/uploads\/2026\/05\/img_20260530_151303-1024x576.jpg 1024w, https:\/\/usagers-transports.haut-allier.eu\/wp-content\/uploads\/2026\/05\/img_20260530_151303-768x432.jpg 768w, https:\/\/usagers-transports.haut-allier.eu\/wp-content\/uploads\/2026\/05\/img_20260530_151303-1536x864.jpg 1536w, https:\/\/usagers-transports.haut-allier.eu\/wp-content\/uploads\/2026\/05\/img_20260530_151303-2048x1152.jpg 2048w\" sizes=\"auto, (max-width: 2560px) 100vw, 2560px\" \/>\n<img loading=\"lazy\" decoding=\"async\" class=\" aligncenter size-full wp-image-5855\" src=\"http:\/\/5.45.101.177\/haut-allier\/usagers-transportse\/wp-content\/uploads\/2026\/05\/img_20260530_150224-scaled.jpg\" alt=\"img_20260530_150224.jpg\" align=\"center\" width=\"1440\" height=\"2560\" srcset=\"https:\/\/usagers-transports.haut-allier.eu\/wp-content\/uploads\/2026\/05\/img_20260530_150224-scaled.jpg 1440w, https:\/\/usagers-transports.haut-allier.eu\/wp-content\/uploads\/2026\/05\/img_20260530_150224-169x300.jpg 169w, https:\/\/usagers-transports.haut-allier.eu\/wp-content\/uploads\/2026\/05\/img_20260530_150224-576x1024.jpg 576w, https:\/\/usagers-transports.haut-allier.eu\/wp-content\/uploads\/2026\/05\/img_20260530_150224-768x1365.jpg 768w, https:\/\/usagers-transports.haut-allier.eu\/wp-content\/uploads\/2026\/05\/img_20260530_150224-864x1536.jpg 864w, https:\/\/usagers-transports.haut-allier.eu\/wp-content\/uploads\/2026\/05\/img_20260530_150224-1152x2048.jpg 1152w\" sizes=\"auto, (max-width: 1440px) 100vw, 1440px\" \/>\n<img loading=\"lazy\" decoding=\"async\" class=\" aligncenter size-full wp-image-5856\" src=\"http:\/\/5.45.101.177\/haut-allier\/usagers-transportse\/wp-content\/uploads\/2026\/05\/img_20260530_145733-scaled.jpg\" alt=\"img_20260530_145733.jpg\" align=\"center\" width=\"2560\" height=\"1440\" srcset=\"https:\/\/usagers-transports.haut-allier.eu\/wp-content\/uploads\/2026\/05\/img_20260530_145733-scaled.jpg 2560w, https:\/\/usagers-transports.haut-allier.eu\/wp-content\/uploads\/2026\/05\/img_20260530_145733-300x169.jpg 300w, https:\/\/usagers-transports.haut-allier.eu\/wp-content\/uploads\/2026\/05\/img_20260530_145733-1024x576.jpg 1024w, https:\/\/usagers-transports.haut-allier.eu\/wp-content\/uploads\/2026\/05\/img_20260530_145733-768x432.jpg 768w, https:\/\/usagers-transports.haut-allier.eu\/wp-content\/uploads\/2026\/05\/img_20260530_145733-1536x864.jpg 1536w, https:\/\/usagers-transports.haut-allier.eu\/wp-content\/uploads\/2026\/05\/img_20260530_145733-2048x1152.jpg 2048w\" sizes=\"auto, (max-width: 2560px) 100vw, 2560px\" \/>\n<img loading=\"lazy\" decoding=\"async\" class=\" aligncenter size-full wp-image-5857\" src=\"http:\/\/5.45.101.177\/haut-allier\/usagers-transportse\/wp-content\/uploads\/2026\/05\/img_20260530_145525-scaled.jpg\" alt=\"img_20260530_145525.jpg\" align=\"center\" width=\"2560\" height=\"1440\" srcset=\"https:\/\/usagers-transports.haut-allier.eu\/wp-content\/uploads\/2026\/05\/img_20260530_145525-scaled.jpg 2560w, https:\/\/usagers-transports.haut-allier.eu\/wp-content\/uploads\/2026\/05\/img_20260530_145525-300x169.jpg 300w, https:\/\/usagers-transports.haut-allier.eu\/wp-content\/uploads\/2026\/05\/img_20260530_145525-1024x576.jpg 1024w, https:\/\/usagers-transports.haut-allier.eu\/wp-content\/uploads\/2026\/05\/img_20260530_145525-768x432.jpg 768w, https:\/\/usagers-transports.haut-allier.eu\/wp-content\/uploads\/2026\/05\/img_20260530_145525-1536x864.jpg 1536w, https:\/\/usagers-transports.haut-allier.eu\/wp-content\/uploads\/2026\/05\/img_20260530_145525-2048x1152.jpg 2048w\" sizes=\"auto, (max-width: 2560px) 100vw, 2560px\" \/>\n<img loading=\"lazy\" decoding=\"async\" class=\" aligncenter size-full wp-image-5858\" src=\"http:\/\/5.45.101.177\/haut-allier\/usagers-transportse\/wp-content\/uploads\/2026\/05\/img_20260530_145448_1-scaled.jpg\" alt=\"img_20260530_145448_1.jpg\" align=\"center\" width=\"2560\" height=\"1440\" srcset=\"https:\/\/usagers-transports.haut-allier.eu\/wp-content\/uploads\/2026\/05\/img_20260530_145448_1-scaled.jpg 2560w, https:\/\/usagers-transports.haut-allier.eu\/wp-content\/uploads\/2026\/05\/img_20260530_145448_1-300x169.jpg 300w, https:\/\/usagers-transports.haut-allier.eu\/wp-content\/uploads\/2026\/05\/img_20260530_145448_1-1024x576.jpg 1024w, https:\/\/usagers-transports.haut-allier.eu\/wp-content\/uploads\/2026\/05\/img_20260530_145448_1-768x432.jpg 768w, https:\/\/usagers-transports.haut-allier.eu\/wp-content\/uploads\/2026\/05\/img_20260530_145448_1-1536x864.jpg 1536w, https:\/\/usagers-transports.haut-allier.eu\/wp-content\/uploads\/2026\/05\/img_20260530_145448_1-2048x1152.jpg 2048w\" sizes=\"auto, (max-width: 2560px) 100vw, 2560px\" \/>\n<img loading=\"lazy\" decoding=\"async\" class=\" aligncenter size-full wp-image-5859\" src=\"http:\/\/5.45.101.177\/haut-allier\/usagers-transportse\/wp-content\/uploads\/2026\/05\/img_20260530_145337-scaled.jpg\" alt=\"img_20260530_145337.jpg\" align=\"center\" width=\"2560\" height=\"1440\" srcset=\"https:\/\/usagers-transports.haut-allier.eu\/wp-content\/uploads\/2026\/05\/img_20260530_145337-scaled.jpg 2560w, https:\/\/usagers-transports.haut-allier.eu\/wp-content\/uploads\/2026\/05\/img_20260530_145337-300x169.jpg 300w, https:\/\/usagers-transports.haut-allier.eu\/wp-content\/uploads\/2026\/05\/img_20260530_145337-1024x576.jpg 1024w, https:\/\/usagers-transports.haut-allier.eu\/wp-content\/uploads\/2026\/05\/img_20260530_145337-768x432.jpg 768w, https:\/\/usagers-transports.haut-allier.eu\/wp-content\/uploads\/2026\/05\/img_20260530_145337-1536x864.jpg 1536w, https:\/\/usagers-transports.haut-allier.eu\/wp-content\/uploads\/2026\/05\/img_20260530_145337-2048x1152.jpg 2048w\" sizes=\"auto, (max-width: 2560px) 100vw, 2560px\" \/>\n<img loading=\"lazy\" decoding=\"async\" class=\" aligncenter size-full wp-image-5860\" src=\"http:\/\/5.45.101.177\/haut-allier\/usagers-transportse\/wp-content\/uploads\/2026\/05\/img_20260530_145214-scaled.jpg\" alt=\"img_20260530_145214.jpg\" align=\"center\" width=\"2560\" height=\"1440\" srcset=\"https:\/\/usagers-transports.haut-allier.eu\/wp-content\/uploads\/2026\/05\/img_20260530_145214-scaled.jpg 2560w, https:\/\/usagers-transports.haut-allier.eu\/wp-content\/uploads\/2026\/05\/img_20260530_145214-300x169.jpg 300w, https:\/\/usagers-transports.haut-allier.eu\/wp-content\/uploads\/2026\/05\/img_20260530_145214-1024x576.jpg 1024w, https:\/\/usagers-transports.haut-allier.eu\/wp-content\/uploads\/2026\/05\/img_20260530_145214-768x432.jpg 768w, https:\/\/usagers-transports.haut-allier.eu\/wp-content\/uploads\/2026\/05\/img_20260530_145214-1536x864.jpg 1536w, https:\/\/usagers-transports.haut-allier.eu\/wp-content\/uploads\/2026\/05\/img_20260530_145214-2048x1152.jpg 2048w\" sizes=\"auto, (max-width: 2560px) 100vw, 2560px\" \/>\n<img loading=\"lazy\" decoding=\"async\" class=\" aligncenter size-full wp-image-5861\" src=\"http:\/\/5.45.101.177\/haut-allier\/usagers-transportse\/wp-content\/uploads\/2026\/05\/img_20260530_143812-scaled.jpg\" alt=\"img_20260530_143812.jpg\" align=\"center\" width=\"2560\" height=\"1440\" srcset=\"https:\/\/usagers-transports.haut-allier.eu\/wp-content\/uploads\/2026\/05\/img_20260530_143812-scaled.jpg 2560w, https:\/\/usagers-transports.haut-allier.eu\/wp-content\/uploads\/2026\/05\/img_20260530_143812-300x169.jpg 300w, https:\/\/usagers-transports.haut-allier.eu\/wp-content\/uploads\/2026\/05\/img_20260530_143812-1024x576.jpg 1024w, https:\/\/usagers-transports.haut-allier.eu\/wp-content\/uploads\/2026\/05\/img_20260530_143812-768x432.jpg 768w, https:\/\/usagers-transports.haut-allier.eu\/wp-content\/uploads\/2026\/05\/img_20260530_143812-1536x864.jpg 1536w, https:\/\/usagers-transports.haut-allier.eu\/wp-content\/uploads\/2026\/05\/img_20260530_143812-2048x1152.jpg 2048w\" sizes=\"auto, (max-width: 2560px) 100vw, 2560px\" \/>\n<img loading=\"lazy\" decoding=\"async\" class=\" aligncenter size-full wp-image-5862\" src=\"http:\/\/5.45.101.177\/haut-allier\/usagers-transportse\/wp-content\/uploads\/2026\/05\/img_20260530_143527-scaled.jpg\" alt=\"img_20260530_143527.jpg\" align=\"center\" width=\"2560\" height=\"1440\" srcset=\"https:\/\/usagers-transports.haut-allier.eu\/wp-content\/uploads\/2026\/05\/img_20260530_143527-scaled.jpg 2560w, https:\/\/usagers-transports.haut-allier.eu\/wp-content\/uploads\/2026\/05\/img_20260530_143527-300x169.jpg 300w, https:\/\/usagers-transports.haut-allier.eu\/wp-content\/uploads\/2026\/05\/img_20260530_143527-1024x576.jpg 1024w, https:\/\/usagers-transports.haut-allier.eu\/wp-content\/uploads\/2026\/05\/img_20260530_143527-768x432.jpg 768w, https:\/\/usagers-transports.haut-allier.eu\/wp-content\/uploads\/2026\/05\/img_20260530_143527-1536x864.jpg 1536w, https:\/\/usagers-transports.haut-allier.eu\/wp-content\/uploads\/2026\/05\/img_20260530_143527-2048x1152.jpg 2048w\" sizes=\"auto, (max-width: 2560px) 100vw, 2560px\" \/>\n<img loading=\"lazy\" decoding=\"async\" class=\" aligncenter size-full wp-image-5863\" src=\"http:\/\/5.45.101.177\/haut-allier\/usagers-transportse\/wp-content\/uploads\/2026\/05\/img_20260530_143512-scaled.jpg\" alt=\"img_20260530_143512.jpg\" align=\"center\" width=\"2560\" height=\"1440\" srcset=\"https:\/\/usagers-transports.haut-allier.eu\/wp-content\/uploads\/2026\/05\/img_20260530_143512-scaled.jpg 2560w, https:\/\/usagers-transports.haut-allier.eu\/wp-content\/uploads\/2026\/05\/img_20260530_143512-300x169.jpg 300w, https:\/\/usagers-transports.haut-allier.eu\/wp-content\/uploads\/2026\/05\/img_20260530_143512-1024x576.jpg 1024w, https:\/\/usagers-transports.haut-allier.eu\/wp-content\/uploads\/2026\/05\/img_20260530_143512-768x432.jpg 768w, https:\/\/usagers-transports.haut-allier.eu\/wp-content\/uploads\/2026\/05\/img_20260530_143512-1536x864.jpg 1536w, https:\/\/usagers-transports.haut-allier.eu\/wp-content\/uploads\/2026\/05\/img_20260530_143512-2048x1152.jpg 2048w\" sizes=\"auto, (max-width: 2560px) 100vw, 2560px\" \/>\n<img loading=\"lazy\" decoding=\"async\" class=\" aligncenter size-full wp-image-5864\" src=\"http:\/\/5.45.101.177\/haut-allier\/usagers-transportse\/wp-content\/uploads\/2026\/05\/cf8e_06972d7a-1.jpg\" alt=\"cf8e_06972d7a-1.jpg\" align=\"center\" width=\"768\" height=\"576\" srcset=\"https:\/\/usagers-transports.haut-allier.eu\/wp-content\/uploads\/2026\/05\/cf8e_06972d7a-1.jpg 768w, https:\/\/usagers-transports.haut-allier.eu\/wp-content\/uploads\/2026\/05\/cf8e_06972d7a-1-300x225.jpg 300w\" sizes=\"auto, (max-width: 768px) 100vw, 768px\" \/>\n\nDe Edmond Boisset (LeTrain634269) :\n\n<img loading=\"lazy\" decoding=\"async\" class=\" aligncenter size-full wp-image-5865\" src=\"http:\/\/5.45.101.177\/haut-allier\/usagers-transportse\/wp-content\/uploads\/2026\/05\/sam_1281.jpg\" alt=\"sam_1281.jpg\" align=\"center\" width=\"877\" height=\"658\" srcset=\"https:\/\/usagers-transports.haut-allier.eu\/wp-content\/uploads\/2026\/05\/sam_1281.jpg 877w, https:\/\/usagers-transports.haut-allier.eu\/wp-content\/uploads\/2026\/05\/sam_1281-300x225.jpg 300w, https:\/\/usagers-transports.haut-allier.eu\/wp-content\/uploads\/2026\/05\/sam_1281-768x576.jpg 768w\" sizes=\"auto, (max-width: 877px) 100vw, 877px\" \/>\n<img loading=\"lazy\" decoding=\"async\" class=\" aligncenter size-full wp-image-5866\" src=\"http:\/\/5.45.101.177\/haut-allier\/usagers-transportse\/wp-content\/uploads\/2026\/05\/sam_1307.jpg\" alt=\"sam_1307.jpg\" align=\"center\" width=\"877\" height=\"658\" srcset=\"https:\/\/usagers-transports.haut-allier.eu\/wp-content\/uploads\/2026\/05\/sam_1307.jpg 877w, https:\/\/usagers-transports.haut-allier.eu\/wp-content\/uploads\/2026\/05\/sam_1307-300x225.jpg 300w, https:\/\/usagers-transports.haut-allier.eu\/wp-content\/uploads\/2026\/05\/sam_1307-768x576.jpg 768w\" sizes=\"auto, (max-width: 877px) 100vw, 877px\" \/>\n<img loading=\"lazy\" decoding=\"async\" class=\" aligncenter size-full wp-image-5867\" src=\"http:\/\/5.45.101.177\/haut-allier\/usagers-transportse\/wp-content\/uploads\/2026\/05\/sam_1298.jpg\" alt=\"sam_1298.jpg\" align=\"center\" width=\"494\" height=\"658\" srcset=\"https:\/\/usagers-transports.haut-allier.eu\/wp-content\/uploads\/2026\/05\/sam_1298.jpg 494w, https:\/\/usagers-transports.haut-allier.eu\/wp-content\/uploads\/2026\/05\/sam_1298-225x300.jpg 225w\" sizes=\"auto, (max-width: 494px) 100vw, 494px\" \/>\n<img loading=\"lazy\" decoding=\"async\" class=\" aligncenter size-full wp-image-5868\" src=\"http:\/\/5.45.101.177\/haut-allier\/usagers-transportse\/wp-content\/uploads\/2026\/05\/image014img_20260530_143527.jpg\" alt=\"image014img_20260530_143527.jpg\" align=\"center\" width=\"494\" height=\"658\" srcset=\"https:\/\/usagers-transports.haut-allier.eu\/wp-content\/uploads\/2026\/05\/image014img_20260530_143527.jpg 494w, https:\/\/usagers-transports.haut-allier.eu\/wp-content\/uploads\/2026\/05\/image014img_20260530_143527-225x300.jpg 225w\" sizes=\"auto, (max-width: 494px) 100vw, 494px\" \/>\n\n<p>&nbsp;<\/p>\n\n\t<figure class=\"wp-block-gallery columns-3 is-cropped wp-block-gallery-1 is-layout-flex wp-block-gallery-is-layout-flex\">\n\t\t<ul class=\"blocks-gallery-grid\">\n\t\t\t<li class=\"blocks-gallery-item\">\n\t\t\t\t<figure>\n\t\t\t\t\t\t\t\t\t\t\t<img loading=\"lazy\" decoding=\"async\" width=\"2000\" height=\"1125\" src=\"http:\/\/5.45.101.177\/haut-allier\/usagers-transportse\/wp-content\/uploads\/2026\/05\/img_20260530_153818-logo.jpg\"\n\t\t\t\t\t\t alt=\"img_20260530_153818-logo.jpg\"\n\t\t\t\t\t\t data-id=\"5869\"\n\t\t\t\t\t\t data-full-url=\"http:\/\/5.45.101.177\/haut-allier\/usagers-transportse\/wp-content\/uploads\/2026\/05\/img_20260530_153818-logo.jpg\"\n\t\t\t\t\t\t data-link=\"http:\/\/5.45.101.177\/haut-allier\/usagers-transportse\/attachment-img_20260530_153818-logo-jpg\/\"\n\t\t\t\t\t\t class=\"wp-image-5869\" srcset=\"https:\/\/usagers-transports.haut-allier.eu\/wp-content\/uploads\/2026\/05\/img_20260530_153818-logo.jpg 2000w, https:\/\/usagers-transports.haut-allier.eu\/wp-content\/uploads\/2026\/05\/img_20260530_153818-logo-300x169.jpg 300w, https:\/\/usagers-transports.haut-allier.eu\/wp-content\/uploads\/2026\/05\/img_20260530_153818-logo-1024x576.jpg 1024w, https:\/\/usagers-transports.haut-allier.eu\/wp-content\/uploads\/2026\/05\/img_20260530_153818-logo-768x432.jpg 768w, https:\/\/usagers-transports.haut-allier.eu\/wp-content\/uploads\/2026\/05\/img_20260530_153818-logo-1536x864.jpg 1536w\" sizes=\"auto, (max-width: 2000px) 100vw, 2000px\" \/>\n\t\t\t\t<\/figure>\n\t\t\t<\/li>\n\t\t\t<li class=\"blocks-gallery-item\">\n\t\t\t\t<figure>\n\t\t\t\t\t\t\t\t\t\t\t<img loading=\"lazy\" decoding=\"async\" width=\"1920\" height=\"1080\" src=\"http:\/\/5.45.101.177\/haut-allier\/usagers-transportse\/wp-content\/uploads\/2026\/05\/vlcsnap-2026-05-31-10h05m11s031.jpg\"\n\t\t\t\t\t\t alt=\"vlcsnap-2026-05-31-10h05m11s031.jpg\"\n\t\t\t\t\t\t data-id=\"5870\"\n\t\t\t\t\t\t data-full-url=\"http:\/\/5.45.101.177\/haut-allier\/usagers-transportse\/wp-content\/uploads\/2026\/05\/vlcsnap-2026-05-31-10h05m11s031.jpg\"\n\t\t\t\t\t\t data-link=\"http:\/\/5.45.101.177\/haut-allier\/usagers-transportse\/attachment-vlcsnap-2026-05-31-10h05m11s031-jpg\/\"\n\t\t\t\t\t\t class=\"wp-image-5870\" srcset=\"https:\/\/usagers-transports.haut-allier.eu\/wp-content\/uploads\/2026\/05\/vlcsnap-2026-05-31-10h05m11s031.jpg 1920w, https:\/\/usagers-transports.haut-allier.eu\/wp-content\/uploads\/2026\/05\/vlcsnap-2026-05-31-10h05m11s031-300x169.jpg 300w, https:\/\/usagers-transports.haut-allier.eu\/wp-content\/uploads\/2026\/05\/vlcsnap-2026-05-31-10h05m11s031-1024x576.jpg 1024w, https:\/\/usagers-transports.haut-allier.eu\/wp-content\/uploads\/2026\/05\/vlcsnap-2026-05-31-10h05m11s031-768x432.jpg 768w, https:\/\/usagers-transports.haut-allier.eu\/wp-content\/uploads\/2026\/05\/vlcsnap-2026-05-31-10h05m11s031-1536x864.jpg 1536w\" sizes=\"auto, (max-width: 1920px) 100vw, 1920px\" \/>\n\t\t\t\t<\/figure>\n\t\t\t<\/li>\n\t\t\t<li class=\"blocks-gallery-item\">\n\t\t\t\t<figure>\n\t\t\t\t\t\t\t\t\t\t\t<img loading=\"lazy\" decoding=\"async\" width=\"2560\" height=\"1440\" src=\"http:\/\/5.45.101.177\/haut-allier\/usagers-transportse\/wp-content\/uploads\/2026\/05\/img_20260530_153818-scaled.jpg\"\n\t\t\t\t\t\t alt=\"img_20260530_153818.jpg\"\n\t\t\t\t\t\t data-id=\"5871\"\n\t\t\t\t\t\t data-full-url=\"http:\/\/5.45.101.177\/haut-allier\/usagers-transportse\/wp-content\/uploads\/2026\/05\/img_20260530_153818-scaled.jpg\"\n\t\t\t\t\t\t data-link=\"http:\/\/5.45.101.177\/haut-allier\/usagers-transportse\/attachment-img_20260530_153818-jpg\/\"\n\t\t\t\t\t\t class=\"wp-image-5871\" srcset=\"https:\/\/usagers-transports.haut-allier.eu\/wp-content\/uploads\/2026\/05\/img_20260530_153818-scaled.jpg 2560w, https:\/\/usagers-transports.haut-allier.eu\/wp-content\/uploads\/2026\/05\/img_20260530_153818-300x169.jpg 300w, https:\/\/usagers-transports.haut-allier.eu\/wp-content\/uploads\/2026\/05\/img_20260530_153818-1024x576.jpg 1024w, https:\/\/usagers-transports.haut-allier.eu\/wp-content\/uploads\/2026\/05\/img_20260530_153818-768x432.jpg 768w, https:\/\/usagers-transports.haut-allier.eu\/wp-content\/uploads\/2026\/05\/img_20260530_153818-1536x864.jpg 1536w, https:\/\/usagers-transports.haut-allier.eu\/wp-content\/uploads\/2026\/05\/img_20260530_153818-2048x1152.jpg 2048w\" sizes=\"auto, (max-width: 2560px) 100vw, 2560px\" \/>\n\t\t\t\t<\/figure>\n\t\t\t<\/li>\n\t\t<\/ul>\n\t<\/figure>\n","protected":false},"excerpt":{"rendered":"<p>Environ 150 personnes, nous sommes loin du millier du 31 janvier \u00e0 Limoges, et cel\u00e0 principalement \u00e0 cause<\/p>\n","protected":false},"author":4,"featured_media":5839,"comment_status":"closed","ping_status":"open","sticky":false,"template":"","format":"standard","meta":{"footnotes":""},"categories":[3],"tags":[],"class_list":["post-1280","post","type-post","status-publish","format-standard","has-post-thumbnail","hentry","category-en-train"],"_links":{"self":[{"href":"https:\/\/usagers-transports.haut-allier.eu\/index.php\/wp-json\/wp\/v2\/posts\/1280","targetHints":{"allow":["GET"]}}],"collection":[{"href":"https:\/\/usagers-transports.haut-allier.eu\/index.php\/wp-json\/wp\/v2\/posts"}],"about":[{"href":"https:\/\/usagers-transports.haut-allier.eu\/index.php\/wp-json\/wp\/v2\/types\/post"}],"author":[{"embeddable":true,"href":"https:\/\/usagers-transports.haut-allier.eu\/index.php\/wp-json\/wp\/v2\/users\/4"}],"replies":[{"embeddable":true,"href":"https:\/\/usagers-transports.haut-allier.eu\/index.php\/wp-json\/wp\/v2\/comments?post=1280"}],"version-history":[{"count":1,"href":"https:\/\/usagers-transports.haut-allier.eu\/index.php\/wp-json\/wp\/v2\/posts\/1280\/revisions"}],"predecessor-version":[{"id":5872,"href":"https:\/\/usagers-transports.haut-allier.eu\/index.php\/wp-json\/wp\/v2\/posts\/1280\/revisions\/5872"}],"wp:featuredmedia":[{"embeddable":true,"href":"https:\/\/usagers-transports.haut-allier.eu\/index.php\/wp-json\/wp\/v2\/media\/5839"}],"wp:attachment":[{"href":"https:\/\/usagers-transports.haut-allier.eu\/index.php\/wp-json\/wp\/v2\/media?parent=1280"}],"wp:term":[{"taxonomy":"category","embeddable":true,"href":"https:\/\/usagers-transports.haut-allier.eu\/index.php\/wp-json\/wp\/v2\/categories?post=1280"},{"taxonomy":"post_tag","embeddable":true,"href":"https:\/\/usagers-transports.haut-allier.eu\/index.php\/wp-json\/wp\/v2\/tags?post=1280"}],"curies":[{"name":"wp","href":"https:\/\/api.w.org\/{rel}","templated":true}]}}