{"id":1281,"date":"2026-06-02T07:32:36","date_gmt":"2026-06-02T05:32:36","guid":{"rendered":"http:\/\/5.45.101.177\/haut-allier\/usagers-transportse\/index.php\/2026\/06\/02\/auvergne-rhone-alpes-les-ar-en-ter1281\/"},"modified":"2026-09-01T16:12:52","modified_gmt":"2026-09-01T14:12:52","slug":"auvergne-rhone-alpes-les-ar-en-ter1281","status":"publish","type":"post","link":"https:\/\/usagers-transports.haut-allier.eu\/index.php\/2026\/06\/02\/auvergne-rhone-alpes-les-ar-en-ter1281\/","title":{"rendered":"Auvergne Rh\u00f4ne Alpes : les AR en TER \u00e0 5 euros ce jeudi 4 juin !"},"content":{"rendered":"Pour une fois que cette r\u00e9gion initie une tarification favorable au train ne boudons pas notre plaisir et annon\u00e7ons. Alors ce n&rsquo;est valable que le 4 juin, il faut que le trajet soit inf\u00e9rieur \u00e0 70 km sinon c&rsquo;est le prix normal, mais c&rsquo;est un aller-retour, donc c&rsquo;est avantageux.\n\n&#8211; Les cars de la r\u00e9gion sont gratuits, eux,\n&#8211; Les cars r\u00e9gion Express sont \u00e0 deux euros,\n&#8211; 5 euros l&rsquo;aller-retour dans toute la r\u00e9gion \u00e0 condition que l&rsquo;aller se fasse sur moins de 70 km,\n\nMais ce n&rsquo;est pas ouvert \u00e0 tous, il faut faire inscrire son \u00e9tablissement (scolaire, professionnel&#8230;) si on en a un, ici :\n\nhttps:\/\/challengemobilite.auvergnerhonealpes.fr\/page\/inscription.html\n\nEnsuite on peut \u00ab\u00a0participer\u00a0\u00bb.\n\nOn peut peut-\u00eatre le faire directement sans passer par la case inscription, ce n&rsquo;est pas clair. Voir le site TER.\n\nQu&rsquo;est-ce v\u00e9ritablement que ce Challenge Mobilit\u00e9s ? R\u00e9ponse :\n\nhttps:\/\/challengemobilite.auvergnerhonealpes.fr\/page\/questcequecest.html\n\nVendu uniquement en ligne sur le site ter.sncf.com : \n\nhttps:\/\/www.ter.sncf.com\/auvergne-rhone-alpes\/products\/form\n\nhttps:\/\/www.ter.sncf.com\/auvergne-rhone-alpes\/tarifs-cartes\/challenge-mobilite\n\n\n<p>&nbsp;<\/p>\n\n\t<figure class=\"wp-block-gallery columns-1 is-cropped wp-block-gallery-1 is-layout-flex wp-block-gallery-is-layout-flex\">\n\t\t<ul class=\"blocks-gallery-grid\">\n\t\t\t<li class=\"blocks-gallery-item\">\n\t\t\t\t<figure>\n\t\t\t\t\t\t\t\t\t\t\t<img loading=\"lazy\" decoding=\"async\" width=\"1200\" height=\"601\" src=\"http:\/\/5.45.101.177\/haut-allier\/usagers-transportse\/wp-content\/uploads\/2026\/06\/offer-71.jpg\"\n\t\t\t\t\t\t alt=\"offer-71.jpg\"\n\t\t\t\t\t\t data-id=\"5873\"\n\t\t\t\t\t\t data-full-url=\"http:\/\/5.45.101.177\/haut-allier\/usagers-transportse\/wp-content\/uploads\/2026\/06\/offer-71.jpg\"\n\t\t\t\t\t\t data-link=\"http:\/\/5.45.101.177\/haut-allier\/usagers-transportse\/attachment-offer-71-jpg\/\"\n\t\t\t\t\t\t class=\"wp-image-5873\" srcset=\"https:\/\/usagers-transports.haut-allier.eu\/wp-content\/uploads\/2026\/06\/offer-71.jpg 1200w, https:\/\/usagers-transports.haut-allier.eu\/wp-content\/uploads\/2026\/06\/offer-71-300x150.jpg 300w, https:\/\/usagers-transports.haut-allier.eu\/wp-content\/uploads\/2026\/06\/offer-71-1024x513.jpg 1024w, https:\/\/usagers-transports.haut-allier.eu\/wp-content\/uploads\/2026\/06\/offer-71-768x385.jpg 768w\" sizes=\"auto, (max-width: 1200px) 100vw, 1200px\" \/>\n\t\t\t\t<\/figure>\n\t\t\t<\/li>\n\t\t<\/ul>\n\t<\/figure>\n","protected":false},"excerpt":{"rendered":"<p>Pour une fois que cette r\u00e9gion initie une tarification favorable au train ne boudons pas notre plaisir et<\/p>\n","protected":false},"author":4,"featured_media":5873,"comment_status":"open","ping_status":"open","sticky":false,"template":"","format":"standard","meta":{"footnotes":""},"categories":[3],"tags":[],"class_list":["post-1281","post","type-post","status-publish","format-standard","has-post-thumbnail","hentry","category-en-train"],"_links":{"self":[{"href":"https:\/\/usagers-transports.haut-allier.eu\/index.php\/wp-json\/wp\/v2\/posts\/1281","targetHints":{"allow":["GET"]}}],"collection":[{"href":"https:\/\/usagers-transports.haut-allier.eu\/index.php\/wp-json\/wp\/v2\/posts"}],"about":[{"href":"https:\/\/usagers-transports.haut-allier.eu\/index.php\/wp-json\/wp\/v2\/types\/post"}],"author":[{"embeddable":true,"href":"https:\/\/usagers-transports.haut-allier.eu\/index.php\/wp-json\/wp\/v2\/users\/4"}],"replies":[{"embeddable":true,"href":"https:\/\/usagers-transports.haut-allier.eu\/index.php\/wp-json\/wp\/v2\/comments?post=1281"}],"version-history":[{"count":1,"href":"https:\/\/usagers-transports.haut-allier.eu\/index.php\/wp-json\/wp\/v2\/posts\/1281\/revisions"}],"predecessor-version":[{"id":5874,"href":"https:\/\/usagers-transports.haut-allier.eu\/index.php\/wp-json\/wp\/v2\/posts\/1281\/revisions\/5874"}],"wp:featuredmedia":[{"embeddable":true,"href":"https:\/\/usagers-transports.haut-allier.eu\/index.php\/wp-json\/wp\/v2\/media\/5873"}],"wp:attachment":[{"href":"https:\/\/usagers-transports.haut-allier.eu\/index.php\/wp-json\/wp\/v2\/media?parent=1281"}],"wp:term":[{"taxonomy":"category","embeddable":true,"href":"https:\/\/usagers-transports.haut-allier.eu\/index.php\/wp-json\/wp\/v2\/categories?post=1281"},{"taxonomy":"post_tag","embeddable":true,"href":"https:\/\/usagers-transports.haut-allier.eu\/index.php\/wp-json\/wp\/v2\/tags?post=1281"}],"curies":[{"name":"wp","href":"https:\/\/api.w.org\/{rel}","templated":true}]}}