{"id":1282,"date":"2026-06-02T07:48:38","date_gmt":"2026-06-02T05:48:38","guid":{"rendered":"http:\/\/5.45.101.177\/haut-allier\/usagers-transportse\/index.php\/2026\/06\/02\/trafic-perturbe-sur-toutes-les1282\/"},"modified":"2026-09-01T16:12:53","modified_gmt":"2026-09-01T14:12:53","slug":"trafic-perturbe-sur-toutes-les1282","status":"publish","type":"post","link":"https:\/\/usagers-transports.haut-allier.eu\/index.php\/2026\/06\/02\/trafic-perturbe-sur-toutes-les1282\/","title":{"rendered":"Trafic perturb\u00e9 sur toutes les lignes TER au sud de Clermont Ferrand [MAJ]"},"content":{"rendered":"[Mise \u00e0 jour]\n\nLe trafic continue ce jour vendredi 5 juin d&rsquo;\u00eatre perturb\u00e9 pour les m\u00eames raisons. V\u00e9rifiez tous les jours \u00e0 17h les sites et les fiches horaires SNCF ici :\n\nhttps:\/\/www.ter.sncf.com\/auvergne-rhone-alpes\/se-deplacer\/fiches-horaires\n\n\n<hr \/>\n\n\n\nDepuis samedi 30 mai et aujourd&rsquo;hui mardi encore, suite \u00e0 un mouvement social local du gestionnaire du r\u00e9seau et \u00e0 des \u00ab\u00a0contraintes de production\u00a0\u00bb, le trafic est perturb\u00e9 sur les lignes : \n\n+ Clermont-Ferrand &#8211; Langogne &#8211; N\u00eemes.\n+ Le Puy-en-Velay &#8211; Langeac &#8211; Clermont-Ferrand.\n+ Brioude &#8211; Issoire &#8211; Clermont-Ferrand.\n+ Toulouse &#8211; Aurillac.\n\nLes fiches horaires :\n\n<a href=\"http:\/\/5.45.101.177\/haut-allier\/usagers-transportse\/wp-content\/uploads\/2026\/06\/fh08_ligne_08___clermont_ferrand_-_nimes_mardi-02-juin-2026_a3_v1.pdf\">fh08_ligne_08___clermont_ferrand_-_nimes_mardi-02-juin-2026_a3_v1.pdf<\/a>\n\n<a href=\"http:\/\/5.45.101.177\/haut-allier\/usagers-transportse\/wp-content\/uploads\/2026\/06\/fh26_ligne_26___clermont_ferrand_-_le_puy_en_velay_mardi-02-juin-2026_a3_v1.pdf\">fh26_ligne_26___clermont_ferrand_-_le_puy_en_velay_mardi-02-juin-2026_a3_v1.pdf<\/a>\n\n<a href=\"http:\/\/5.45.101.177\/haut-allier\/usagers-transportse\/wp-content\/uploads\/2026\/06\/fh65b_ligne_65b___aurillac_-_toulouse_mardi-02-juin-2026_a3_v1.pdf\">fh65b_ligne_65b___aurillac_-_toulouse_mardi-02-juin-2026_a3_v1.pdf<\/a>\n\n<a href=\"http:\/\/5.45.101.177\/haut-allier\/usagers-transportse\/wp-content\/uploads\/2026\/06\/fh80_ligne_80___clermont_fd_-_brioude_mardi-02-juin-2026_a3_v1.pdf\">fh80_ligne_80___clermont_fd_-_brioude_mardi-02-juin-2026_a3_v1.pdf<\/a>\n\n<p>&nbsp;<\/p>\n\n\t<figure class=\"wp-block-gallery columns-1 is-cropped wp-block-gallery-1 is-layout-flex wp-block-gallery-is-layout-flex\">\n\t\t<ul class=\"blocks-gallery-grid\">\n\t\t\t<li class=\"blocks-gallery-item\">\n\t\t\t\t<figure>\n\t\t\t\t\t\t\t\t\t\t\t<img loading=\"lazy\" decoding=\"async\" width=\"328\" height=\"303\" src=\"http:\/\/5.45.101.177\/haut-allier\/usagers-transportse\/wp-content\/uploads\/2026\/06\/ab565efe-b052-4836-88e1-14bc5a4e5acf.jpg\"\n\t\t\t\t\t\t alt=\"ab565efe-b052-4836-88e1-14bc5a4e5acf.jpg\"\n\t\t\t\t\t\t data-id=\"5879\"\n\t\t\t\t\t\t data-full-url=\"http:\/\/5.45.101.177\/haut-allier\/usagers-transportse\/wp-content\/uploads\/2026\/06\/ab565efe-b052-4836-88e1-14bc5a4e5acf.jpg\"\n\t\t\t\t\t\t data-link=\"http:\/\/5.45.101.177\/haut-allier\/usagers-transportse\/attachment-ab565efe-b052-4836-88e1-14bc5a4e5acf-jpg\/\"\n\t\t\t\t\t\t class=\"wp-image-5879\" srcset=\"https:\/\/usagers-transports.haut-allier.eu\/wp-content\/uploads\/2026\/06\/ab565efe-b052-4836-88e1-14bc5a4e5acf.jpg 328w, https:\/\/usagers-transports.haut-allier.eu\/wp-content\/uploads\/2026\/06\/ab565efe-b052-4836-88e1-14bc5a4e5acf-300x277.jpg 300w\" sizes=\"auto, (max-width: 328px) 100vw, 328px\" \/>\n\t\t\t\t<\/figure>\n\t\t\t<\/li>\n\t\t<\/ul>\n\t<\/figure>\n","protected":false},"excerpt":{"rendered":"<p>[Mise \u00e0 jour] Le trafic continue ce jour vendredi 5 juin d&rsquo;\u00eatre perturb\u00e9 pour les m\u00eames raisons. V\u00e9rifiez<\/p>\n","protected":false},"author":4,"featured_media":5879,"comment_status":"open","ping_status":"open","sticky":false,"template":"","format":"standard","meta":{"footnotes":""},"categories":[3],"tags":[],"class_list":["post-1282","post","type-post","status-publish","format-standard","has-post-thumbnail","hentry","category-en-train"],"_links":{"self":[{"href":"https:\/\/usagers-transports.haut-allier.eu\/index.php\/wp-json\/wp\/v2\/posts\/1282","targetHints":{"allow":["GET"]}}],"collection":[{"href":"https:\/\/usagers-transports.haut-allier.eu\/index.php\/wp-json\/wp\/v2\/posts"}],"about":[{"href":"https:\/\/usagers-transports.haut-allier.eu\/index.php\/wp-json\/wp\/v2\/types\/post"}],"author":[{"embeddable":true,"href":"https:\/\/usagers-transports.haut-allier.eu\/index.php\/wp-json\/wp\/v2\/users\/4"}],"replies":[{"embeddable":true,"href":"https:\/\/usagers-transports.haut-allier.eu\/index.php\/wp-json\/wp\/v2\/comments?post=1282"}],"version-history":[{"count":1,"href":"https:\/\/usagers-transports.haut-allier.eu\/index.php\/wp-json\/wp\/v2\/posts\/1282\/revisions"}],"predecessor-version":[{"id":5880,"href":"https:\/\/usagers-transports.haut-allier.eu\/index.php\/wp-json\/wp\/v2\/posts\/1282\/revisions\/5880"}],"wp:featuredmedia":[{"embeddable":true,"href":"https:\/\/usagers-transports.haut-allier.eu\/index.php\/wp-json\/wp\/v2\/media\/5879"}],"wp:attachment":[{"href":"https:\/\/usagers-transports.haut-allier.eu\/index.php\/wp-json\/wp\/v2\/media?parent=1282"}],"wp:term":[{"taxonomy":"category","embeddable":true,"href":"https:\/\/usagers-transports.haut-allier.eu\/index.php\/wp-json\/wp\/v2\/categories?post=1282"},{"taxonomy":"post_tag","embeddable":true,"href":"https:\/\/usagers-transports.haut-allier.eu\/index.php\/wp-json\/wp\/v2\/tags?post=1282"}],"curies":[{"name":"wp","href":"https:\/\/api.w.org\/{rel}","templated":true}]}}