{"id":1283,"date":"2026-06-07T10:27:31","date_gmt":"2026-06-07T08:27:31","guid":{"rendered":"http:\/\/5.45.101.177\/haut-allier\/usagers-transportse\/index.php\/2026\/06\/07\/tour-de-france-2026-sncf-aura1283\/"},"modified":"2026-09-01T16:12:53","modified_gmt":"2026-09-01T14:12:53","slug":"tour-de-france-2026-sncf-aura1283","status":"publish","type":"post","link":"https:\/\/usagers-transports.haut-allier.eu\/index.php\/2026\/06\/07\/tour-de-france-2026-sncf-aura1283\/","title":{"rendered":"Tour de France 2026 : SNCF AuRA renforcera-t-elle les trains pour l&rsquo;\u00e9tape Cantalienne ?"},"content":{"rendered":"<em>\u00ab\u00a0L\u2019\u00e9tape du 14 juillet d\u00e9marrera d\u2019Aurillac et se terminera au Lioran, \u00e0 200 m\u00e8tres de la gare\u00a0\u00bb<\/em>, s\u2019est enflamm\u00e9 Christian Prudhomme, le directeur du tour de France. \n\n<em>\u00ab\u00a0Un partenariat digne de ce nom entre la SNCF et le Tour de France gagnerait \u00e0 s\u2019inspirer de cette exp\u00e9rience. Ou, \u00e0 tout le moins, de faciliter l\u2019acheminement du public par le train\u00a0\u00bb<\/em> fait remarquer <a href=\"https:\/\/www.mobilettre.com\/\"><em>La Mobilettre<\/em><\/a> une des r\u00e9f\u00e9rences reconnues de l&rsquo;information transports.\n\nMais c&rsquo;est sans compter sur le service limit\u00e9 qu&rsquo;impose SNCF AuRA et la R\u00e9gion sur cette ligne (voir la carte de l&rsquo;\u00e9tat du service en Auvergne \u00e9tablie par le collectif AuRAil  <a href=\"https:\/\/aurail.eu\/?p=1033\"><em>ici<\/em><\/a>) qui indique 6 AR en semaine. Et le dimanche c&rsquo;est pire.\n\nNe parlons pas des prix dissuasifs pratiqu\u00e9s par la R\u00e9gion : 28 euros un Lioran &#8211; Clermont, 10 euros un Aurillac &#8211; Lioran, autant prendre sa voiture !\n\nSur les horaires c&rsquo;est en effet&#8230;\n\n&#8211; D&rsquo;Aurillac vers le Lioran le 14 juillet, 4 trains :\n\n<img loading=\"lazy\" decoding=\"async\" class=\" aligncenter size-full wp-image-5881\" src=\"http:\/\/5.45.101.177\/haut-allier\/usagers-transportse\/wp-content\/uploads\/2026\/06\/da74fb1c-b81a-48b5-b700-24b4eb4b176e.jpg\" alt=\"da74fb1c-b81a-48b5-b700-24b4eb4b176e.jpg\" align=\"center\" width=\"1092\" height=\"332\" srcset=\"https:\/\/usagers-transports.haut-allier.eu\/wp-content\/uploads\/2026\/06\/da74fb1c-b81a-48b5-b700-24b4eb4b176e.jpg 1092w, https:\/\/usagers-transports.haut-allier.eu\/wp-content\/uploads\/2026\/06\/da74fb1c-b81a-48b5-b700-24b4eb4b176e-300x91.jpg 300w, https:\/\/usagers-transports.haut-allier.eu\/wp-content\/uploads\/2026\/06\/da74fb1c-b81a-48b5-b700-24b4eb4b176e-1024x311.jpg 1024w, https:\/\/usagers-transports.haut-allier.eu\/wp-content\/uploads\/2026\/06\/da74fb1c-b81a-48b5-b700-24b4eb4b176e-768x233.jpg 768w\" sizes=\"auto, (max-width: 1092px) 100vw, 1092px\" \/>\n\n&#8211; Du Lioran vers Aurillac, pour le retour 5 trains :\n\n<img loading=\"lazy\" decoding=\"async\" class=\" aligncenter size-full wp-image-5882\" src=\"http:\/\/5.45.101.177\/haut-allier\/usagers-transportse\/wp-content\/uploads\/2026\/06\/f8a7ce1b-4b22-464c-8fe6-4a09889df648.jpg\" alt=\"f8a7ce1b-4b22-464c-8fe6-4a09889df648.jpg\" align=\"center\" width=\"1077\" height=\"516\" srcset=\"https:\/\/usagers-transports.haut-allier.eu\/wp-content\/uploads\/2026\/06\/f8a7ce1b-4b22-464c-8fe6-4a09889df648.jpg 1077w, https:\/\/usagers-transports.haut-allier.eu\/wp-content\/uploads\/2026\/06\/f8a7ce1b-4b22-464c-8fe6-4a09889df648-300x144.jpg 300w, https:\/\/usagers-transports.haut-allier.eu\/wp-content\/uploads\/2026\/06\/f8a7ce1b-4b22-464c-8fe6-4a09889df648-1024x491.jpg 1024w, https:\/\/usagers-transports.haut-allier.eu\/wp-content\/uploads\/2026\/06\/f8a7ce1b-4b22-464c-8fe6-4a09889df648-768x368.jpg 768w\" sizes=\"auto, (max-width: 1077px) 100vw, 1077px\" \/>\n\n&#8211; De Clermont-Ferrand, c&rsquo;est 5 trains alors que le premier TER est affich\u00e9 \u00ab\u00a0complet\u00a0\u00bb plus d&rsquo;un mois avant :\n\n<img loading=\"lazy\" decoding=\"async\" class=\" aligncenter size-full wp-image-5883\" src=\"http:\/\/5.45.101.177\/haut-allier\/usagers-transportse\/wp-content\/uploads\/2026\/06\/82ee9223-fa58-4fcf-880b-84b7023f9cdb.jpg\" alt=\"82ee9223-fa58-4fcf-880b-84b7023f9cdb.jpg\" align=\"center\" width=\"1052\" height=\"501\" srcset=\"https:\/\/usagers-transports.haut-allier.eu\/wp-content\/uploads\/2026\/06\/82ee9223-fa58-4fcf-880b-84b7023f9cdb.jpg 1052w, https:\/\/usagers-transports.haut-allier.eu\/wp-content\/uploads\/2026\/06\/82ee9223-fa58-4fcf-880b-84b7023f9cdb-300x143.jpg 300w, https:\/\/usagers-transports.haut-allier.eu\/wp-content\/uploads\/2026\/06\/82ee9223-fa58-4fcf-880b-84b7023f9cdb-1024x488.jpg 1024w, https:\/\/usagers-transports.haut-allier.eu\/wp-content\/uploads\/2026\/06\/82ee9223-fa58-4fcf-880b-84b7023f9cdb-768x366.jpg 768w\" sizes=\"auto, (max-width: 1052px) 100vw, 1052px\" \/>\n\n&#8211; et enfin nous avons 4 trains vers Clermont pour le retour :\n\n <img loading=\"lazy\" decoding=\"async\" class=\" aligncenter size-full wp-image-5884\" src=\"http:\/\/5.45.101.177\/haut-allier\/usagers-transportse\/wp-content\/uploads\/2026\/06\/62b7a104-218f-44d2-9723-3fc12195fd4b.jpg\" alt=\"62b7a104-218f-44d2-9723-3fc12195fd4b.jpg\" align=\"center\" width=\"1073\" height=\"441\" srcset=\"https:\/\/usagers-transports.haut-allier.eu\/wp-content\/uploads\/2026\/06\/62b7a104-218f-44d2-9723-3fc12195fd4b.jpg 1073w, https:\/\/usagers-transports.haut-allier.eu\/wp-content\/uploads\/2026\/06\/62b7a104-218f-44d2-9723-3fc12195fd4b-300x123.jpg 300w, https:\/\/usagers-transports.haut-allier.eu\/wp-content\/uploads\/2026\/06\/62b7a104-218f-44d2-9723-3fc12195fd4b-1024x421.jpg 1024w, https:\/\/usagers-transports.haut-allier.eu\/wp-content\/uploads\/2026\/06\/62b7a104-218f-44d2-9723-3fc12195fd4b-768x316.jpg 768w\" sizes=\"auto, (max-width: 1073px) 100vw, 1073px\" \/>\n\nEt Gilles Dansart, le journaliste de Mobilettre d&rsquo;ajouter dans son article :\n<em>\u00ab\u00a0La SNCF n\u2019est pas capable, \u00e0 ce stade, de dire si le trafic ferroviaire sera renforc\u00e9 ce jour-l\u00e0.\u00a0\u00bb<\/em>\n\nNous doutons qu&rsquo;\u00e0 un mois il y ait un changement. Peut-\u00eatre quelques bus suppl\u00e9mentaires, mais des trains !! En Auvergne et plus particuli\u00e8rement au sud de Clermont la SNCF et la r\u00e9gion Auvergne Rh\u00f6ne Alpes ne sont pas connues pour \u00eatre \u00e0 la pointe de l&rsquo;adaptation \u00e0 la demande.\n\n[fond rouge][blanc]Nous ajoutons \u00e0 la demande de beaucoup qu&rsquo;un train vapeur associatif effectuera la liaison Clermont &#8211; Le Lioran comme nous l&rsquo;indiquions il y a quelques semaines <a href=\"https:\/\/usagers-transports.haut-allier.eu\/?massif-central-et-ligne-des,1264.html\"><em>ici<\/em><\/a>.[\/blanc][\/fond rouge]\n<p>&nbsp;<\/p>\n\n\t<figure class=\"wp-block-gallery columns-1 is-cropped wp-block-gallery-1 is-layout-flex wp-block-gallery-is-layout-flex\">\n\t\t<ul class=\"blocks-gallery-grid\">\n\t\t\t<li class=\"blocks-gallery-item\">\n\t\t\t\t<figure>\n\t\t\t\t\t\t\t\t\t\t\t<img loading=\"lazy\" decoding=\"async\" width=\"866\" height=\"504\" src=\"http:\/\/5.45.101.177\/haut-allier\/usagers-transportse\/wp-content\/uploads\/2026\/06\/f2c956e5-5ccb-4ffc-ac5f-0abc7c1a430c.jpg\"\n\t\t\t\t\t\t alt=\"f2c956e5-5ccb-4ffc-ac5f-0abc7c1a430c.jpg\"\n\t\t\t\t\t\t data-id=\"5885\"\n\t\t\t\t\t\t data-full-url=\"http:\/\/5.45.101.177\/haut-allier\/usagers-transportse\/wp-content\/uploads\/2026\/06\/f2c956e5-5ccb-4ffc-ac5f-0abc7c1a430c.jpg\"\n\t\t\t\t\t\t data-link=\"http:\/\/5.45.101.177\/haut-allier\/usagers-transportse\/attachment-f2c956e5-5ccb-4ffc-ac5f-0abc7c1a430c-jpg\/\"\n\t\t\t\t\t\t class=\"wp-image-5885\" srcset=\"https:\/\/usagers-transports.haut-allier.eu\/wp-content\/uploads\/2026\/06\/f2c956e5-5ccb-4ffc-ac5f-0abc7c1a430c.jpg 866w, https:\/\/usagers-transports.haut-allier.eu\/wp-content\/uploads\/2026\/06\/f2c956e5-5ccb-4ffc-ac5f-0abc7c1a430c-300x175.jpg 300w, https:\/\/usagers-transports.haut-allier.eu\/wp-content\/uploads\/2026\/06\/f2c956e5-5ccb-4ffc-ac5f-0abc7c1a430c-768x447.jpg 768w\" sizes=\"auto, (max-width: 866px) 100vw, 866px\" \/>\n\t\t\t\t<\/figure>\n\t\t\t<\/li>\n\t\t<\/ul>\n\t<\/figure>\n","protected":false},"excerpt":{"rendered":"<p>\u00ab\u00a0L\u2019\u00e9tape du 14 juillet d\u00e9marrera d\u2019Aurillac et se terminera au Lioran, \u00e0 200 m\u00e8tres de la gare\u00a0\u00bb, s\u2019est<\/p>\n","protected":false},"author":4,"featured_media":5881,"comment_status":"closed","ping_status":"open","sticky":false,"template":"","format":"standard","meta":{"footnotes":""},"categories":[3],"tags":[],"class_list":["post-1283","post","type-post","status-publish","format-standard","has-post-thumbnail","hentry","category-en-train"],"_links":{"self":[{"href":"https:\/\/usagers-transports.haut-allier.eu\/index.php\/wp-json\/wp\/v2\/posts\/1283","targetHints":{"allow":["GET"]}}],"collection":[{"href":"https:\/\/usagers-transports.haut-allier.eu\/index.php\/wp-json\/wp\/v2\/posts"}],"about":[{"href":"https:\/\/usagers-transports.haut-allier.eu\/index.php\/wp-json\/wp\/v2\/types\/post"}],"author":[{"embeddable":true,"href":"https:\/\/usagers-transports.haut-allier.eu\/index.php\/wp-json\/wp\/v2\/users\/4"}],"replies":[{"embeddable":true,"href":"https:\/\/usagers-transports.haut-allier.eu\/index.php\/wp-json\/wp\/v2\/comments?post=1283"}],"version-history":[{"count":1,"href":"https:\/\/usagers-transports.haut-allier.eu\/index.php\/wp-json\/wp\/v2\/posts\/1283\/revisions"}],"predecessor-version":[{"id":5886,"href":"https:\/\/usagers-transports.haut-allier.eu\/index.php\/wp-json\/wp\/v2\/posts\/1283\/revisions\/5886"}],"wp:featuredmedia":[{"embeddable":true,"href":"https:\/\/usagers-transports.haut-allier.eu\/index.php\/wp-json\/wp\/v2\/media\/5881"}],"wp:attachment":[{"href":"https:\/\/usagers-transports.haut-allier.eu\/index.php\/wp-json\/wp\/v2\/media?parent=1283"}],"wp:term":[{"taxonomy":"category","embeddable":true,"href":"https:\/\/usagers-transports.haut-allier.eu\/index.php\/wp-json\/wp\/v2\/categories?post=1283"},{"taxonomy":"post_tag","embeddable":true,"href":"https:\/\/usagers-transports.haut-allier.eu\/index.php\/wp-json\/wp\/v2\/tags?post=1283"}],"curies":[{"name":"wp","href":"https:\/\/api.w.org\/{rel}","templated":true}]}}