{"id":1284,"date":"2026-06-09T19:08:41","date_gmt":"2026-06-09T17:08:41","guid":{"rendered":"http:\/\/5.45.101.177\/haut-allier\/usagers-transportse\/index.php\/2026\/06\/09\/mouvement-social-le-10-juin-les1284\/"},"modified":"2026-09-01T16:12:53","modified_gmt":"2026-09-01T14:12:53","slug":"mouvement-social-le-10-juin-les1284","status":"publish","type":"post","link":"https:\/\/usagers-transports.haut-allier.eu\/index.php\/2026\/06\/09\/mouvement-social-le-10-juin-les1284\/","title":{"rendered":"Mouvement social le 10 juin : les circulations Intercit\u00e9s de jour et de nuit"},"content":{"rendered":"Un mouvement social national au sein du groupe SNCF perturbera la circulation de certains trains SNCF Voyageurs du mardi 9 juin \u00e0 19h au jeudi 11 juin \u00e0 6h.\n\nVoici, \u00e0 titre d&rsquo;information, le plan de transport Intercit\u00e9s pour les jours et nuits \u00e0 venir :\n\n[fond rouge][blanc]MARDI 9 JUIN[\/blanc][\/fond rouge]\n\n&#8211;    Lignes Paris<>Clermont-Ferrand, Nantes<>Lyon, Nancy<>Lyon, Toulouse<>Hendaye et Clermont-Ferrand<>B\u00e9ziers (substitution par autocar entre Neussargues et B\u00e9ziers en raison de travaux d&rsquo;infrastructure) : circulation normale\n&#8211;    Ligne Paris<>Limoges<>Toulouse : 9,5 allers-retours sur 10\n&#8211;    Ligne Bordeaux<>Marseille : 7 allers-retours sur 8\n&#8211;   Ligne Nantes<>Bordeaux : 3 allers-retours sur 4\n\n[fond rouge][blanc]NUIT DU MARDI 9 AU MERCREDI 10 JUIN[\/blanc][\/fond rouge]\n\n&#8211;    Lignes Paris<>Nice et Paris<>Aurillac : circulation normale\n&#8211;    Ligne Paris<>Brian\u00e7on : seul le train Brian\u00e7on &#8211; Paris circule\n&#8211;    Lignes Paris<>Toulouse, Paris<>Tarbes et Paris<>Rodez : aucune circulation\n\n[fond rouge][blanc]MERCREDI 10 JUIN[\/blanc][\/fond rouge]\n\n&#8211;    Ligne Paris<>Limoges<>Toulouse : 7 allers-retours sur 10\n&#8211;    Ligne Bordeaux<>Marseille : 4,5 allers-retours sur 8\n&#8211;    Ligne Paris<>Clermont-Ferrand : 5 allers-retours sur 8.\n     6 des 10 trains en circulation pourront desservir la gare de Moulins-sur-Allier, ouverte uniquement entre 7h et 18h.\nSuppression de :\n&#8211; IC 5954 Clermont-Ferrand 5h48 &#8211; Paris Bercy 9h08\n&#8211; IC 5966 Clermont-Ferrand 10h25 &#8211; Paris Bercy 14h00\n&#8211; IC 5970 Clermont-Ferrand 13h25 &#8211; Paris Bercy 17h00\n&#8211; IC 5971 Paris Bercy 15h57 \u2013 Clermont-Ferrand 19h30\n&#8211; IC 5977 Paris Bercy 17h57 \u2013 Clermont-Ferrand 21h13\n&#8211; IC 5983 Paris Bercy 18h57 \u2013 Clermont-Ferrand 22h31\nLes trains 5950, 5973, 5982, 5990 ne desserviront pas la gare de Moulins-sur-Allier.\n\n&#8211;    Ligne Nantes<>Bordeaux : 3 allers-retours sur 4\n&#8211;    Ligne Clermont-Ferrand<>B\u00e9ziers : circulation sur le tron\u00e7on Neussargues<>B\u00e9ziers uniquement (substitution par autocar en raison de travaux d&rsquo;infrastructure)\n&#8211;    Ligne Nantes<>Lyon, Nancy<>Lyon et Toulouse<>Hendaye : aucune circulation.\n\n[fond rouge][blanc]NUIT DU MERCREDI 10 AU JEUDI 11 JUIN[\/blanc][\/fond rouge]\n\n&#8211;    Ligne Paris<>Nice et Paris<>Toulouse : circulation normale\n&#8211;    Ligne Paris<>Brian\u00e7on : seul le train Paris &#8211; Brian\u00e7on circule\n&#8211;    Lignes Paris<>Tarbes, Paris<>Rodez et Paris<>Aurillac : aucune circulation\n\nL&rsquo;ensemble des clients concern\u00e9s par l&rsquo;annulation de leur train sont recontact\u00e9s et b\u00e9n\u00e9ficient de l&rsquo;\u00e9change ou du remboursement sans frais de leur billet. Des \u00e9quipes SNCF Voyageurs sont pr\u00e9sentes en gare, de mani\u00e8re \u00e0 informer et orienter au mieux l\u2019ensemble des voyageurs.\n<p>&nbsp;<\/p>\n\n\t<figure class=\"wp-block-gallery columns-1 is-cropped wp-block-gallery-1 is-layout-flex wp-block-gallery-is-layout-flex\">\n\t\t<ul class=\"blocks-gallery-grid\">\n\t\t\t<li class=\"blocks-gallery-item\">\n\t\t\t\t<figure>\n\t\t\t\t\t\t\t\t\t\t\t<img loading=\"lazy\" decoding=\"async\" width=\"723\" height=\"886\" src=\"http:\/\/5.45.101.177\/haut-allier\/usagers-transportse\/wp-content\/uploads\/2026\/06\/sncf-750x1062-2-723x1024.png\"\n\t\t\t\t\t\t alt=\"sncf-750x1062-2-723x1024.png\"\n\t\t\t\t\t\t data-id=\"5887\"\n\t\t\t\t\t\t data-full-url=\"http:\/\/5.45.101.177\/haut-allier\/usagers-transportse\/wp-content\/uploads\/2026\/06\/sncf-750x1062-2-723x1024.png\"\n\t\t\t\t\t\t data-link=\"http:\/\/5.45.101.177\/haut-allier\/usagers-transportse\/attachment-sncf-750x1062-2-723x1024-png\/\"\n\t\t\t\t\t\t class=\"wp-image-5887\" srcset=\"https:\/\/usagers-transports.haut-allier.eu\/wp-content\/uploads\/2026\/06\/sncf-750x1062-2-723x1024.png 723w, https:\/\/usagers-transports.haut-allier.eu\/wp-content\/uploads\/2026\/06\/sncf-750x1062-2-723x1024-245x300.png 245w\" sizes=\"auto, (max-width: 723px) 100vw, 723px\" \/>\n\t\t\t\t<\/figure>\n\t\t\t<\/li>\n\t\t<\/ul>\n\t<\/figure>\n","protected":false},"excerpt":{"rendered":"<p>Un mouvement social national au sein du groupe SNCF perturbera la circulation de certains trains SNCF Voyageurs du<\/p>\n","protected":false},"author":4,"featured_media":5887,"comment_status":"closed","ping_status":"open","sticky":false,"template":"","format":"standard","meta":{"footnotes":""},"categories":[3],"tags":[],"class_list":["post-1284","post","type-post","status-publish","format-standard","has-post-thumbnail","hentry","category-en-train"],"_links":{"self":[{"href":"https:\/\/usagers-transports.haut-allier.eu\/index.php\/wp-json\/wp\/v2\/posts\/1284","targetHints":{"allow":["GET"]}}],"collection":[{"href":"https:\/\/usagers-transports.haut-allier.eu\/index.php\/wp-json\/wp\/v2\/posts"}],"about":[{"href":"https:\/\/usagers-transports.haut-allier.eu\/index.php\/wp-json\/wp\/v2\/types\/post"}],"author":[{"embeddable":true,"href":"https:\/\/usagers-transports.haut-allier.eu\/index.php\/wp-json\/wp\/v2\/users\/4"}],"replies":[{"embeddable":true,"href":"https:\/\/usagers-transports.haut-allier.eu\/index.php\/wp-json\/wp\/v2\/comments?post=1284"}],"version-history":[{"count":1,"href":"https:\/\/usagers-transports.haut-allier.eu\/index.php\/wp-json\/wp\/v2\/posts\/1284\/revisions"}],"predecessor-version":[{"id":5888,"href":"https:\/\/usagers-transports.haut-allier.eu\/index.php\/wp-json\/wp\/v2\/posts\/1284\/revisions\/5888"}],"wp:featuredmedia":[{"embeddable":true,"href":"https:\/\/usagers-transports.haut-allier.eu\/index.php\/wp-json\/wp\/v2\/media\/5887"}],"wp:attachment":[{"href":"https:\/\/usagers-transports.haut-allier.eu\/index.php\/wp-json\/wp\/v2\/media?parent=1284"}],"wp:term":[{"taxonomy":"category","embeddable":true,"href":"https:\/\/usagers-transports.haut-allier.eu\/index.php\/wp-json\/wp\/v2\/categories?post=1284"},{"taxonomy":"post_tag","embeddable":true,"href":"https:\/\/usagers-transports.haut-allier.eu\/index.php\/wp-json\/wp\/v2\/tags?post=1284"}],"curies":[{"name":"wp","href":"https:\/\/api.w.org\/{rel}","templated":true}]}}