{"id":1285,"date":"2026-06-30T14:58:49","date_gmt":"2026-06-30T12:58:49","guid":{"rendered":"http:\/\/5.45.101.177\/haut-allier\/usagers-transportse\/index.php\/2026\/06\/30\/ligne-des-cevennes-train-bloque-ce1285\/"},"modified":"2026-09-01T16:12:54","modified_gmt":"2026-09-01T14:12:54","slug":"ligne-des-cevennes-train-bloque-ce1285","status":"publish","type":"post","link":"https:\/\/usagers-transports.haut-allier.eu\/index.php\/2026\/06\/30\/ligne-des-cevennes-train-bloque-ce1285\/","title":{"rendered":"Ligne des C\u00e9vennes : train bloqu\u00e9 ce lundi plus de 3 heures dans les gorges de l&rsquo;Allier"},"content":{"rendered":"Ce lundi 29 juin 2026 le dernier train de la journ\u00e9e N\u00eemes Clermont-Ferrand n\u00b0873994 s&rsquo;est arr\u00eat\u00e9 200 minutes entre Chapeauroux (Loz\u00e8re) et Alleyras (Haute-Loire) victime d&rsquo;une panne \u00e9lectrique qui impactait la rame de queue du train.\n\n<img loading=\"lazy\" decoding=\"async\" class=\" aligncenter size-full wp-image-5889\" src=\"http:\/\/5.45.101.177\/haut-allier\/usagers-transportse\/wp-content\/uploads\/2026\/06\/4711_screenshot_2026-06-29-23-41-20-405_com.brave_browser.jpg\" alt=\"4711_screenshot_2026-06-29-23-41-20-405_com.brave_browser.jpg\" align=\"center\" width=\"1080\" height=\"1844\" srcset=\"https:\/\/usagers-transports.haut-allier.eu\/wp-content\/uploads\/2026\/06\/4711_screenshot_2026-06-29-23-41-20-405_com.brave_browser.jpg 1080w, https:\/\/usagers-transports.haut-allier.eu\/wp-content\/uploads\/2026\/06\/4711_screenshot_2026-06-29-23-41-20-405_com.brave_browser-176x300.jpg 176w, https:\/\/usagers-transports.haut-allier.eu\/wp-content\/uploads\/2026\/06\/4711_screenshot_2026-06-29-23-41-20-405_com.brave_browser-600x1024.jpg 600w, https:\/\/usagers-transports.haut-allier.eu\/wp-content\/uploads\/2026\/06\/4711_screenshot_2026-06-29-23-41-20-405_com.brave_browser-768x1311.jpg 768w, https:\/\/usagers-transports.haut-allier.eu\/wp-content\/uploads\/2026\/06\/4711_screenshot_2026-06-29-23-41-20-405_com.brave_browser-900x1536.jpg 900w\" sizes=\"auto, (max-width: 1080px) 100vw, 1080px\" \/>\n\nLe train a pu repartir mais il n&rsquo;a pas atteint Clermont-Ferrand puisqu&rsquo;il a de nouveau \u00e9t\u00e9 arr\u00eat\u00e9 \u00e0 Langeac par pr\u00e9caution, pour \u00e9viter qu&rsquo;il retombe en panne plus loin sur la ligne.\n\n<img loading=\"lazy\" decoding=\"async\" class=\" aligncenter size-full wp-image-5890\" src=\"http:\/\/5.45.101.177\/haut-allier\/usagers-transportse\/wp-content\/uploads\/2026\/06\/00ad_screenshot_2026-06-29-23-39-42-478_com.brave_browser.jpg\" alt=\"00ad_screenshot_2026-06-29-23-39-42-478_com.brave_browser.jpg\" align=\"center\" width=\"1080\" height=\"565\" srcset=\"https:\/\/usagers-transports.haut-allier.eu\/wp-content\/uploads\/2026\/06\/00ad_screenshot_2026-06-29-23-39-42-478_com.brave_browser.jpg 1080w, https:\/\/usagers-transports.haut-allier.eu\/wp-content\/uploads\/2026\/06\/00ad_screenshot_2026-06-29-23-39-42-478_com.brave_browser-300x157.jpg 300w, https:\/\/usagers-transports.haut-allier.eu\/wp-content\/uploads\/2026\/06\/00ad_screenshot_2026-06-29-23-39-42-478_com.brave_browser-1024x536.jpg 1024w, https:\/\/usagers-transports.haut-allier.eu\/wp-content\/uploads\/2026\/06\/00ad_screenshot_2026-06-29-23-39-42-478_com.brave_browser-768x402.jpg 768w\" sizes=\"auto, (max-width: 1080px) 100vw, 1080px\" \/>\n\nLa rame est en cours de maintenance et sera remise en circulation d\u00e8s r\u00e9par\u00e9e. \n\nIl n&rsquo;a pas \u00e9t\u00e9 \u00e9voqu\u00e9 dans l&rsquo;\u00e9change avec SNCF TER LIO Occitanie (que nous remer\u00e7ions) ce que sont devenus les usagers.\n\nLe TER LiO 873994 de ce jour mardi d\u00e9part de N\u00eemes \u00e0 16h50 sera d&rsquo;ailleurs remplac\u00e9 par le R\u00e9giolis de secours.\n\nLe train pr\u00e9vu ce jour :\n<img loading=\"lazy\" decoding=\"async\" class=\" aligncenter size-full wp-image-5891\" src=\"http:\/\/5.45.101.177\/haut-allier\/usagers-transportse\/wp-content\/uploads\/2026\/06\/8fcb_screenshot_2026-06-30-14-46-32-882_com.vsct_.vsc_.mobile.horaireetresa_android.jpg\" alt=\"8fcb_screenshot_2026-06-30-14-46-32-882_com.vsct.vsc.mobile.horaireetresa_android.jpg\" align=\"center\" width=\"1080\" height=\"1110\" srcset=\"https:\/\/usagers-transports.haut-allier.eu\/wp-content\/uploads\/2026\/06\/8fcb_screenshot_2026-06-30-14-46-32-882_com.vsct_.vsc_.mobile.horaireetresa_android.jpg 1080w, https:\/\/usagers-transports.haut-allier.eu\/wp-content\/uploads\/2026\/06\/8fcb_screenshot_2026-06-30-14-46-32-882_com.vsct_.vsc_.mobile.horaireetresa_android-292x300.jpg 292w, https:\/\/usagers-transports.haut-allier.eu\/wp-content\/uploads\/2026\/06\/8fcb_screenshot_2026-06-30-14-46-32-882_com.vsct_.vsc_.mobile.horaireetresa_android-996x1024.jpg 996w, https:\/\/usagers-transports.haut-allier.eu\/wp-content\/uploads\/2026\/06\/8fcb_screenshot_2026-06-30-14-46-32-882_com.vsct_.vsc_.mobile.horaireetresa_android-768x789.jpg 768w\" sizes=\"auto, (max-width: 1080px) 100vw, 1080px\" \/>\n\nCette panne tombe assez mal, le 30 juin, \u00e0 la veille des vacances de juillet.<p>&nbsp;<\/p>\n\n\t<figure class=\"wp-block-gallery columns-1 is-cropped wp-block-gallery-1 is-layout-flex wp-block-gallery-is-layout-flex\">\n\t\t<ul class=\"blocks-gallery-grid\">\n\t\t\t<li class=\"blocks-gallery-item\">\n\t\t\t\t<figure>\n\t\t\t\t\t\t\t\t\t\t\t<img loading=\"lazy\" decoding=\"async\" width=\"797\" height=\"522\" src=\"http:\/\/5.45.101.177\/haut-allier\/usagers-transportse\/wp-content\/uploads\/2026\/06\/574d9497-d0b7-46e6-98dd-2db2f64d83dd.jpg\"\n\t\t\t\t\t\t alt=\"574d9497-d0b7-46e6-98dd-2db2f64d83dd.jpg\"\n\t\t\t\t\t\t data-id=\"5892\"\n\t\t\t\t\t\t data-full-url=\"http:\/\/5.45.101.177\/haut-allier\/usagers-transportse\/wp-content\/uploads\/2026\/06\/574d9497-d0b7-46e6-98dd-2db2f64d83dd.jpg\"\n\t\t\t\t\t\t data-link=\"http:\/\/5.45.101.177\/haut-allier\/usagers-transportse\/attachment-574d9497-d0b7-46e6-98dd-2db2f64d83dd-jpg\/\"\n\t\t\t\t\t\t class=\"wp-image-5892\" srcset=\"https:\/\/usagers-transports.haut-allier.eu\/wp-content\/uploads\/2026\/06\/574d9497-d0b7-46e6-98dd-2db2f64d83dd.jpg 797w, https:\/\/usagers-transports.haut-allier.eu\/wp-content\/uploads\/2026\/06\/574d9497-d0b7-46e6-98dd-2db2f64d83dd-300x196.jpg 300w, https:\/\/usagers-transports.haut-allier.eu\/wp-content\/uploads\/2026\/06\/574d9497-d0b7-46e6-98dd-2db2f64d83dd-768x503.jpg 768w\" sizes=\"auto, (max-width: 797px) 100vw, 797px\" \/>\n\t\t\t\t<\/figure>\n\t\t\t<\/li>\n\t\t<\/ul>\n\t<\/figure>\n","protected":false},"excerpt":{"rendered":"<p>Ce lundi 29 juin 2026 le dernier train de la journ\u00e9e N\u00eemes Clermont-Ferrand n\u00b0873994 s&rsquo;est arr\u00eat\u00e9 200 minutes<\/p>\n","protected":false},"author":4,"featured_media":5889,"comment_status":"closed","ping_status":"open","sticky":false,"template":"","format":"standard","meta":{"footnotes":""},"categories":[2],"tags":[],"class_list":["post-1285","post","type-post","status-publish","format-standard","has-post-thumbnail","hentry","category-infos"],"_links":{"self":[{"href":"https:\/\/usagers-transports.haut-allier.eu\/index.php\/wp-json\/wp\/v2\/posts\/1285","targetHints":{"allow":["GET"]}}],"collection":[{"href":"https:\/\/usagers-transports.haut-allier.eu\/index.php\/wp-json\/wp\/v2\/posts"}],"about":[{"href":"https:\/\/usagers-transports.haut-allier.eu\/index.php\/wp-json\/wp\/v2\/types\/post"}],"author":[{"embeddable":true,"href":"https:\/\/usagers-transports.haut-allier.eu\/index.php\/wp-json\/wp\/v2\/users\/4"}],"replies":[{"embeddable":true,"href":"https:\/\/usagers-transports.haut-allier.eu\/index.php\/wp-json\/wp\/v2\/comments?post=1285"}],"version-history":[{"count":1,"href":"https:\/\/usagers-transports.haut-allier.eu\/index.php\/wp-json\/wp\/v2\/posts\/1285\/revisions"}],"predecessor-version":[{"id":5893,"href":"https:\/\/usagers-transports.haut-allier.eu\/index.php\/wp-json\/wp\/v2\/posts\/1285\/revisions\/5893"}],"wp:featuredmedia":[{"embeddable":true,"href":"https:\/\/usagers-transports.haut-allier.eu\/index.php\/wp-json\/wp\/v2\/media\/5889"}],"wp:attachment":[{"href":"https:\/\/usagers-transports.haut-allier.eu\/index.php\/wp-json\/wp\/v2\/media?parent=1285"}],"wp:term":[{"taxonomy":"category","embeddable":true,"href":"https:\/\/usagers-transports.haut-allier.eu\/index.php\/wp-json\/wp\/v2\/categories?post=1285"},{"taxonomy":"post_tag","embeddable":true,"href":"https:\/\/usagers-transports.haut-allier.eu\/index.php\/wp-json\/wp\/v2\/tags?post=1285"}],"curies":[{"name":"wp","href":"https:\/\/api.w.org\/{rel}","templated":true}]}}