{"id":1286,"date":"2026-07-07T18:28:55","date_gmt":"2026-07-07T16:28:55","guid":{"rendered":"http:\/\/5.45.101.177\/haut-allier\/usagers-transportse\/index.php\/2026\/07\/07\/plus-aucune-circulation-de-trains1286\/"},"modified":"2026-09-01T16:12:55","modified_gmt":"2026-09-01T14:12:55","slug":"plus-aucune-circulation-de-trains1286","status":"publish","type":"post","link":"https:\/\/usagers-transports.haut-allier.eu\/index.php\/2026\/07\/07\/plus-aucune-circulation-de-trains1286\/","title":{"rendered":"Plus aucune circulation de trains sur la ligne des C\u00e9vennes \u00ab\u00a0en raison des conditions climatiques\u00a0\u00bb [MAJ]"},"content":{"rendered":"[fond rouge][blanc]<strong>[Mise \u00e0 jour du 17\/7\/2026]<\/strong>[\/blanc][\/fond rouge]\n\nSNCF TER Auvergne Rh\u00f4ne Alpes, la R\u00e9gion AuRA et SNCF R\u00e9seau se fichent de nous !\nEN PLEIN \u00c9T\u00c9, EN PLEINE SAISON, AUCUNE CIRCULATION N&rsquo;EST PR\u00c9VUE EGALEMENT SAMEDI 18 JUILLET !!!! \u00e0 cause des \u00ab\u00a0intemp\u00e9ries\u00a0\u00bb. Bandes d&rsquo;incapables.\n\n<a href=\"http:\/\/5.45.101.177\/haut-allier\/usagers-transportse\/wp-content\/uploads\/2026\/07\/fh08_ligne_08___clermont_ferrand_-_nimes_samedi-18-juillet-2026_a3_v1.pdf\">fh08_ligne_08___clermont_ferrand_-_nimes_samedi-18-juillet-2026_a3_v1.pdf<\/a>\n\n[fond rouge][blanc]<strong>[Mise \u00e0 jour du 16\/7\/2026]<\/strong>[\/blanc][\/fond rouge]\n\nToujours AUCUNE liaison ferroviaire entre N\u00eemes et Clermont-Ferrand annonc\u00e9es pour le VENDREDI 17 JUILLET. Ca commence \u00e0 faire un peu long les suppressions et les substitutions par bus qui ne passent pas dans les gorges !\n\n[fond rouge][blanc]<strong>[Mise \u00e0 jour du 14\/7\/2026]<\/strong>[\/blanc][\/fond rouge]\n\nLe 14 juillet et mercredi 15 juillet TOUTES les circulations de trains sont supprim\u00e9es, apr\u00e8s l&rsquo;incendie de Chapeauroux de lundi qui a repris.\n\nFiche horaires :\n\n<a href=\"http:\/\/5.45.101.177\/haut-allier\/usagers-transportse\/wp-content\/uploads\/2026\/07\/fh08_ligne_08___clermont_ferrand_-_nimes_mercredi-15-juillet-2026_a3_v1.pdf\">fh08_ligne_08___clermont_ferrand_-_nimes_mercredi-15-juillet-2026_a3_v1.pdf<\/a>\n\nPour le jeudi 16 pareil !\n\n<a href=\"http:\/\/5.45.101.177\/haut-allier\/usagers-transportse\/wp-content\/uploads\/2026\/07\/fh08_ligne_08___clermont_ferrand_-_nimes_jeudi-16-juillet-2026_a3_v1.pdf\">fh08_ligne_08___clermont_ferrand_-_nimes_jeudi-16-juillet-2026_a3_v1.pdf<\/a>\n\n[fond rouge][blanc]<strong>[Mise \u00e0 jour du 10\/7\/2026]<\/strong>[\/blanc][\/fond rouge]\n\nLa totalit\u00e9 des trains recirculent d\u00e8s aujourd&rsquo;hui entre N\u00eemes et Clermont-Ferrand, d&rsquo;apr\u00e8s les sites SNCF TER :\n\n<img loading=\"lazy\" decoding=\"async\" class=\" aligncenter size-full wp-image-5897\" src=\"http:\/\/5.45.101.177\/haut-allier\/usagers-transportse\/wp-content\/uploads\/2026\/07\/56ec99ae-140c-4cfd-8e8e-3e8d8e5167af.jpg\" alt=\"56ec99ae-140c-4cfd-8e8e-3e8d8e5167af.jpg\" align=\"center\" width=\"1028\" height=\"418\" srcset=\"https:\/\/usagers-transports.haut-allier.eu\/wp-content\/uploads\/2026\/07\/56ec99ae-140c-4cfd-8e8e-3e8d8e5167af.jpg 1028w, https:\/\/usagers-transports.haut-allier.eu\/wp-content\/uploads\/2026\/07\/56ec99ae-140c-4cfd-8e8e-3e8d8e5167af-300x122.jpg 300w, https:\/\/usagers-transports.haut-allier.eu\/wp-content\/uploads\/2026\/07\/56ec99ae-140c-4cfd-8e8e-3e8d8e5167af-1024x416.jpg 1024w, https:\/\/usagers-transports.haut-allier.eu\/wp-content\/uploads\/2026\/07\/56ec99ae-140c-4cfd-8e8e-3e8d8e5167af-768x312.jpg 768w\" sizes=\"auto, (max-width: 1028px) 100vw, 1028px\" \/>\n\nConfirm\u00e9 SNCF :\n\n<img loading=\"lazy\" decoding=\"async\" class=\" aligncenter size-full wp-image-5898\" src=\"http:\/\/5.45.101.177\/haut-allier\/usagers-transportse\/wp-content\/uploads\/2026\/07\/1b8babec-7843-4597-88f3-89050bc84f3e.jpg\" alt=\"1b8babec-7843-4597-88f3-89050bc84f3e.jpg\" align=\"center\" width=\"577\" height=\"84\" srcset=\"https:\/\/usagers-transports.haut-allier.eu\/wp-content\/uploads\/2026\/07\/1b8babec-7843-4597-88f3-89050bc84f3e.jpg 577w, https:\/\/usagers-transports.haut-allier.eu\/wp-content\/uploads\/2026\/07\/1b8babec-7843-4597-88f3-89050bc84f3e-300x44.jpg 300w\" sizes=\"auto, (max-width: 577px) 100vw, 577px\" \/>\n\n\n[fond rouge][blanc]<strong>[Mise \u00e0 jour du 9\/7\/2026]<\/strong>[\/blanc][\/fond rouge]\n\nSelon des sources internes SNCF les trains devraient recirculer normalement LUNDI 13 JUILLET.\n\n[fond rouge][blanc]<strong>[Mise \u00e0 jour du 8\/7\/2026]<\/strong>[\/blanc][\/fond rouge]\n\nL&rsquo;annulation des circulations se poursuit JEUDI 9 JUILLET selon la fiche horaire :\n\n<a href=\"http:\/\/5.45.101.177\/haut-allier\/usagers-transportse\/wp-content\/uploads\/2026\/07\/fh08_ligne_08___clermont_ferrand_-_nimes_jeudi-09-juillet-2026_a3_v1.pdf\">fh08_ligne_08___clermont_ferrand_-_nimes_jeudi-09-juillet-2026_a3_v1.pdf<\/a>\n\n<strong>Contrairement \u00e0 ce qui est annon\u00e7\u00e9, il s&rsquo;agirait de d\u00e9gats sur la voie apr\u00e8s les incendies dans la zone de Chapeauroux.<\/strong>\n\n\n<hr \/>\n\n\n\n\nDepuis hier, \u00e0 cause des incendies dans les gorges, aujourd&rsquo;hui mardi \u00ab\u00a0en raison des fortes chaleurs\u00a0\u00bb et demain mercredi pour des raisons identiques, la SNCF supprime tous les trains !\n\n<img loading=\"lazy\" decoding=\"async\" class=\" aligncenter size-full wp-image-5900\" src=\"http:\/\/5.45.101.177\/haut-allier\/usagers-transportse\/wp-content\/uploads\/2026\/07\/58ca97ff-5fba-4847-b66f-7b579a0dcf6e.jpg\" alt=\"58ca97ff-5fba-4847-b66f-7b579a0dcf6e.jpg\" align=\"center\" width=\"716\" height=\"521\" srcset=\"https:\/\/usagers-transports.haut-allier.eu\/wp-content\/uploads\/2026\/07\/58ca97ff-5fba-4847-b66f-7b579a0dcf6e.jpg 716w, https:\/\/usagers-transports.haut-allier.eu\/wp-content\/uploads\/2026\/07\/58ca97ff-5fba-4847-b66f-7b579a0dcf6e-300x218.jpg 300w\" sizes=\"auto, (max-width: 716px) 100vw, 716px\" \/>\n\nSans tenir compte que dans le haut Allier et l&rsquo;Auvergne la temp\u00e9rature est moins pire (de 10\u00b0 en dessous au mieux) que sur la partie sud de la ligne. Aucun d\u00e9tail, on coupe tout !\n\nLa fiche horaire pour ce mercredi 8 juillet.\n\n<a href=\"http:\/\/5.45.101.177\/haut-allier\/usagers-transportse\/wp-content\/uploads\/2026\/07\/fh08_ligne_08___clermont_ferrand_-_nimes_mercredi-08-juillet-2026_a3_v1.pdf\">fh08_ligne_08___clermont_ferrand_-_nimes_mercredi-08-juillet-2026_a3_v1.pdf<\/a>\n\n<strong>Au train climatologique vers lequel on se dirige, rien ne permet de dire si les 3 aller retour quotidiens circuleront encore cet \u00e9t\u00e9.<\/strong>\n\nLes usagers des C\u00e9vennes et de l&rsquo;Auvergne peuvent remercier l&rsquo;\u00e9tablissement ferroviaire incapable de s&rsquo;adapter aux temp\u00e9ratures. Encore une fois au mat\u00e9riel et aux infrastructures insuffisemment maintenues on peut ajouter une grosse dose d&rsquo;ouverture de parapluie au cas o\u00f9. \n\nMerci SNCF pour ce service de transports sporadique.\n\n <p>&nbsp;<\/p>\n\n\t<figure class=\"wp-block-gallery columns-1 is-cropped wp-block-gallery-1 is-layout-flex wp-block-gallery-is-layout-flex\">\n\t\t<ul class=\"blocks-gallery-grid\">\n\t\t\t<li class=\"blocks-gallery-item\">\n\t\t\t\t<figure>\n\t\t\t\t\t\t\t\t\t\t\t<img loading=\"lazy\" decoding=\"async\" width=\"720\" height=\"405\" src=\"http:\/\/5.45.101.177\/haut-allier\/usagers-transportse\/wp-content\/uploads\/2026\/07\/image-230736.jpg\"\n\t\t\t\t\t\t alt=\"image-230736.jpg\"\n\t\t\t\t\t\t data-id=\"5902\"\n\t\t\t\t\t\t data-full-url=\"http:\/\/5.45.101.177\/haut-allier\/usagers-transportse\/wp-content\/uploads\/2026\/07\/image-230736.jpg\"\n\t\t\t\t\t\t data-link=\"http:\/\/5.45.101.177\/haut-allier\/usagers-transportse\/attachment-image-230736-jpg\/\"\n\t\t\t\t\t\t class=\"wp-image-5902\" srcset=\"https:\/\/usagers-transports.haut-allier.eu\/wp-content\/uploads\/2026\/07\/image-230736.jpg 720w, https:\/\/usagers-transports.haut-allier.eu\/wp-content\/uploads\/2026\/07\/image-230736-300x169.jpg 300w\" sizes=\"auto, (max-width: 720px) 100vw, 720px\" \/>\n\t\t\t\t<\/figure>\n\t\t\t<\/li>\n\t\t<\/ul>\n\t<\/figure>\n","protected":false},"excerpt":{"rendered":"<p>[fond rouge][blanc][Mise \u00e0 jour du 17\/7\/2026][\/blanc][\/fond rouge] SNCF TER Auvergne Rh\u00f4ne Alpes, la R\u00e9gion AuRA et SNCF R\u00e9seau<\/p>\n","protected":false},"author":4,"featured_media":5902,"comment_status":"open","ping_status":"open","sticky":false,"template":"","format":"standard","meta":{"footnotes":""},"categories":[2],"tags":[],"class_list":["post-1286","post","type-post","status-publish","format-standard","has-post-thumbnail","hentry","category-infos"],"_links":{"self":[{"href":"https:\/\/usagers-transports.haut-allier.eu\/index.php\/wp-json\/wp\/v2\/posts\/1286","targetHints":{"allow":["GET"]}}],"collection":[{"href":"https:\/\/usagers-transports.haut-allier.eu\/index.php\/wp-json\/wp\/v2\/posts"}],"about":[{"href":"https:\/\/usagers-transports.haut-allier.eu\/index.php\/wp-json\/wp\/v2\/types\/post"}],"author":[{"embeddable":true,"href":"https:\/\/usagers-transports.haut-allier.eu\/index.php\/wp-json\/wp\/v2\/users\/4"}],"replies":[{"embeddable":true,"href":"https:\/\/usagers-transports.haut-allier.eu\/index.php\/wp-json\/wp\/v2\/comments?post=1286"}],"version-history":[{"count":1,"href":"https:\/\/usagers-transports.haut-allier.eu\/index.php\/wp-json\/wp\/v2\/posts\/1286\/revisions"}],"predecessor-version":[{"id":5903,"href":"https:\/\/usagers-transports.haut-allier.eu\/index.php\/wp-json\/wp\/v2\/posts\/1286\/revisions\/5903"}],"wp:featuredmedia":[{"embeddable":true,"href":"https:\/\/usagers-transports.haut-allier.eu\/index.php\/wp-json\/wp\/v2\/media\/5902"}],"wp:attachment":[{"href":"https:\/\/usagers-transports.haut-allier.eu\/index.php\/wp-json\/wp\/v2\/media?parent=1286"}],"wp:term":[{"taxonomy":"category","embeddable":true,"href":"https:\/\/usagers-transports.haut-allier.eu\/index.php\/wp-json\/wp\/v2\/categories?post=1286"},{"taxonomy":"post_tag","embeddable":true,"href":"https:\/\/usagers-transports.haut-allier.eu\/index.php\/wp-json\/wp\/v2\/tags?post=1286"}],"curies":[{"name":"wp","href":"https:\/\/api.w.org\/{rel}","templated":true}]}}