{"id":1287,"date":"2026-07-16T10:07:08","date_gmt":"2026-07-16T08:07:08","guid":{"rendered":"http:\/\/5.45.101.177\/haut-allier\/usagers-transportse\/index.php\/2026\/07\/16\/occitanie-vous-avez-moins-de-271287\/"},"modified":"2026-09-01T16:13:09","modified_gmt":"2026-09-01T14:13:09","slug":"occitanie-vous-avez-moins-de-271287","status":"publish","type":"post","link":"https:\/\/usagers-transports.haut-allier.eu\/index.php\/2026\/07\/16\/occitanie-vous-avez-moins-de-271287\/","title":{"rendered":"Occitanie : vous avez moins de 27 ans ? Tous vos voyages TER sont \u00e0 1 \u20ac jusqu\u2019au 15 ao\u00fbt"},"content":{"rendered":"C&rsquo;est de cette fa\u00e7on qu&rsquo;on rend une r\u00e9gion attrayante et dynamique : la r\u00e9gion Occitanie reconduit sont offre estivale du 14 juillet au 15 ao\u00fbt pour les jeunes de moins de 27 ans en leur offrant tout le r\u00e9seau TER LiO (sauf le train jaune) pour UN euro.\n\nPour la sixi\u00e8me ann\u00e9e cons\u00e9cutive, cette initiative vise \u00e0 faciliter les d\u00e9placements des jeunes tout en soutenant leur pouvoir d\u2019achat. Elle permet \u00e9galement de d\u00e9couvrir les nombreux territoires du Massif central aux Pyr\u00e9n\u00e9es, d\u2019acc\u00e9der plus facilement aux activit\u00e9s de loisirs et de privil\u00e9gier un mode de transport plus respectueux de l\u2019environnement. \n\nLe succ\u00e8s de l&rsquo;op\u00e9ration ne se d\u00e9ment pas. En 2025 pr\u00e8s de 890 000 billets \u00e0 1 euro ont \u00e9t\u00e9 vendus, soit une progression de plus de 7 % par rapport \u00e0 l\u2019ann\u00e9e pr\u00e9c\u00e9dente. Une fr\u00e9quentation qui confirme l\u2019int\u00e9r\u00eat des jeunes pour une offre simple, accessible et \u00e9conomique.\n\nPour l&rsquo;achat des billets \u00e7a se passe ici :\n\nhttps:\/\/www.ter.sncf.com\/occitanie\/tarifs-cartes\/bons-plans\/jeunes-un-euro-ete\n\nEn se rappelant aussi que certaines lignes sont \u00e0 un euro toute l&rsquo;ann\u00e9e :\n\nhttps:\/\/www.ter.sncf.com\/occitanie\/tarifs-cartes\/billets-un-euro\n\nAttention : le tarif \u00ab\u00a01\u20ac pour les jeunes\u00a0\u00bb est propos\u00e9 en fonction des places disponibles sur un train. S\u00e9lectionnez le tarif et le train qui vous conviennent le mieux.\n\nToujours tr\u00e8s utile la carte du r\u00e9seau LiO au complet :\n\n<img loading=\"lazy\" decoding=\"async\" class=\" aligncenter size-full wp-image-5904\" src=\"http:\/\/5.45.101.177\/haut-allier\/usagers-transportse\/wp-content\/uploads\/2026\/07\/reseau-lio-2024-09-09-scaled.png\" alt=\"reseau-lio-2024-09-09.png\" align=\"center\" width=\"2560\" height=\"1996\" srcset=\"https:\/\/usagers-transports.haut-allier.eu\/wp-content\/uploads\/2026\/07\/reseau-lio-2024-09-09-scaled.png 2560w, https:\/\/usagers-transports.haut-allier.eu\/wp-content\/uploads\/2026\/07\/reseau-lio-2024-09-09-300x234.png 300w, https:\/\/usagers-transports.haut-allier.eu\/wp-content\/uploads\/2026\/07\/reseau-lio-2024-09-09-1024x799.png 1024w, https:\/\/usagers-transports.haut-allier.eu\/wp-content\/uploads\/2026\/07\/reseau-lio-2024-09-09-768x599.png 768w, https:\/\/usagers-transports.haut-allier.eu\/wp-content\/uploads\/2026\/07\/reseau-lio-2024-09-09-1536x1198.png 1536w, https:\/\/usagers-transports.haut-allier.eu\/wp-content\/uploads\/2026\/07\/reseau-lio-2024-09-09-2048x1597.png 2048w\" sizes=\"auto, (max-width: 2560px) 100vw, 2560px\" \/>\n\nL&rsquo;annonce :\n\n<img loading=\"lazy\" decoding=\"async\" class=\" aligncenter size-full wp-image-5905\" src=\"http:\/\/5.45.101.177\/haut-allier\/usagers-transportse\/wp-content\/uploads\/2026\/07\/1720975225303-occitanie_trains_1-euro.jpg\" alt=\"1720975225303-occitanie_trains_1-euro.jpg\" align=\"center\" width=\"529\" height=\"749\" srcset=\"https:\/\/usagers-transports.haut-allier.eu\/wp-content\/uploads\/2026\/07\/1720975225303-occitanie_trains_1-euro.jpg 529w, https:\/\/usagers-transports.haut-allier.eu\/wp-content\/uploads\/2026\/07\/1720975225303-occitanie_trains_1-euro-212x300.jpg 212w\" sizes=\"auto, (max-width: 529px) 100vw, 529px\" \/>\n<p>&nbsp;<\/p>\n\n\t<figure class=\"wp-block-gallery columns-1 is-cropped wp-block-gallery-1 is-layout-flex wp-block-gallery-is-layout-flex\">\n\t\t<ul class=\"blocks-gallery-grid\">\n\t\t\t<li class=\"blocks-gallery-item\">\n\t\t\t\t<figure>\n\t\t\t\t\t\t\t\t\t\t\t<img loading=\"lazy\" decoding=\"async\" width=\"1321\" height=\"658\" src=\"http:\/\/5.45.101.177\/haut-allier\/usagers-transportse\/wp-content\/uploads\/2026\/07\/358147ed-f4d6-4250-9407-d29a97f00429.jpg\"\n\t\t\t\t\t\t alt=\"358147ed-f4d6-4250-9407-d29a97f00429.jpg\"\n\t\t\t\t\t\t data-id=\"5906\"\n\t\t\t\t\t\t data-full-url=\"http:\/\/5.45.101.177\/haut-allier\/usagers-transportse\/wp-content\/uploads\/2026\/07\/358147ed-f4d6-4250-9407-d29a97f00429.jpg\"\n\t\t\t\t\t\t data-link=\"http:\/\/5.45.101.177\/haut-allier\/usagers-transportse\/attachment-358147ed-f4d6-4250-9407-d29a97f00429-jpg\/\"\n\t\t\t\t\t\t class=\"wp-image-5906\" srcset=\"https:\/\/usagers-transports.haut-allier.eu\/wp-content\/uploads\/2026\/07\/358147ed-f4d6-4250-9407-d29a97f00429.jpg 1321w, https:\/\/usagers-transports.haut-allier.eu\/wp-content\/uploads\/2026\/07\/358147ed-f4d6-4250-9407-d29a97f00429-300x149.jpg 300w, https:\/\/usagers-transports.haut-allier.eu\/wp-content\/uploads\/2026\/07\/358147ed-f4d6-4250-9407-d29a97f00429-1024x510.jpg 1024w, https:\/\/usagers-transports.haut-allier.eu\/wp-content\/uploads\/2026\/07\/358147ed-f4d6-4250-9407-d29a97f00429-768x383.jpg 768w\" sizes=\"auto, (max-width: 1321px) 100vw, 1321px\" \/>\n\t\t\t\t<\/figure>\n\t\t\t<\/li>\n\t\t<\/ul>\n\t<\/figure>\n","protected":false},"excerpt":{"rendered":"<p>C&rsquo;est de cette fa\u00e7on qu&rsquo;on rend une r\u00e9gion attrayante et dynamique : la r\u00e9gion Occitanie reconduit sont offre<\/p>\n","protected":false},"author":4,"featured_media":5904,"comment_status":"open","ping_status":"open","sticky":false,"template":"","format":"standard","meta":{"footnotes":""},"categories":[3],"tags":[],"class_list":["post-1287","post","type-post","status-publish","format-standard","has-post-thumbnail","hentry","category-en-train"],"_links":{"self":[{"href":"https:\/\/usagers-transports.haut-allier.eu\/index.php\/wp-json\/wp\/v2\/posts\/1287","targetHints":{"allow":["GET"]}}],"collection":[{"href":"https:\/\/usagers-transports.haut-allier.eu\/index.php\/wp-json\/wp\/v2\/posts"}],"about":[{"href":"https:\/\/usagers-transports.haut-allier.eu\/index.php\/wp-json\/wp\/v2\/types\/post"}],"author":[{"embeddable":true,"href":"https:\/\/usagers-transports.haut-allier.eu\/index.php\/wp-json\/wp\/v2\/users\/4"}],"replies":[{"embeddable":true,"href":"https:\/\/usagers-transports.haut-allier.eu\/index.php\/wp-json\/wp\/v2\/comments?post=1287"}],"version-history":[{"count":1,"href":"https:\/\/usagers-transports.haut-allier.eu\/index.php\/wp-json\/wp\/v2\/posts\/1287\/revisions"}],"predecessor-version":[{"id":5907,"href":"https:\/\/usagers-transports.haut-allier.eu\/index.php\/wp-json\/wp\/v2\/posts\/1287\/revisions\/5907"}],"wp:featuredmedia":[{"embeddable":true,"href":"https:\/\/usagers-transports.haut-allier.eu\/index.php\/wp-json\/wp\/v2\/media\/5904"}],"wp:attachment":[{"href":"https:\/\/usagers-transports.haut-allier.eu\/index.php\/wp-json\/wp\/v2\/media?parent=1287"}],"wp:term":[{"taxonomy":"category","embeddable":true,"href":"https:\/\/usagers-transports.haut-allier.eu\/index.php\/wp-json\/wp\/v2\/categories?post=1287"},{"taxonomy":"post_tag","embeddable":true,"href":"https:\/\/usagers-transports.haut-allier.eu\/index.php\/wp-json\/wp\/v2\/tags?post=1287"}],"curies":[{"name":"wp","href":"https:\/\/api.w.org\/{rel}","templated":true}]}}