{"id":1288,"date":"2026-07-18T10:37:31","date_gmt":"2026-07-18T08:37:31","guid":{"rendered":"http:\/\/5.45.101.177\/haut-allier\/usagers-transportse\/index.php\/2026\/07\/18\/28-aout-a-clermont-colloque-sur-le1288\/"},"modified":"2026-09-01T16:13:11","modified_gmt":"2026-09-01T14:13:11","slug":"28-aout-a-clermont-colloque-sur-le1288","status":"publish","type":"post","link":"https:\/\/usagers-transports.haut-allier.eu\/index.php\/2026\/07\/18\/28-aout-a-clermont-colloque-sur-le1288\/","title":{"rendered":"28 ao\u00fbt \u00e0 Clermont : colloque sur le retour du train de nuit dans le massif central"},"content":{"rendered":"L\u2019association Destination Trains de nuit dont nous sommes membre organise <strong>vendredi 28 ao\u00fbt<\/strong> prochain \u00e0 <strong>Clermont-Ferrand<\/strong> son colloque annuel dont le th\u00e8me sera :\n\n[blanc][fond bleu marine]<strong>\u201cLe retour du Train de nuit dans le Massif central\u201d<\/strong>[\/fond bleu marine][\/blanc]\n\nIl y sera question aussi du devenir du r\u00e9seau structurant de petites lignes en milieu rural et de moyenne montagne.\n\nLe colloque sera suivi le samedi 29 ao\u00fbt de l\u2019Assembl\u00e9e G\u00e9n\u00e9rale de l\u2019association au m\u00eame endroit.\n\n<sc>Programme g\u00e9n\u00e9ral :<\/sc>\n\n[blanc][fond vert]VENDREDI 28 AOUT 2026[\/fond vert][\/blanc]\n\n14h15 \u2013 16h45\n[rouge]Visite des Ateliers d\u2019ACC-M (Construction et r\u00e9novation rames ferroviaires)[\/rouge]\n32 rue du Pr\u00e9 la Reine (300m de la gare)\n\n17h30\nAccueil des participants au colloque.\nsalle La Go\u00e9lette , 7 av. de l\u2019Union Sovi\u00e9tique\n\n18h00 \u2013 21h00\n<strong>Colloque de Destination Train de Nuit<\/strong>\nsalle La Go\u00e9lette , 7 av. de l\u2019Union Sovi\u00e9tique\n\n[rouge]Appel des acteurs et des citoyens \u00e0 relier en train de nuit direct Clermont-Ferrand et le Massif central \u00e0 Bruxelles via Paris (Val de Fontenay)[\/rouge]\n\n\u2013 Faisabilit\u00e9 technique et \u00e9conomique de la proposition\n\u2013 Mise en place d\u2019un agenda\n\u2013 Le projet de train de nuit des festivals du massif central pour l\u2019\u00e9t\u00e9 2027\n\n19h30\n[rouge]Qui r\u00e9tablira le train dans les zones rurales et de moyenne montagne, th\u00e9\u00e2tres d\u2019une gestion calamiteuse du r\u00e9seau ferroviaire fran\u00e7ais ?[\/rouge]\n\n\u2013 Exemple du Massif central : un service ferroviaire cadav\u00e9rique reposant sur des embryons de grands axes et des lignes en tr\u00e8s mauvais \u00e9tat.\n\u2013 L\u2019Etat, son gouvernement, la SNCF, feraient la sourde oreille et pr\u00e9f\u00e9reraient l\u2019immobilisme ?\n\u2013 Les moyens salvateurs arriveront-ils \u00e0 temps ?\n\n[blanc][fond vert]SAMEDI 29 AOUT 2026[\/fond vert][\/blanc]\n\n08h00 \u2013 08h30\nAccueil caf\u00e9\nsalle La Go\u00e9lette , 7 av. de l\u2019Union Sovi\u00e9tique\n\n09h00 \u2013 11H30\n[rouge]Assembl\u00e9e g\u00e9n\u00e9rale de Destination Trains de Nuit ouverte \u00e0 tous[\/rouge]\nsalle La Go\u00e9lette, 7 av. de l\u2019Union Sovi\u00e9tique\n\n11h30 \u2013 12H00\n[rouge]Conf\u00e9rence de presse[\/rouge]\nsalle La Go\u00e9lette, 7 av. de l\u2019Union Sovi\u00e9tique\n\n[fond bleu clair]EN PRATIQUE[\/fond bleu clair]\nAcc\u00e8s gare vers la salle La Go\u00e9lette \u00e0 3 minutes.\nRepas et h\u00e9bergements sur r\u00e9servation avant le 24 ao\u00fbt.\nInfos  mailto:marcgout@free.fr\n\nCoordonn\u00e9es GPS\nLatitude 47.6193757 (D\u00e9cimal)\nLongitude 6.1529374 (D\u00e9cimal)\nLatitude &lsquo;N 47\u00b0 37&prime; 9.7536\u00a0\u00bb (+47\u00b0 37&prime; 9.7536\u00a0\u00bb)&rsquo; (Sexag\u00e9simal)\nLongitude &lsquo;E 6\u00b0 9&prime; 10.5726\u00a0\u00bb (+6\u00b0 9&prime; 10.5726\u00a0\u00bb)&rsquo; (Sexag\u00e9simal)\n\nNous esp\u00e9rons vous y rencontrer.\n\n<img loading=\"lazy\" decoding=\"async\" class=\" aligncenter size-full wp-image-5908\" src=\"http:\/\/5.45.101.177\/haut-allier\/usagers-transportse\/wp-content\/uploads\/2026\/07\/dtn-annonce-colloque-28aout2026-clermont-ferrand-vf.jpg\" alt=\"dtn-annonce-colloque-28aout2026-clermont-ferrand-vf.jpg\" align=\"center\" width=\"1571\" height=\"2222\" srcset=\"https:\/\/usagers-transports.haut-allier.eu\/wp-content\/uploads\/2026\/07\/dtn-annonce-colloque-28aout2026-clermont-ferrand-vf.jpg 1571w, https:\/\/usagers-transports.haut-allier.eu\/wp-content\/uploads\/2026\/07\/dtn-annonce-colloque-28aout2026-clermont-ferrand-vf-212x300.jpg 212w, https:\/\/usagers-transports.haut-allier.eu\/wp-content\/uploads\/2026\/07\/dtn-annonce-colloque-28aout2026-clermont-ferrand-vf-724x1024.jpg 724w, https:\/\/usagers-transports.haut-allier.eu\/wp-content\/uploads\/2026\/07\/dtn-annonce-colloque-28aout2026-clermont-ferrand-vf-768x1086.jpg 768w, https:\/\/usagers-transports.haut-allier.eu\/wp-content\/uploads\/2026\/07\/dtn-annonce-colloque-28aout2026-clermont-ferrand-vf-1086x1536.jpg 1086w, https:\/\/usagers-transports.haut-allier.eu\/wp-content\/uploads\/2026\/07\/dtn-annonce-colloque-28aout2026-clermont-ferrand-vf-1448x2048.jpg 1448w\" sizes=\"auto, (max-width: 1571px) 100vw, 1571px\" \/><p>&nbsp;<\/p>\n\n\t<figure class=\"wp-block-gallery columns-1 is-cropped wp-block-gallery-1 is-layout-flex wp-block-gallery-is-layout-flex\">\n\t\t<ul class=\"blocks-gallery-grid\">\n\t\t\t<li class=\"blocks-gallery-item\">\n\t\t\t\t<figure>\n\t\t\t\t\t\t\t\t\t\t\t<img loading=\"lazy\" decoding=\"async\" width=\"1741\" height=\"1170\" src=\"http:\/\/5.45.101.177\/haut-allier\/usagers-transportse\/wp-content\/uploads\/2026\/07\/train-auvergne-3-2-r.jpg\"\n\t\t\t\t\t\t alt=\"train-auvergne-3-2-r.jpg\"\n\t\t\t\t\t\t data-id=\"5909\"\n\t\t\t\t\t\t data-full-url=\"http:\/\/5.45.101.177\/haut-allier\/usagers-transportse\/wp-content\/uploads\/2026\/07\/train-auvergne-3-2-r.jpg\"\n\t\t\t\t\t\t data-link=\"http:\/\/5.45.101.177\/haut-allier\/usagers-transportse\/attachment-train-auvergne-3-2-r-jpg\/\"\n\t\t\t\t\t\t class=\"wp-image-5909\" srcset=\"https:\/\/usagers-transports.haut-allier.eu\/wp-content\/uploads\/2026\/07\/train-auvergne-3-2-r.jpg 1741w, https:\/\/usagers-transports.haut-allier.eu\/wp-content\/uploads\/2026\/07\/train-auvergne-3-2-r-300x202.jpg 300w, https:\/\/usagers-transports.haut-allier.eu\/wp-content\/uploads\/2026\/07\/train-auvergne-3-2-r-1024x688.jpg 1024w, https:\/\/usagers-transports.haut-allier.eu\/wp-content\/uploads\/2026\/07\/train-auvergne-3-2-r-768x516.jpg 768w, https:\/\/usagers-transports.haut-allier.eu\/wp-content\/uploads\/2026\/07\/train-auvergne-3-2-r-1536x1032.jpg 1536w\" sizes=\"auto, (max-width: 1741px) 100vw, 1741px\" \/>\n\t\t\t\t<\/figure>\n\t\t\t<\/li>\n\t\t<\/ul>\n\t<\/figure>\n","protected":false},"excerpt":{"rendered":"<p>L\u2019association Destination Trains de nuit dont nous sommes membre organise vendredi 28 ao\u00fbt prochain \u00e0 Clermont-Ferrand son colloque<\/p>\n","protected":false},"author":4,"featured_media":5908,"comment_status":"closed","ping_status":"open","sticky":false,"template":"","format":"standard","meta":{"footnotes":""},"categories":[3],"tags":[],"class_list":["post-1288","post","type-post","status-publish","format-standard","has-post-thumbnail","hentry","category-en-train"],"_links":{"self":[{"href":"https:\/\/usagers-transports.haut-allier.eu\/index.php\/wp-json\/wp\/v2\/posts\/1288","targetHints":{"allow":["GET"]}}],"collection":[{"href":"https:\/\/usagers-transports.haut-allier.eu\/index.php\/wp-json\/wp\/v2\/posts"}],"about":[{"href":"https:\/\/usagers-transports.haut-allier.eu\/index.php\/wp-json\/wp\/v2\/types\/post"}],"author":[{"embeddable":true,"href":"https:\/\/usagers-transports.haut-allier.eu\/index.php\/wp-json\/wp\/v2\/users\/4"}],"replies":[{"embeddable":true,"href":"https:\/\/usagers-transports.haut-allier.eu\/index.php\/wp-json\/wp\/v2\/comments?post=1288"}],"version-history":[{"count":1,"href":"https:\/\/usagers-transports.haut-allier.eu\/index.php\/wp-json\/wp\/v2\/posts\/1288\/revisions"}],"predecessor-version":[{"id":5910,"href":"https:\/\/usagers-transports.haut-allier.eu\/index.php\/wp-json\/wp\/v2\/posts\/1288\/revisions\/5910"}],"wp:featuredmedia":[{"embeddable":true,"href":"https:\/\/usagers-transports.haut-allier.eu\/index.php\/wp-json\/wp\/v2\/media\/5908"}],"wp:attachment":[{"href":"https:\/\/usagers-transports.haut-allier.eu\/index.php\/wp-json\/wp\/v2\/media?parent=1288"}],"wp:term":[{"taxonomy":"category","embeddable":true,"href":"https:\/\/usagers-transports.haut-allier.eu\/index.php\/wp-json\/wp\/v2\/categories?post=1288"},{"taxonomy":"post_tag","embeddable":true,"href":"https:\/\/usagers-transports.haut-allier.eu\/index.php\/wp-json\/wp\/v2\/tags?post=1288"}],"curies":[{"name":"wp","href":"https:\/\/api.w.org\/{rel}","templated":true}]}}