{"id":1289,"date":"2026-07-18T13:34:27","date_gmt":"2026-07-18T11:34:27","guid":{"rendered":"http:\/\/5.45.101.177\/haut-allier\/usagers-transportse\/index.php\/2026\/07\/18\/ligne-des-cevennes-plus-aucune1289\/"},"modified":"2026-09-01T16:13:12","modified_gmt":"2026-09-01T14:13:12","slug":"ligne-des-cevennes-plus-aucune1289","status":"publish","type":"post","link":"https:\/\/usagers-transports.haut-allier.eu\/index.php\/2026\/07\/18\/ligne-des-cevennes-plus-aucune1289\/","title":{"rendered":"Ligne des C\u00e9vennes : plus aucune circulation jusqu&rsquo;au 7 ao\u00fbt ! [MAJ : jusqu&rsquo;au 14 !]"},"content":{"rendered":"En raison d&rsquo;un soit disant \u00e9boulement \u00ab\u00a0entre Langeac et Langogne\u00a0\u00bb le site TER SNCF et SNCF Connect nous informent qu&rsquo;aucune circulation de train aura lieu entre Clermont-Ferrand et N\u00eemes jusqu&rsquo;au 7 ao\u00fbt !\n\n<img loading=\"lazy\" decoding=\"async\" class=\" aligncenter size-full wp-image-5911\" src=\"http:\/\/5.45.101.177\/haut-allier\/usagers-transportse\/wp-content\/uploads\/2026\/07\/972eeb41-8f0a-4ec5-9c37-157a6125fe30.jpg\" alt=\"972eeb41-8f0a-4ec5-9c37-157a6125fe30.jpg\" align=\"center\" width=\"408\" height=\"116\" srcset=\"https:\/\/usagers-transports.haut-allier.eu\/wp-content\/uploads\/2026\/07\/972eeb41-8f0a-4ec5-9c37-157a6125fe30.jpg 408w, https:\/\/usagers-transports.haut-allier.eu\/wp-content\/uploads\/2026\/07\/972eeb41-8f0a-4ec5-9c37-157a6125fe30-300x85.jpg 300w\" sizes=\"auto, (max-width: 408px) 100vw, 408px\" \/>\n\nDans un premier temps la r\u00e9ouverture \u00e9tait pr\u00e9vue le  jeudi 23\/07\/2026&#8230; Alors fausse information ou quoi ? On commence a \u00eatre habitu\u00e9 aux informations farfelues de leur part.\n\nLes sites n&rsquo;\u00e9voquent AUCUN MOYEN DE SUBSTITUTION si ce n&rsquo;est&#8230; votre voiture pour les gares de Chapeauroux, Alleyras et Monistrol d&rsquo;Allier ! On cro\u00eet r\u00eaver.\n\nC&rsquo;est pour cel\u00e0 que nous vous conseillons d&rsquo;appeler en masse le service de Transports \u00e0 la Demande (TAD) de la r\u00e9gion  Auvergne Rh\u00f4ne Alpes au [bleu violet]<strong>09 69 32 21 41<\/strong>[\/bleu violet], non surtax\u00e9. Il faut r\u00e9server la veille de son d\u00e9part. Pr\u00e9cisions :\n\n<img loading=\"lazy\" decoding=\"async\" class=\" aligncenter size-full wp-image-5912\" src=\"http:\/\/5.45.101.177\/haut-allier\/usagers-transportse\/wp-content\/uploads\/2026\/07\/7f54e460-40b3-4669-b7ad-f5546d5242cb.jpg\" alt=\"7f54e460-40b3-4669-b7ad-f5546d5242cb.jpg\" align=\"center\" width=\"1123\" height=\"443\" srcset=\"https:\/\/usagers-transports.haut-allier.eu\/wp-content\/uploads\/2026\/07\/7f54e460-40b3-4669-b7ad-f5546d5242cb.jpg 1123w, https:\/\/usagers-transports.haut-allier.eu\/wp-content\/uploads\/2026\/07\/7f54e460-40b3-4669-b7ad-f5546d5242cb-300x118.jpg 300w, https:\/\/usagers-transports.haut-allier.eu\/wp-content\/uploads\/2026\/07\/7f54e460-40b3-4669-b7ad-f5546d5242cb-1024x404.jpg 1024w, https:\/\/usagers-transports.haut-allier.eu\/wp-content\/uploads\/2026\/07\/7f54e460-40b3-4669-b7ad-f5546d5242cb-768x303.jpg 768w\" sizes=\"auto, (max-width: 1123px) 100vw, 1123px\" \/>\n\nApr\u00e8s les arr\u00eats de service successifs dus aux \u00ab\u00a0conditions m\u00e9t\u00e9o\u00a0\u00bb que nous \u00e9voquions ici :\n\nhttps:\/\/usagers-transports.haut-allier.eu\/?plus-aucune-circulation-de-trains,1286.html\n\n&#8230;voil\u00e0 un soit-disant \u00e9boulement qui ne devrait pas \u00eatre tr\u00e8s important puisqu&rsquo;une date de remise en service est \u00e9voqu\u00e9e. Pas de commentaires de notre part.\n\nNous vous tiendrons inform\u00e9s jour apr\u00e8s jour des fiches de circulations pr\u00e9vues :\n\n<a href=\"http:\/\/5.45.101.177\/haut-allier\/usagers-transportse\/wp-content\/uploads\/2026\/07\/fh08_ligne_08___clermont_ferrand_-_nimes_dimanche-19-juillet-2026_a3_v1.pdf\">fh08_ligne_08___clermont_ferrand_-_nimes_dimanche-19-juillet-2026_a3_v1.pdf<\/a>\n\n[fond rouge][blanc][Mise \u00e0 jour du 28 juillet][\/blanc][\/fond rouge]\n\nLes sites SNCF annoncent maintenant une reprise le 14 ao\u00fbt, presque un mois apr\u00e8s la coul\u00e9e de boue !\n\nVoici la fiche horaire du 28 au 31 juillet : Pas de circulations de trains ni de transport de substitution \u00e0 Chapeauroux, Alleyras et Monistrol d&rsquo;Allier \u00ab\u00a0en raison de contraintes d&rsquo;infrastructures\u00a0\u00bb. La fiche horaire :\n\n<a href=\"http:\/\/5.45.101.177\/haut-allier\/usagers-transportse\/wp-content\/uploads\/2026\/07\/affiche_info_trafic_du_2807_au_3107_-_contraintes_d_infrastructure.pdf\">affiche_info_trafic_du_2807_au_3107_-_contraintes_d_infrastructure.pdf<\/a>\n\nInnondez d&rsquo;appels le \u00ab\u00a0num\u00e9ro Crystal\u00a0\u00bb 09 69 32 21 41.\n\nSinon article complet avec les vraies photos de \u00ab\u00a0l&rsquo;\u00e9boulement\u00a0\u00bb :\n\nhttps:\/\/usagers-transports.haut-allier.eu\/?exclusif-3-coulees-de-boue-coupent,1290.html\n\n\n<em>(Image du logo de cet article g\u00e9n\u00e9r\u00e9e par IA)<\/em><p>&nbsp;<\/p>\n\n\t<figure class=\"wp-block-gallery columns-1 is-cropped wp-block-gallery-1 is-layout-flex wp-block-gallery-is-layout-flex\">\n\t\t<ul class=\"blocks-gallery-grid\">\n\t\t\t<li class=\"blocks-gallery-item\">\n\t\t\t\t<figure>\n\t\t\t\t\t\t\t\t\t\t\t<img loading=\"lazy\" decoding=\"async\" width=\"1901\" height=\"1427\" src=\"http:\/\/5.45.101.177\/haut-allier\/usagers-transportse\/wp-content\/uploads\/2026\/07\/eboulement-haut-allier.jpg\"\n\t\t\t\t\t\t alt=\"eboulement-haut-allier.jpg\"\n\t\t\t\t\t\t data-id=\"5915\"\n\t\t\t\t\t\t data-full-url=\"http:\/\/5.45.101.177\/haut-allier\/usagers-transportse\/wp-content\/uploads\/2026\/07\/eboulement-haut-allier.jpg\"\n\t\t\t\t\t\t data-link=\"http:\/\/5.45.101.177\/haut-allier\/usagers-transportse\/attachment-eboulement-haut-allier-jpg\/\"\n\t\t\t\t\t\t class=\"wp-image-5915\" srcset=\"https:\/\/usagers-transports.haut-allier.eu\/wp-content\/uploads\/2026\/07\/eboulement-haut-allier.jpg 1901w, https:\/\/usagers-transports.haut-allier.eu\/wp-content\/uploads\/2026\/07\/eboulement-haut-allier-300x225.jpg 300w, https:\/\/usagers-transports.haut-allier.eu\/wp-content\/uploads\/2026\/07\/eboulement-haut-allier-1024x769.jpg 1024w, https:\/\/usagers-transports.haut-allier.eu\/wp-content\/uploads\/2026\/07\/eboulement-haut-allier-768x577.jpg 768w, https:\/\/usagers-transports.haut-allier.eu\/wp-content\/uploads\/2026\/07\/eboulement-haut-allier-1536x1153.jpg 1536w\" sizes=\"auto, (max-width: 1901px) 100vw, 1901px\" \/>\n\t\t\t\t<\/figure>\n\t\t\t<\/li>\n\t\t<\/ul>\n\t<\/figure>\n","protected":false},"excerpt":{"rendered":"<p>En raison d&rsquo;un soit disant \u00e9boulement \u00ab\u00a0entre Langeac et Langogne\u00a0\u00bb le site TER SNCF et SNCF Connect nous<\/p>\n","protected":false},"author":4,"featured_media":5911,"comment_status":"open","ping_status":"open","sticky":false,"template":"","format":"standard","meta":{"footnotes":""},"categories":[3],"tags":[],"class_list":["post-1289","post","type-post","status-publish","format-standard","has-post-thumbnail","hentry","category-en-train"],"_links":{"self":[{"href":"https:\/\/usagers-transports.haut-allier.eu\/index.php\/wp-json\/wp\/v2\/posts\/1289","targetHints":{"allow":["GET"]}}],"collection":[{"href":"https:\/\/usagers-transports.haut-allier.eu\/index.php\/wp-json\/wp\/v2\/posts"}],"about":[{"href":"https:\/\/usagers-transports.haut-allier.eu\/index.php\/wp-json\/wp\/v2\/types\/post"}],"author":[{"embeddable":true,"href":"https:\/\/usagers-transports.haut-allier.eu\/index.php\/wp-json\/wp\/v2\/users\/4"}],"replies":[{"embeddable":true,"href":"https:\/\/usagers-transports.haut-allier.eu\/index.php\/wp-json\/wp\/v2\/comments?post=1289"}],"version-history":[{"count":1,"href":"https:\/\/usagers-transports.haut-allier.eu\/index.php\/wp-json\/wp\/v2\/posts\/1289\/revisions"}],"predecessor-version":[{"id":5916,"href":"https:\/\/usagers-transports.haut-allier.eu\/index.php\/wp-json\/wp\/v2\/posts\/1289\/revisions\/5916"}],"wp:featuredmedia":[{"embeddable":true,"href":"https:\/\/usagers-transports.haut-allier.eu\/index.php\/wp-json\/wp\/v2\/media\/5911"}],"wp:attachment":[{"href":"https:\/\/usagers-transports.haut-allier.eu\/index.php\/wp-json\/wp\/v2\/media?parent=1289"}],"wp:term":[{"taxonomy":"category","embeddable":true,"href":"https:\/\/usagers-transports.haut-allier.eu\/index.php\/wp-json\/wp\/v2\/categories?post=1289"},{"taxonomy":"post_tag","embeddable":true,"href":"https:\/\/usagers-transports.haut-allier.eu\/index.php\/wp-json\/wp\/v2\/tags?post=1289"}],"curies":[{"name":"wp","href":"https:\/\/api.w.org\/{rel}","templated":true}]}}