{"id":129,"date":"2014-04-29T19:22:43","date_gmt":"2014-04-29T17:22:43","guid":{"rendered":"http:\/\/5.45.101.177\/haut-allier\/usagers-transportse\/index.php\/2014\/04\/29\/la-perenite-de-la-ligne-sncf-du129\/"},"modified":"2014-04-29T19:22:43","modified_gmt":"2014-04-29T17:22:43","slug":"la-perenite-de-la-ligne-sncf-du129","status":"publish","type":"post","link":"https:\/\/usagers-transports.haut-allier.eu\/index.php\/2014\/04\/29\/la-perenite-de-la-ligne-sncf-du129\/","title":{"rendered":"La p\u00e9r\u00e9nit\u00e9 de la ligne SNCF du C\u00e9venol souhait\u00e9e&#8230; par la r\u00e9gion Auvergne"},"content":{"rendered":"<p>La r\u00e9ponse de l&rsquo;Etat concernant le nouveau plan Etat \/ R\u00e9gion Auvergne d&rsquo;am\u00e9lioration des infrastructures ferroviaires voulu par son pr\u00e9sident est attendue courant mai 2014, donc ce mois prochain.<br \/>\n&nbsp;<br \/>\nRen\u00e9 Souchon d\u00e9sire que la ligne Le Puy Saint-Etienne soit prioritaire dans ce futur contrat de travaux \/ financement ainsi que deux autres sites : la ligne du C\u00e9venol et les quais de la gare de Clermont-Ferrand.<br \/>\n&nbsp;<br \/>\nL&rsquo;Auvergne est dispos\u00e9e \u00e0 financer \u00e0 hauteur de 100 millions d&rsquo;euros.<br \/>\n&nbsp;<br \/>\nConcernant la ligne du C\u00e9venol le nouveau directeur r\u00e9gional SNCF Auvergne Eric Cinotti, nomm\u00e9 dans le massif central en remplacement de Jacky Lion \u00e0 qui il a \u00e9t\u00e9 reproch\u00e9 \u00e0 Paris d&rsquo;avoir \u00e9t\u00e9 trop complaisant avec les acteurs auvergnats, \u00e9lus locaux, usagers et associations de d\u00e9fense, va certainement faire tout ce qu&rsquo;il pourra pour freiner toutes les initiatives : il dit lui m\u00eame dans l&rsquo;article du Progr\u00e8s <em>&lsquo;qu&rsquo;une r\u00e9flexion est en cours entre l&rsquo;Etat et la SNCF&rsquo;<\/em>. Traduire : on m&rsquo;a nomm\u00e9 pour parfaire le sabotage de la ligne en vue de son abandon d\u00e9finitif.<br \/>\n&nbsp;<br \/>\nLe collectif des usagers des transports du Haut-Allier exercera une veille active concernant les agissements des diff\u00e9rents staffs SNCF, nationaux et r\u00e9gionaux, d&rsquo;Auvergne, du Languedoc Roussillon, de Midi Pyr\u00e9n\u00e9es et de PACA.<br \/>\n&nbsp;<br \/>\n<em>L&rsquo;article du Progr\u00e8s du 29 avril :<\/em><\/p>\n<p><img decoding=\"async\" src=\"IMG\/jpg\/290420142580.jpg\" alt=\"290420142580.jpg\" align=\"center\" \/><\/p>\n<p>Attention le titre de la coupure de presse est trompeur : rien n&rsquo;est d\u00e9cid\u00e9 et aucune priorit\u00e9 n&rsquo;est accord\u00e9e \u00e0 la ligne des C\u00e9vennes, il ne s&rsquo;agit malheureusement pour l&rsquo;instant que d&rsquo;un voeu.<\/p>\n","protected":false},"excerpt":{"rendered":"<p>La r\u00e9ponse de l&rsquo;Etat concernant le nouveau plan Etat \/ R\u00e9gion Auvergne d&rsquo;am\u00e9lioration des infrastructures ferroviaires voulu par<\/p>\n","protected":false},"author":1,"featured_media":0,"comment_status":"closed","ping_status":"open","sticky":false,"template":"","format":"standard","meta":{"footnotes":""},"categories":[2],"tags":[],"class_list":["post-129","post","type-post","status-publish","format-standard","hentry","category-infos"],"_links":{"self":[{"href":"https:\/\/usagers-transports.haut-allier.eu\/index.php\/wp-json\/wp\/v2\/posts\/129","targetHints":{"allow":["GET"]}}],"collection":[{"href":"https:\/\/usagers-transports.haut-allier.eu\/index.php\/wp-json\/wp\/v2\/posts"}],"about":[{"href":"https:\/\/usagers-transports.haut-allier.eu\/index.php\/wp-json\/wp\/v2\/types\/post"}],"author":[{"embeddable":true,"href":"https:\/\/usagers-transports.haut-allier.eu\/index.php\/wp-json\/wp\/v2\/users\/1"}],"replies":[{"embeddable":true,"href":"https:\/\/usagers-transports.haut-allier.eu\/index.php\/wp-json\/wp\/v2\/comments?post=129"}],"version-history":[{"count":0,"href":"https:\/\/usagers-transports.haut-allier.eu\/index.php\/wp-json\/wp\/v2\/posts\/129\/revisions"}],"wp:attachment":[{"href":"https:\/\/usagers-transports.haut-allier.eu\/index.php\/wp-json\/wp\/v2\/media?parent=129"}],"wp:term":[{"taxonomy":"category","embeddable":true,"href":"https:\/\/usagers-transports.haut-allier.eu\/index.php\/wp-json\/wp\/v2\/categories?post=129"},{"taxonomy":"post_tag","embeddable":true,"href":"https:\/\/usagers-transports.haut-allier.eu\/index.php\/wp-json\/wp\/v2\/tags?post=129"}],"curies":[{"name":"wp","href":"https:\/\/api.w.org\/{rel}","templated":true}]}}