{"id":1291,"date":"2026-07-28T07:25:13","date_gmt":"2026-07-28T05:25:13","guid":{"rendered":"http:\/\/5.45.101.177\/haut-allier\/usagers-transportse\/index.php\/2026\/07\/28\/les-bus-ter-en-region-auvergne1291\/"},"modified":"2026-09-01T16:13:20","modified_gmt":"2026-09-01T14:13:20","slug":"les-bus-ter-en-region-auvergne1291","status":"publish","type":"post","link":"https:\/\/usagers-transports.haut-allier.eu\/index.php\/2026\/07\/28\/les-bus-ter-en-region-auvergne1291\/","title":{"rendered":"Les bus TER en r\u00e9gion Auvergne Rh\u00f4ne Alpes : les plaintes des voyageurs se multiplient"},"content":{"rendered":"\u00ab\u00a0La r\u00e9gion vous transporte\u00a0\u00bb nous raconte le slogan de la r\u00e9gion Auvergne Rh\u00f4ne Alpes, nous ajouterons \u00ab\u00a0Peut-\u00eatre, mais mal\u00a0\u00bb. Ces derniers jours nous sommes t\u00e9moins de plusieurs coups de gueule d&rsquo;usagers. Le premier c&rsquo;est celui d&rsquo;un voyageur suisse ce dimanche : \n\n<blockquote class=\"poesie\">\n<em>\nImaginons&#8230; ce serait en hiver et pas en \u00e9t\u00e9. Par -15\u00b0C&#8230;\n\nDimanche, 08h30 (&#8230;) Pr\u00eat pour mon voyage de retour en Suisse.\nJ&rsquo;attend mon bus qui n&rsquo;arrivera jamais, le prochain dans 8h !\nA l&rsquo;arriv\u00e9e \u00e0 St-Etienne-Ch\u00e2teaucreux je devrais prendre un h\u00f4tel. \nCar impossible d&rsquo;arriver le m\u00eame jour en Suisse.\nC&rsquo;est pire que dans le temps des cal\u00e8ches de Vauban.\n\nLes transports publics en France ? Une simple saloperie, sans autre exemple dans le reste du monde. On n&rsquo;ose m\u00eame pas comparer avec ses anciennes colonies qui entre temps sont plus civilis\u00e9es et organis\u00e9es que la France elle-m\u00eame.\n\nEt les employ\u00e9s de ces entreprises, trains, bus etc. on ne sait jamais sur qui ou sur quel comportement on tombera lors d&rsquo;un voyage : Un contr\u00f4leur par exemple peut \u00eatre totalement invisible m\u00eame qu&rsquo;il existe bien. Il pourra \u00eatre gentil ou charmant style Milice fran\u00e7aise de 1943 ou officier politique de 1941 de l&rsquo;arm\u00e9e russe. Tout sera possible.\n\nHier \u00e0 la gare de Langeac. tout le monde change du train au bus. Je prends le bus qui est affich\u00e9 pour Le Puy-en-Velay.\n\nD\u00e8s que le chauffeur me voit avec mon sac \u00e0 dos, il pense devoir m&rsquo;insulter : \u00ab\u00a0Vous \u00eates s\u00fbr que vous chargez votre sac dans le bon bus ?\u00a0\u00bb. Ma r\u00e9ponse : \u00ab\u00a0Vous avez bien affich\u00e9 sur votre bus la destination Le Puy, non ?\u00a0\u00bb.\n\nMes deux tableaux, je les emmen\u00e9 dans la cabine pour les prot\u00e9ger et les tenir dans mes mains pendant le voyage.\nIl me crie derri\u00e8re quelque chose, que je ne comprends pas enti\u00e8rement : \u00ab\u00a0En cas d&rsquo;accident&#8230; blablabla&#8230;\u00a0\u00bb\n\nIl veut voir mon billet, qu&rsquo;il ne sait m\u00eame pas lire (&#8230;). On part enfin.\n\nVoyage d&rsquo;enfer.\n\nLe chauffeur r\u00e2le \u00e0 haute voix avec une cliente sur tout le trajet.\nAu Puy, il clignote sans cesse au plein millieu de la ville.\n\nBien s\u00fbr, selon la tradition fran\u00e7aise, les cons c&rsquo;est toujours les autres. Le seul qui a vraiment raison, c&rsquo;est notre chauffeur ! (&#8230;).\n\nPuis, il passe un feu rouge.\n\nJe suis content d&rsquo;\u00eatre arriv\u00e9 vivant (&#8230;).\n\nHans.\n<\/em>\n<\/poesie>\n\nLe second t\u00e9moignage c&rsquo;est celui de Philippe hier lundi :\n\n<poesie>\n<em>\n\u00ab\u00a0Venu en train depuis Monistrol sur Loire j&rsquo;ai pris le bus entre Le Puy en Velay et Langogne esp\u00e9rant y prendre le train TER jusqu&rsquo;\u00e0 Chapeauroux (J&rsquo;ai appris plus tard qu&rsquo;aucun train ne circulait jusqu&rsquo;au 14 ao\u00fbt !). \n\nOn part avec quelques minutes de retard parce que des passagers sont mont\u00e9s \u00e0 la derni\u00e8re minute. Le chauffeur s&rsquo;est arr\u00eat\u00e9 parce qu&rsquo;il y avait un volet de la soute \u00e0 bagages mal ferm\u00e9. On a perdu pas mal de temps aussi \u00e0 cause de tracteurs agricoles donc il n&rsquo;\u00e9tait pas tr\u00e8s content puisqu&rsquo;il nous a annonc\u00e9 qu&rsquo;il y avait 8 minutes de retard. Cel\u00e0 a eu pour cons\u00e9quence qu&rsquo;entre Pradelles et Langogne il a essay\u00e9 de rattraper le retard en roulant extr\u00eamement vite : en coupant les virages, on \u00e9tait chavir\u00e9, il avait l&rsquo;air assez \u00e9nerv\u00e9. D&rsquo;ailleurs \u00e0 moment donn\u00e9 il s&rsquo;est plaint en disant que dans ce bus ya plus rien qui marchait. A chaque fois il demandait si quelqu&rsquo;un descendait alors que partout il y avait des gens qui montaient.\n\nJ&rsquo;ai trouv\u00e9 que c&rsquo;\u00e9tait un voyage tr\u00e8s p\u00e9nible. \n<\/em>\n<\/blockquote>\n\nDeux t\u00e9moignages r\u00e9cents de la qualit\u00e9 des transports en commun g\u00e9r\u00e9s par SNCF TER dans notre \u00ab\u00a0belle et grande r\u00e9gion\u00a0\u00bb. Ils s&rsquo;ajoutent \u00e0 tout le reste.<p>&nbsp;<\/p>\n\n\t<figure class=\"wp-block-gallery columns-1 is-cropped wp-block-gallery-1 is-layout-flex wp-block-gallery-is-layout-flex\">\n\t\t<ul class=\"blocks-gallery-grid\">\n\t\t\t<li class=\"blocks-gallery-item\">\n\t\t\t\t<figure>\n\t\t\t\t\t\t\t\t\t\t\t<img loading=\"lazy\" decoding=\"async\" width=\"700\" height=\"466\" src=\"http:\/\/5.45.101.177\/haut-allier\/usagers-transportse\/wp-content\/uploads\/2026\/07\/laregionvoustransprte.jpg\"\n\t\t\t\t\t\t alt=\"laregionvoustransprte.jpg\"\n\t\t\t\t\t\t data-id=\"5927\"\n\t\t\t\t\t\t data-full-url=\"http:\/\/5.45.101.177\/haut-allier\/usagers-transportse\/wp-content\/uploads\/2026\/07\/laregionvoustransprte.jpg\"\n\t\t\t\t\t\t data-link=\"http:\/\/5.45.101.177\/haut-allier\/usagers-transportse\/attachment-laregionvoustransprte-jpg\/\"\n\t\t\t\t\t\t class=\"wp-image-5927\" srcset=\"https:\/\/usagers-transports.haut-allier.eu\/wp-content\/uploads\/2026\/07\/laregionvoustransprte.jpg 700w, https:\/\/usagers-transports.haut-allier.eu\/wp-content\/uploads\/2026\/07\/laregionvoustransprte-300x200.jpg 300w\" sizes=\"auto, (max-width: 700px) 100vw, 700px\" \/>\n\t\t\t\t<\/figure>\n\t\t\t<\/li>\n\t\t<\/ul>\n\t<\/figure>\n","protected":false},"excerpt":{"rendered":"<p>\u00ab\u00a0La r\u00e9gion vous transporte\u00a0\u00bb nous raconte le slogan de la r\u00e9gion Auvergne Rh\u00f4ne Alpes, nous ajouterons \u00ab\u00a0Peut-\u00eatre, mais<\/p>\n","protected":false},"author":2,"featured_media":5927,"comment_status":"open","ping_status":"open","sticky":false,"template":"","format":"standard","meta":{"footnotes":""},"categories":[4],"tags":[],"class_list":["post-1291","post","type-post","status-publish","format-standard","has-post-thumbnail","hentry","category-en-bus"],"_links":{"self":[{"href":"https:\/\/usagers-transports.haut-allier.eu\/index.php\/wp-json\/wp\/v2\/posts\/1291","targetHints":{"allow":["GET"]}}],"collection":[{"href":"https:\/\/usagers-transports.haut-allier.eu\/index.php\/wp-json\/wp\/v2\/posts"}],"about":[{"href":"https:\/\/usagers-transports.haut-allier.eu\/index.php\/wp-json\/wp\/v2\/types\/post"}],"author":[{"embeddable":true,"href":"https:\/\/usagers-transports.haut-allier.eu\/index.php\/wp-json\/wp\/v2\/users\/2"}],"replies":[{"embeddable":true,"href":"https:\/\/usagers-transports.haut-allier.eu\/index.php\/wp-json\/wp\/v2\/comments?post=1291"}],"version-history":[{"count":1,"href":"https:\/\/usagers-transports.haut-allier.eu\/index.php\/wp-json\/wp\/v2\/posts\/1291\/revisions"}],"predecessor-version":[{"id":5928,"href":"https:\/\/usagers-transports.haut-allier.eu\/index.php\/wp-json\/wp\/v2\/posts\/1291\/revisions\/5928"}],"wp:featuredmedia":[{"embeddable":true,"href":"https:\/\/usagers-transports.haut-allier.eu\/index.php\/wp-json\/wp\/v2\/media\/5927"}],"wp:attachment":[{"href":"https:\/\/usagers-transports.haut-allier.eu\/index.php\/wp-json\/wp\/v2\/media?parent=1291"}],"wp:term":[{"taxonomy":"category","embeddable":true,"href":"https:\/\/usagers-transports.haut-allier.eu\/index.php\/wp-json\/wp\/v2\/categories?post=1291"},{"taxonomy":"post_tag","embeddable":true,"href":"https:\/\/usagers-transports.haut-allier.eu\/index.php\/wp-json\/wp\/v2\/tags?post=1291"}],"curies":[{"name":"wp","href":"https:\/\/api.w.org\/{rel}","templated":true}]}}