{"id":1292,"date":"2026-07-28T09:31:08","date_gmt":"2026-07-28T07:31:08","guid":{"rendered":"http:\/\/5.45.101.177\/haut-allier\/usagers-transportse\/index.php\/2026\/07\/28\/coulees-de-boue-sur-la-ligne-des1292\/"},"modified":"2026-09-01T16:13:26","modified_gmt":"2026-09-01T14:13:26","slug":"coulees-de-boue-sur-la-ligne-des1292","status":"publish","type":"post","link":"https:\/\/usagers-transports.haut-allier.eu\/index.php\/2026\/07\/28\/coulees-de-boue-sur-la-ligne-des1292\/","title":{"rendered":"Coul\u00e9es de boue sur la ligne des C\u00e9vennes : notre communiqu\u00e9 de presse"},"content":{"rendered":"A la suite des incendies et puis de coul\u00e9es de boue apparues vers le 17 juillet sur la commune de Rauret (Haute-Loire) et Saint-Bonnet Laval (Loz\u00e8re), SNCF R\u00e9seau informe que les circulatons de trains sont coup\u00e9es jsqu&rsquo;au 14 ao\u00fbt. Nous trouvons cel\u00e0 inadmissible en plein p\u00e9riode de vacances qu&rsquo;un gestionnaire d&rsquo;infrastructure s&rsquo;autorise \u00e0 prendre pr\u00e8s d&rsquo;un mois pour d\u00e9gager 20 cm de boue sur 5 m\u00e8tres de longueur sur une voie ferr\u00e9e.\n\nSNCF R\u00e9seau et R\u00e9gion sont muets. \n\nCe matin nous venons d&rsquo;envoyer un communiqu\u00e9 de presse :\n\n<img loading=\"lazy\" decoding=\"async\" class=\" aligncenter size-full wp-image-5929\" src=\"http:\/\/5.45.101.177\/haut-allier\/usagers-transportse\/wp-content\/uploads\/2026\/07\/usagers-transports-haut-allier-cp-28juillet2026.jpg\" alt=\"usagers-transports-haut-allier-cp-28juillet2026.jpg\" align=\"center\" width=\"1571\" height=\"2222\" srcset=\"https:\/\/usagers-transports.haut-allier.eu\/wp-content\/uploads\/2026\/07\/usagers-transports-haut-allier-cp-28juillet2026.jpg 1571w, https:\/\/usagers-transports.haut-allier.eu\/wp-content\/uploads\/2026\/07\/usagers-transports-haut-allier-cp-28juillet2026-212x300.jpg 212w, https:\/\/usagers-transports.haut-allier.eu\/wp-content\/uploads\/2026\/07\/usagers-transports-haut-allier-cp-28juillet2026-724x1024.jpg 724w, https:\/\/usagers-transports.haut-allier.eu\/wp-content\/uploads\/2026\/07\/usagers-transports-haut-allier-cp-28juillet2026-768x1086.jpg 768w, https:\/\/usagers-transports.haut-allier.eu\/wp-content\/uploads\/2026\/07\/usagers-transports-haut-allier-cp-28juillet2026-1086x1536.jpg 1086w, https:\/\/usagers-transports.haut-allier.eu\/wp-content\/uploads\/2026\/07\/usagers-transports-haut-allier-cp-28juillet2026-1448x2048.jpg 1448w\" sizes=\"auto, (max-width: 1571px) 100vw, 1571px\" \/>\n\n\n__degrade.png__\n\n\n[fond rouge][blanc]Les retours m\u00e9dias :[\/blanc][\/fond rouge]\n\n&#8211; La Comm\u00e8re de Haute-Loire du 28 juillet :\nhttps:\/\/www.lacommere43.fr\/sport\/item\/84084-la-ligne-ferroviaire-des-cevennes-fermee-un-mois-apres-les-incendies-et-un-eboulement-usagers-et-cheminots-s-en-plaignent.html\n <img loading=\"lazy\" decoding=\"async\" class=\" aligncenter size-full wp-image-5930\" src=\"http:\/\/5.45.101.177\/haut-allier\/usagers-transportse\/wp-content\/uploads\/2026\/07\/lacomere43-28juillet2026.jpg\" alt=\"lacomere43-28juillet2026.jpg\" align=\"center\" width=\"830\" height=\"2071\" srcset=\"https:\/\/usagers-transports.haut-allier.eu\/wp-content\/uploads\/2026\/07\/lacomere43-28juillet2026.jpg 830w, https:\/\/usagers-transports.haut-allier.eu\/wp-content\/uploads\/2026\/07\/lacomere43-28juillet2026-120x300.jpg 120w, https:\/\/usagers-transports.haut-allier.eu\/wp-content\/uploads\/2026\/07\/lacomere43-28juillet2026-410x1024.jpg 410w, https:\/\/usagers-transports.haut-allier.eu\/wp-content\/uploads\/2026\/07\/lacomere43-28juillet2026-768x1916.jpg 768w, https:\/\/usagers-transports.haut-allier.eu\/wp-content\/uploads\/2026\/07\/lacomere43-28juillet2026-616x1536.jpg 616w, https:\/\/usagers-transports.haut-allier.eu\/wp-content\/uploads\/2026\/07\/lacomere43-28juillet2026-821x2048.jpg 821w\" sizes=\"auto, (max-width: 830px) 100vw, 830px\" \/>\n\n&#8211; Ici Gard Loz\u00e8re du 28 juillet :\nhttps:\/\/www.ici.fr\/occitanie\/gard-30\/la-ligne-de-train-nimes-clermont-interrompue-pour-un-mois-a-cause-de-coulees-de-boue-les-usagers-en-colere-4245997\n<img loading=\"lazy\" decoding=\"async\" class=\" aligncenter size-full wp-image-5931\" src=\"http:\/\/5.45.101.177\/haut-allier\/usagers-transportse\/wp-content\/uploads\/2026\/07\/ici-gard-lozere-28juillet2026-scaled.jpg\" alt=\"ici-gard-lozere-28juillet2026.jpg\" align=\"center\" width=\"843\" height=\"2560\" srcset=\"https:\/\/usagers-transports.haut-allier.eu\/wp-content\/uploads\/2026\/07\/ici-gard-lozere-28juillet2026-scaled.jpg 843w, https:\/\/usagers-transports.haut-allier.eu\/wp-content\/uploads\/2026\/07\/ici-gard-lozere-28juillet2026-99x300.jpg 99w, https:\/\/usagers-transports.haut-allier.eu\/wp-content\/uploads\/2026\/07\/ici-gard-lozere-28juillet2026-337x1024.jpg 337w, https:\/\/usagers-transports.haut-allier.eu\/wp-content\/uploads\/2026\/07\/ici-gard-lozere-28juillet2026-768x2332.jpg 768w, https:\/\/usagers-transports.haut-allier.eu\/wp-content\/uploads\/2026\/07\/ici-gard-lozere-28juillet2026-506x1536.jpg 506w\" sizes=\"auto, (max-width: 843px) 100vw, 843px\" \/>\n\n&#8211; Ici Gard Loz\u00e8re du 29 juillet journal de 7h :\n<a href=\"http:\/\/5.45.101.177\/haut-allier\/usagers-transportse\/wp-content\/uploads\/2026\/07\/2026-07-29-06h58m12s-fbgardlozere.mp3\">2026-07-29-06h58m12s-fbgardlozere.mp3<\/a>\n\n&#8211; Ici Gard Loz\u00e8re du 29 juillet journal de 8h :\n<a href=\"http:\/\/5.45.101.177\/haut-allier\/usagers-transportse\/wp-content\/uploads\/2026\/07\/2026-07-29-07h57m14s-fbgardlozere.mp3\">2026-07-29-07h57m14s-fbgardlozere.mp3<\/a>\n\n&#8211; Ici Gard Loz\u00e8re du 29 juillet journal de 12h :\n<a href=\"http:\/\/5.45.101.177\/haut-allier\/usagers-transportse\/wp-content\/uploads\/2026\/07\/2026-07-29-11h57m50s-fbgardlozere.mp3\">2026-07-29-11h57m50s-fbgardlozere.mp3<\/a>\n\n&#8211; L&rsquo;Eveil du 29 juillet :\nhttps:\/\/www.leveil.fr\/langeac-43300\/actualites\/ligne-du-cevenol-a-l-arret-usagers-et-cheminots-denoncent-une-situation-inadmissible-en-pleine-saison-estivale_15026593\/\n<img loading=\"lazy\" decoding=\"async\" class=\" aligncenter size-full wp-image-5935\" src=\"http:\/\/5.45.101.177\/haut-allier\/usagers-transportse\/wp-content\/uploads\/2026\/07\/eveil-29juilet2026-traficferroviairenulentrelangeacetlangogne.jpg\" alt=\"eveil-29juilet2026-traficferroviairenulentrelangeacetlangogne.jpg\" align=\"center\" width=\"1571\" height=\"1008\" srcset=\"https:\/\/usagers-transports.haut-allier.eu\/wp-content\/uploads\/2026\/07\/eveil-29juilet2026-traficferroviairenulentrelangeacetlangogne.jpg 1571w, https:\/\/usagers-transports.haut-allier.eu\/wp-content\/uploads\/2026\/07\/eveil-29juilet2026-traficferroviairenulentrelangeacetlangogne-300x192.jpg 300w, https:\/\/usagers-transports.haut-allier.eu\/wp-content\/uploads\/2026\/07\/eveil-29juilet2026-traficferroviairenulentrelangeacetlangogne-1024x657.jpg 1024w, https:\/\/usagers-transports.haut-allier.eu\/wp-content\/uploads\/2026\/07\/eveil-29juilet2026-traficferroviairenulentrelangeacetlangogne-768x493.jpg 768w, https:\/\/usagers-transports.haut-allier.eu\/wp-content\/uploads\/2026\/07\/eveil-29juilet2026-traficferroviairenulentrelangeacetlangogne-1536x986.jpg 1536w\" sizes=\"auto, (max-width: 1571px) 100vw, 1571px\" \/>\n\n&#8211; Actu.fr du 29 juillet :\nhttps:\/\/actu.fr\/occitanie\/saint-bonnet-laval_48139\/plus-de-trains-sur-cette-ligne-qui-traverse-la-lozere-jusqu-a-mi-aout-voici-la-raison_64599852.html\n<img loading=\"lazy\" decoding=\"async\" class=\" aligncenter size-full wp-image-5936\" src=\"http:\/\/5.45.101.177\/haut-allier\/usagers-transportse\/wp-content\/uploads\/2026\/07\/actu-fr-29juillet2026-scaled.jpg\" alt=\"actu-fr-29juillet2026.jpg\" align=\"center\" width=\"660\" height=\"2560\" srcset=\"https:\/\/usagers-transports.haut-allier.eu\/wp-content\/uploads\/2026\/07\/actu-fr-29juillet2026-scaled.jpg 660w, https:\/\/usagers-transports.haut-allier.eu\/wp-content\/uploads\/2026\/07\/actu-fr-29juillet2026-77x300.jpg 77w, https:\/\/usagers-transports.haut-allier.eu\/wp-content\/uploads\/2026\/07\/actu-fr-29juillet2026-264x1024.jpg 264w, https:\/\/usagers-transports.haut-allier.eu\/wp-content\/uploads\/2026\/07\/actu-fr-29juillet2026-768x2980.jpg 768w, https:\/\/usagers-transports.haut-allier.eu\/wp-content\/uploads\/2026\/07\/actu-fr-29juillet2026-396x1536.jpg 396w, https:\/\/usagers-transports.haut-allier.eu\/wp-content\/uploads\/2026\/07\/actu-fr-29juillet2026-528x2048.jpg 528w\" sizes=\"auto, (max-width: 660px) 100vw, 660px\" \/>\n\n&#8211; Ici Pays d&rsquo;Auvergne du 29 juillet journal de 18h :\n<a href=\"http:\/\/5.45.101.177\/haut-allier\/usagers-transportse\/wp-content\/uploads\/2026\/07\/2026-07-29-18h01m01s-fbpaysdauvergne.mp3\">2026-07-29-18h01m01s-fbpaysdauvergne.mp3<\/a>\n\n&#8211; Ici Pays d&rsquo;Auvergne du 30 juillet journal de 7h :\n<a href=\"http:\/\/5.45.101.177\/haut-allier\/usagers-transportse\/wp-content\/uploads\/2026\/07\/2026-07-30-06h54m12s-fbpaysdauvergne.mp3\">2026-07-30-06h54m12s-fbpaysdauvergne.mp3<\/a>\n\n&#8211; Ici Pays d&rsquo;Auvergne du 30 juillet journal de 8h :\n<a href=\"http:\/\/5.45.101.177\/haut-allier\/usagers-transportse\/wp-content\/uploads\/2026\/07\/2026-07-30-07h35m58s-fbpaysdauvergne.mp3\">2026-07-30-07h35m58s-fbpaysdauvergne.mp3<\/a>\n\n&#8211; Ici Pays d&rsquo;Auvergne du 30 juillet journal de 12h :\n<a href=\"http:\/\/5.45.101.177\/haut-allier\/usagers-transportse\/wp-content\/uploads\/2026\/07\/2026-07-29-12h00m-fbpaysdauvergne.mp3\">2026-07-29-12h00m-fbpaysdauvergne.mp3<\/a>\n\n&#8211; Objectif Gard du 30 juillet :\nhttps:\/\/www.objectifgard.com\/gard\/train-la-ligne-clermont-ferrand-nimes-est-coupee-pour-un-mois-167613.php\n<img loading=\"lazy\" decoding=\"async\" class=\" aligncenter size-full wp-image-5941\" src=\"http:\/\/5.45.101.177\/haut-allier\/usagers-transportse\/wp-content\/uploads\/2026\/07\/objectif-gard-29juillet2026-web-scaled.jpg\" alt=\"objectif-gard-29juillet2026-web.jpg\" align=\"center\" width=\"702\" height=\"2560\" srcset=\"https:\/\/usagers-transports.haut-allier.eu\/wp-content\/uploads\/2026\/07\/objectif-gard-29juillet2026-web-scaled.jpg 702w, https:\/\/usagers-transports.haut-allier.eu\/wp-content\/uploads\/2026\/07\/objectif-gard-29juillet2026-web-82x300.jpg 82w, https:\/\/usagers-transports.haut-allier.eu\/wp-content\/uploads\/2026\/07\/objectif-gard-29juillet2026-web-281x1024.jpg 281w, https:\/\/usagers-transports.haut-allier.eu\/wp-content\/uploads\/2026\/07\/objectif-gard-29juillet2026-web-768x2800.jpg 768w, https:\/\/usagers-transports.haut-allier.eu\/wp-content\/uploads\/2026\/07\/objectif-gard-29juillet2026-web-421x1536.jpg 421w, https:\/\/usagers-transports.haut-allier.eu\/wp-content\/uploads\/2026\/07\/objectif-gard-29juillet2026-web-562x2048.jpg 562w\" sizes=\"auto, (max-width: 702px) 100vw, 702px\" \/>\n\n&#8211; InfoRadar du 31 juillet :\nhttps:\/\/inforadar.fr\/coulee-de-boue-a-saint-bonnet-laval-la-ligne-clermont-ferrand-nimes-coupee-jusque-mi-aout\n<img loading=\"lazy\" decoding=\"async\" class=\" aligncenter size-full wp-image-5942\" src=\"http:\/\/5.45.101.177\/haut-allier\/usagers-transportse\/wp-content\/uploads\/2026\/07\/inforadar-30juillet2026-scaled.jpg\" alt=\"inforadar-30juillet2026.jpg\" align=\"center\" width=\"567\" height=\"2560\" srcset=\"https:\/\/usagers-transports.haut-allier.eu\/wp-content\/uploads\/2026\/07\/inforadar-30juillet2026-scaled.jpg 567w, https:\/\/usagers-transports.haut-allier.eu\/wp-content\/uploads\/2026\/07\/inforadar-30juillet2026-227x1024.jpg 227w, https:\/\/usagers-transports.haut-allier.eu\/wp-content\/uploads\/2026\/07\/inforadar-30juillet2026-340x1536.jpg 340w\" sizes=\"auto, (max-width: 567px) 100vw, 567px\" \/>\n\n&#8211; Midi Libre du 31 juillet :\nhttps:\/\/www.midilibre.fr\/2026\/07\/30\/starruss-ligne-du-cevenol-pourquoi-la-circulation-des-trains-restera-interrompue-jusquau-14-aout-13490295.php\n\n<img loading=\"lazy\" decoding=\"async\" class=\" aligncenter size-full wp-image-5943\" src=\"http:\/\/5.45.101.177\/haut-allier\/usagers-transportse\/wp-content\/uploads\/2026\/07\/articlemidilibrelozere.jpg\" alt=\"articlemidilibrelozere.jpg\" align=\"center\" width=\"812\" height=\"657\" srcset=\"https:\/\/usagers-transports.haut-allier.eu\/wp-content\/uploads\/2026\/07\/articlemidilibrelozere.jpg 812w, https:\/\/usagers-transports.haut-allier.eu\/wp-content\/uploads\/2026\/07\/articlemidilibrelozere-300x243.jpg 300w, https:\/\/usagers-transports.haut-allier.eu\/wp-content\/uploads\/2026\/07\/articlemidilibrelozere-768x621.jpg 768w\" sizes=\"auto, (max-width: 812px) 100vw, 812px\" \/><p>&nbsp;<\/p>\n\n\t<figure class=\"wp-block-gallery columns-1 is-cropped wp-block-gallery-1 is-layout-flex wp-block-gallery-is-layout-flex\">\n\t\t<ul class=\"blocks-gallery-grid\">\n\t\t\t<li class=\"blocks-gallery-item\">\n\t\t\t\t<figure>\n\t\t\t\t\t\t\t\t\t\t\t<img loading=\"lazy\" decoding=\"async\" width=\"1068\" height=\"623\" src=\"http:\/\/5.45.101.177\/haut-allier\/usagers-transportse\/wp-content\/uploads\/2026\/07\/logo-usagers-transports-haut-allier-cp-28juillet2026.jpg\"\n\t\t\t\t\t\t alt=\"logo-usagers-transports-haut-allier-cp-28juillet2026.jpg\"\n\t\t\t\t\t\t data-id=\"5945\"\n\t\t\t\t\t\t data-full-url=\"http:\/\/5.45.101.177\/haut-allier\/usagers-transportse\/wp-content\/uploads\/2026\/07\/logo-usagers-transports-haut-allier-cp-28juillet2026.jpg\"\n\t\t\t\t\t\t data-link=\"http:\/\/5.45.101.177\/haut-allier\/usagers-transportse\/attachment-logo-usagers-transports-haut-allier-cp-28juillet2026-jpg\/\"\n\t\t\t\t\t\t class=\"wp-image-5945\" srcset=\"https:\/\/usagers-transports.haut-allier.eu\/wp-content\/uploads\/2026\/07\/logo-usagers-transports-haut-allier-cp-28juillet2026.jpg 1068w, https:\/\/usagers-transports.haut-allier.eu\/wp-content\/uploads\/2026\/07\/logo-usagers-transports-haut-allier-cp-28juillet2026-300x175.jpg 300w, https:\/\/usagers-transports.haut-allier.eu\/wp-content\/uploads\/2026\/07\/logo-usagers-transports-haut-allier-cp-28juillet2026-1024x597.jpg 1024w, https:\/\/usagers-transports.haut-allier.eu\/wp-content\/uploads\/2026\/07\/logo-usagers-transports-haut-allier-cp-28juillet2026-768x448.jpg 768w\" sizes=\"auto, (max-width: 1068px) 100vw, 1068px\" \/>\n\t\t\t\t<\/figure>\n\t\t\t<\/li>\n\t\t<\/ul>\n\t<\/figure>\n","protected":false},"excerpt":{"rendered":"<p>A la suite des incendies et puis de coul\u00e9es de boue apparues vers le 17 juillet sur la<\/p>\n","protected":false},"author":2,"featured_media":5929,"comment_status":"open","ping_status":"open","sticky":false,"template":"","format":"standard","meta":{"footnotes":""},"categories":[3],"tags":[],"class_list":["post-1292","post","type-post","status-publish","format-standard","has-post-thumbnail","hentry","category-en-train"],"_links":{"self":[{"href":"https:\/\/usagers-transports.haut-allier.eu\/index.php\/wp-json\/wp\/v2\/posts\/1292","targetHints":{"allow":["GET"]}}],"collection":[{"href":"https:\/\/usagers-transports.haut-allier.eu\/index.php\/wp-json\/wp\/v2\/posts"}],"about":[{"href":"https:\/\/usagers-transports.haut-allier.eu\/index.php\/wp-json\/wp\/v2\/types\/post"}],"author":[{"embeddable":true,"href":"https:\/\/usagers-transports.haut-allier.eu\/index.php\/wp-json\/wp\/v2\/users\/2"}],"replies":[{"embeddable":true,"href":"https:\/\/usagers-transports.haut-allier.eu\/index.php\/wp-json\/wp\/v2\/comments?post=1292"}],"version-history":[{"count":1,"href":"https:\/\/usagers-transports.haut-allier.eu\/index.php\/wp-json\/wp\/v2\/posts\/1292\/revisions"}],"predecessor-version":[{"id":5946,"href":"https:\/\/usagers-transports.haut-allier.eu\/index.php\/wp-json\/wp\/v2\/posts\/1292\/revisions\/5946"}],"wp:featuredmedia":[{"embeddable":true,"href":"https:\/\/usagers-transports.haut-allier.eu\/index.php\/wp-json\/wp\/v2\/media\/5929"}],"wp:attachment":[{"href":"https:\/\/usagers-transports.haut-allier.eu\/index.php\/wp-json\/wp\/v2\/media?parent=1292"}],"wp:term":[{"taxonomy":"category","embeddable":true,"href":"https:\/\/usagers-transports.haut-allier.eu\/index.php\/wp-json\/wp\/v2\/categories?post=1292"},{"taxonomy":"post_tag","embeddable":true,"href":"https:\/\/usagers-transports.haut-allier.eu\/index.php\/wp-json\/wp\/v2\/tags?post=1292"}],"curies":[{"name":"wp","href":"https:\/\/api.w.org\/{rel}","templated":true}]}}